{"id":29968,"date":"2018-12-29T13:13:07","date_gmt":"2018-12-29T10:13:07","guid":{"rendered":"http:\/\/arantv.az\/?p=29968"},"modified":"2018-12-29T13:13:07","modified_gmt":"2018-12-29T10:13:07","slug":"cavid-qurbanov-az%c9%99rbaycan-v%c9%99-turkiy%c9%99-birg%c9%99-vaqon-istehsalina-baslaya-bil%c9%99r","status":"publish","type":"post","link":"https:\/\/arantv.az\/?p=29968","title":{"rendered":"Cavid Qurbanov: Az\u0259rbaycan v\u0259 T\u00fcrkiy\u0259 birg\u0259 vaqon istehsal\u0131na ba\u015flaya bil\u0259r"},"content":{"rendered":"<p>Az\u0259rbaycan v\u0259 T\u00fcrkiy\u0259 birg\u0259 vaqon istehsal\u0131na Sumqay\u0131t Texnologiyalar Park\u0131nda ba\u015flaya bil\u0259r.<\/p>\n<p><strong>ARANTV.AZ\u00a0<\/strong>x\u0259b\u0259r verir ki, bu bar\u0259d\u0259 \u201cAz\u0259rbaycan D\u0259mir Yollar\u0131\u201d QSC-nin s\u0259dri\u00a0<strong>Cavid Qurbanov\u00a0<\/strong>jurnalistl\u0259r\u0259 a\u00e7\u0131qlamas\u0131nda deyib.<\/p>\n<p>O bildirib ki, Az\u0259rbaycan v\u0259 T\u00fcrkiy\u0259 Bak\u0131-Tbilisi-Qars d\u0259mir yolunda istifad\u0259 olunacaq yeni n\u00f6v vaqonlar\u0131n istehsal\u0131na ba\u015flama\u011f\u0131 planla\u015fd\u0131r\u0131r.<\/p>\n<p>Bununla ba\u011fl\u0131 Az\u0259rbaycan Prezidentinin m\u00fcsb\u0259t r\u0259yi olduqdan sonra Sumqay\u0131t Texnologiyalar Park\u0131nda birg\u0259 vaqon istehsal\u0131na ba\u015flamaq m\u00fcmk\u00fcnd\u00fcr.<\/p>\n<p>Cavid Qurbanovun s\u00f6zl\u0259rin\u0259 g\u00f6r\u0259, yeni n\u00f6v vaqonlar Avropa standartl\u0131 vaqonlar olacaq.<\/p>\n<p>oxu.az<\/p>\n","protected":false},"excerpt":{"rendered":"<p>Az\u0259rbaycan v\u0259 T\u00fcrkiy\u0259 birg\u0259 vaqon istehsal\u0131na Sumqay\u0131t Texnologiyalar Park\u0131nda ba\u015flaya bil\u0259r. ARANTV.AZ\u00a0x\u0259b\u0259r verir ki, bu bar\u0259d\u0259 \u201cAz\u0259rbaycan D\u0259mir Yollar\u0131\u201d QSC-nin s\u0259dri\u00a0Cavid Qurbanov\u00a0jurnalistl\u0259r\u0259 a\u00e7\u0131qlamas\u0131nda deyib. O bildirib ki, Az\u0259rbaycan v\u0259 T\u00fcrkiy\u0259 Bak\u0131-Tbilisi-Qars d\u0259mir yolunda istifad\u0259 olunacaq yeni n\u00f6v vaqonlar\u0131n istehsal\u0131na ba\u015flama\u011f\u0131 planla\u015fd\u0131r\u0131r. Bununla ba\u011fl\u0131 Az\u0259rbaycan Prezidentinin m\u00fcsb\u0259t r\u0259yi olduqdan sonra Sumqay\u0131t Texnologiyalar Park\u0131nda birg\u0259 vaqon istehsal\u0131na ba\u015flamaq m\u00fcmk\u00fcnd\u00fcr. Cavid Qurbanovun s\u00f6zl\u0259rin\u0259 g\u00f6r\u0259, yeni n\u00f6v vaqonlar Avropa standartl\u0131 vaqonlar olacaq. oxu.az<\/p>\n","protected":false},"author":2,"featured_media":29969,"comment_status":"closed","ping_status":"closed","sticky":false,"template":"","format":"standard","meta":{"om_disable_all_campaigns":false,"_monsterinsights_skip_tracking":false,"_monsterinsights_sitenote_active":false,"_monsterinsights_sitenote_note":"","_monsterinsights_sitenote_category":0},"categories":[19],"tags":[],"aioseo_notices":[],"gutentor_comment":0,"rttpg_featured_image_url":{"full":["https:\/\/arantv.az\/wp-content\/uploads\/2018\/12\/1435585304235794173_1000x669.jpg",620,413,false],"landscape":["https:\/\/arantv.az\/wp-content\/uploads\/2018\/12\/1435585304235794173_1000x669.jpg",620,413,false],"portraits":["https:\/\/arantv.az\/wp-content\/uploads\/2018\/12\/1435585304235794173_1000x669.jpg",620,413,false],"thumbnail":["https:\/\/arantv.az\/wp-content\/uploads\/2018\/12\/1435585304235794173_1000x669-150x150.jpg",150,150,true],"medium":["https:\/\/arantv.az\/wp-content\/uploads\/2018\/12\/1435585304235794173_1000x669-300x200.jpg",300,200,true],"large":["https:\/\/arantv.az\/wp-content\/uploads\/2018\/12\/1435585304235794173_1000x669.jpg",620,413,false],"1536x1536":["https:\/\/arantv.az\/wp-content\/uploads\/2018\/12\/1435585304235794173_1000x669.jpg",620,413,false],"2048x2048":["https:\/\/arantv.az\/wp-content\/uploads\/2018\/12\/1435585304235794173_1000x669.jpg",620,413,false],"post-thumbnail":["https:\/\/arantv.az\/wp-content\/uploads\/2018\/12\/1435585304235794173_1000x669-240x172.jpg",240,172,true],"advps-thumb-one":["https:\/\/arantv.az\/wp-content\/uploads\/2018\/12\/1435585304235794173_1000x669.jpg",620,413,false]},"rttpg_author":{"display_name":"V\u00fcsal Rafiqo\u011flu","author_link":"https:\/\/arantv.az\/?author=2"},"rttpg_comment":0,"rttpg_category":"<a href=\"https:\/\/arantv.az\/?cat=19\" rel=\"category\">G\u00fcnd\u0259m<\/a>","rttpg_excerpt":"Az\u0259rbaycan v\u0259 T\u00fcrkiy\u0259 birg\u0259 vaqon istehsal\u0131na Sumqay\u0131t Texnologiyalar Park\u0131nda ba\u015flaya bil\u0259r. ARANTV.AZ\u00a0x\u0259b\u0259r verir ki, bu bar\u0259d\u0259 \u201cAz\u0259rbaycan D\u0259mir Yollar\u0131\u201d QSC-nin s\u0259dri\u00a0Cavid Qurbanov\u00a0jurnalistl\u0259r\u0259 a\u00e7\u0131qlamas\u0131nda deyib. O bildirib ki, Az\u0259rbaycan v\u0259 T\u00fcrkiy\u0259 Bak\u0131-Tbilisi-Qars d\u0259mir yolunda istifad\u0259 olunacaq yeni n\u00f6v vaqonlar\u0131n istehsal\u0131na ba\u015flama\u011f\u0131 planla\u015fd\u0131r\u0131r. Bununla ba\u011fl\u0131 Az\u0259rbaycan Prezidentinin m\u00fcsb\u0259t r\u0259yi olduqdan sonra Sumqay\u0131t Texnologiyalar Park\u0131nda birg\u0259 vaqon istehsal\u0131na&hellip;","_links":{"self":[{"href":"https:\/\/arantv.az\/index.php?rest_route=\/wp\/v2\/posts\/29968"}],"collection":[{"href":"https:\/\/arantv.az\/index.php?rest_route=\/wp\/v2\/posts"}],"about":[{"href":"https:\/\/arantv.az\/index.php?rest_route=\/wp\/v2\/types\/post"}],"author":[{"embeddable":true,"href":"https:\/\/arantv.az\/index.php?rest_route=\/wp\/v2\/users\/2"}],"replies":[{"embeddable":true,"href":"https:\/\/arantv.az\/index.php?rest_route=%2Fwp%2Fv2%2Fcomments&post=29968"}],"version-history":[{"count":0,"href":"https:\/\/arantv.az\/index.php?rest_route=\/wp\/v2\/posts\/29968\/revisions"}],"wp:featuredmedia":[{"embeddable":true,"href":"https:\/\/arantv.az\/index.php?rest_route=\/wp\/v2\/media\/29969"}],"wp:attachment":[{"href":"https:\/\/arantv.az\/index.php?rest_route=%2Fwp%2Fv2%2Fmedia&parent=29968"}],"wp:term":[{"taxonomy":"category","embeddable":true,"href":"https:\/\/arantv.az\/index.php?rest_route=%2Fwp%2Fv2%2Fcategories&post=29968"},{"taxonomy":"post_tag","embeddable":true,"href":"https:\/\/arantv.az\/index.php?rest_route=%2Fwp%2Fv2%2Ftags&post=29968"}],"curies":[{"name":"wp","href":"https:\/\/api.w.org\/{rel}","templated":true}]}}