{"id":29971,"date":"2018-12-29T13:15:27","date_gmt":"2018-12-29T10:15:27","guid":{"rendered":"http:\/\/arantv.az\/?p=29971"},"modified":"2018-12-29T13:15:27","modified_gmt":"2018-12-29T10:15:27","slug":"bakidan-turkiy%c9%99y%c9%99-ged%c9%99c%c9%99k-qatarin-tarixi-aciqlandi","status":"publish","type":"post","link":"https:\/\/arantv.az\/?p=29971","title":{"rendered":"Bak\u0131dan T\u00fcrkiy\u0259y\u0259 ged\u0259c\u0259k qatar\u0131n tarixi a\u00e7\u0131qland\u0131"},"content":{"rendered":"<p><strong>G\u0259l\u0259n il Bak\u0131-Tbilisi-Qars istiqam\u0259tind\u0259 s\u0259rni\u015fin qatar\u0131 istifad\u0259y\u0259 veril\u0259c\u0259k.\u00a0<\/strong><\/p>\n<p><strong>ARANTV.AZ<\/strong> qafqazinfo-ya istinad\u0259n\u00a0x\u0259b\u0259r verir ki, bu bar\u0259d\u0259 m\u0259lumat\u0131 Az\u0259rbaycan D\u0259miryollar\u0131 QSC-nin s\u0259dri Cavid Qurbanov jurnalistl\u0259r\u0259 a\u00e7\u0131qlamas\u0131nda verib. S\u0259dr bildirib ki, haz\u0131rda vaqonlar\u0131n haz\u0131rlanmas\u0131 gecikir:<\/p>\n<p>&#8220;Ona g\u00f6r\u0259 d\u0259 biz bunu a\u00e7a bilmirik. Fevral\u0131n sonu, martda qatarlar t\u0259hvil veril\u0259c\u0259k. Veril\u0259n kimi d\u0259 qatar i\u015f\u0259 sal\u0131nacaq&#8221;.<\/p>\n","protected":false},"excerpt":{"rendered":"<p>G\u0259l\u0259n il Bak\u0131-Tbilisi-Qars istiqam\u0259tind\u0259 s\u0259rni\u015fin qatar\u0131 istifad\u0259y\u0259 veril\u0259c\u0259k.\u00a0 ARANTV.AZ qafqazinfo-ya istinad\u0259n\u00a0x\u0259b\u0259r verir ki, bu bar\u0259d\u0259 m\u0259lumat\u0131 Az\u0259rbaycan D\u0259miryollar\u0131 QSC-nin s\u0259dri Cavid Qurbanov jurnalistl\u0259r\u0259 a\u00e7\u0131qlamas\u0131nda verib. S\u0259dr bildirib ki, haz\u0131rda vaqonlar\u0131n haz\u0131rlanmas\u0131 gecikir: &#8220;Ona g\u00f6r\u0259 d\u0259 biz bunu a\u00e7a bilmirik. Fevral\u0131n sonu, martda qatarlar t\u0259hvil veril\u0259c\u0259k. Veril\u0259n kimi d\u0259 qatar i\u015f\u0259 sal\u0131nacaq&#8221;.<\/p>\n","protected":false},"author":2,"featured_media":29972,"comment_status":"closed","ping_status":"closed","sticky":false,"template":"","format":"standard","meta":{"om_disable_all_campaigns":false,"_monsterinsights_skip_tracking":false,"_monsterinsights_sitenote_active":false,"_monsterinsights_sitenote_note":"","_monsterinsights_sitenote_category":0},"categories":[1],"tags":[],"aioseo_notices":[],"gutentor_comment":0,"rttpg_featured_image_url":{"full":["https:\/\/arantv.az\/wp-content\/uploads\/2018\/12\/716967.jpg",637,400,false],"landscape":["https:\/\/arantv.az\/wp-content\/uploads\/2018\/12\/716967.jpg",637,400,false],"portraits":["https:\/\/arantv.az\/wp-content\/uploads\/2018\/12\/716967.jpg",637,400,false],"thumbnail":["https:\/\/arantv.az\/wp-content\/uploads\/2018\/12\/716967-150x150.jpg",150,150,true],"medium":["https:\/\/arantv.az\/wp-content\/uploads\/2018\/12\/716967-300x188.jpg",300,188,true],"large":["https:\/\/arantv.az\/wp-content\/uploads\/2018\/12\/716967.jpg",637,400,false],"1536x1536":["https:\/\/arantv.az\/wp-content\/uploads\/2018\/12\/716967.jpg",637,400,false],"2048x2048":["https:\/\/arantv.az\/wp-content\/uploads\/2018\/12\/716967.jpg",637,400,false],"post-thumbnail":["https:\/\/arantv.az\/wp-content\/uploads\/2018\/12\/716967-240x172.jpg",240,172,true],"advps-thumb-one":["https:\/\/arantv.az\/wp-content\/uploads\/2018\/12\/716967.jpg",637,400,false]},"rttpg_author":{"display_name":"V\u00fcsal Rafiqo\u011flu","author_link":"https:\/\/arantv.az\/?author=2"},"rttpg_comment":0,"rttpg_category":"<a href=\"https:\/\/arantv.az\/?cat=1\" rel=\"category\">C\u0259miyy\u0259t<\/a>","rttpg_excerpt":"G\u0259l\u0259n il Bak\u0131-Tbilisi-Qars istiqam\u0259tind\u0259 s\u0259rni\u015fin qatar\u0131 istifad\u0259y\u0259 veril\u0259c\u0259k.\u00a0 ARANTV.AZ qafqazinfo-ya istinad\u0259n\u00a0x\u0259b\u0259r verir ki, bu bar\u0259d\u0259 m\u0259lumat\u0131 Az\u0259rbaycan D\u0259miryollar\u0131 QSC-nin s\u0259dri Cavid Qurbanov jurnalistl\u0259r\u0259 a\u00e7\u0131qlamas\u0131nda verib. S\u0259dr bildirib ki, haz\u0131rda vaqonlar\u0131n haz\u0131rlanmas\u0131 gecikir: &#8220;Ona g\u00f6r\u0259 d\u0259 biz bunu a\u00e7a bilmirik. Fevral\u0131n sonu, martda qatarlar t\u0259hvil veril\u0259c\u0259k. Veril\u0259n kimi d\u0259 qatar i\u015f\u0259 sal\u0131nacaq&#8221;.","_links":{"self":[{"href":"https:\/\/arantv.az\/index.php?rest_route=\/wp\/v2\/posts\/29971"}],"collection":[{"href":"https:\/\/arantv.az\/index.php?rest_route=\/wp\/v2\/posts"}],"about":[{"href":"https:\/\/arantv.az\/index.php?rest_route=\/wp\/v2\/types\/post"}],"author":[{"embeddable":true,"href":"https:\/\/arantv.az\/index.php?rest_route=\/wp\/v2\/users\/2"}],"replies":[{"embeddable":true,"href":"https:\/\/arantv.az\/index.php?rest_route=%2Fwp%2Fv2%2Fcomments&post=29971"}],"version-history":[{"count":0,"href":"https:\/\/arantv.az\/index.php?rest_route=\/wp\/v2\/posts\/29971\/revisions"}],"wp:featuredmedia":[{"embeddable":true,"href":"https:\/\/arantv.az\/index.php?rest_route=\/wp\/v2\/media\/29972"}],"wp:attachment":[{"href":"https:\/\/arantv.az\/index.php?rest_route=%2Fwp%2Fv2%2Fmedia&parent=29971"}],"wp:term":[{"taxonomy":"category","embeddable":true,"href":"https:\/\/arantv.az\/index.php?rest_route=%2Fwp%2Fv2%2Fcategories&post=29971"},{"taxonomy":"post_tag","embeddable":true,"href":"https:\/\/arantv.az\/index.php?rest_route=%2Fwp%2Fv2%2Ftags&post=29971"}],"curies":[{"name":"wp","href":"https:\/\/api.w.org\/{rel}","templated":true}]}}