{"id":29984,"date":"2018-12-29T14:28:05","date_gmt":"2018-12-29T11:28:05","guid":{"rendered":"http:\/\/arantv.az\/?p=29984"},"modified":"2018-12-29T14:28:05","modified_gmt":"2018-12-29T11:28:05","slug":"zakir-h%c9%99s%c9%99nov-olk%c9%99mizin-mudafi%c9%99-qudr%c9%99ti-gund%c9%99n-gun%c9%99-artmaqdadir","status":"publish","type":"post","link":"https:\/\/arantv.az\/?p=29984","title":{"rendered":"Zakir H\u0259s\u0259nov: \u00d6lk\u0259mizin m\u00fcdafi\u0259 q\u00fcdr\u0259ti g\u00fcnd\u0259n-g\u00fcn\u0259 artmaqdad\u0131r"},"content":{"rendered":"<p>Az\u0259rbaycan\u0131n m\u00fcdafi\u0259 naziri general-polkovnik\u00a0<strong>Zakir H\u0259s\u0259nov<\/strong>\u00a0D\u00fcnya Az\u0259rbaycanl\u0131lar\u0131n\u0131n H\u0259mr\u0259yliyi G\u00fcn\u00fc v\u0259 Yeni il bayram\u0131 m\u00fcnasib\u0259til\u0259 Az\u0259rbaycan Ordusunun \u015f\u0259xsi hey\u0259tini t\u0259brik edib.<\/p>\n<p><strong>ARANTV.AZ\u00a0<\/strong>x\u0259b\u0259r verir ki, t\u0259brikd\u0259 deyilir:<\/p>\n<p>\u201cC\u0259nab zabitl\u0259r, yolda\u015f gizirl\u0259r, mi\u00e7manlar, kursantlar, \u00e7avu\u015flar, \u0259sg\u0259rl\u0259r, matroslar v\u0259 m\u00fclki \u0259m\u0259kda\u015flar!<\/p>\n<p>Sizi D\u00fcnya Az\u0259rbaycanl\u0131lar\u0131n\u0131n H\u0259mr\u0259yliyi G\u00fcn\u00fc v\u0259 Yeni il bayram\u0131 m\u00fcnasib\u0259til\u0259 t\u0259brik edir, Az\u0259rbaycan\u0131m\u0131z\u0131n d\u00f6vl\u0259t m\u00fcst\u0259qilliyinin qorunmas\u0131 v\u0259 \u0259razi b\u00fct\u00f6vl\u00fcy\u00fcn\u00fcn t\u0259min edilm\u0259si namin\u0259 \u00e7\u0259tin v\u0259 \u015f\u0259r\u0259fli xidm\u0259tinizd\u0259 h\u0259r biriniz\u0259 u\u011furlar arzulay\u0131ram.<\/p>\n<p>\u00dcmummilli lider\u00a0<strong>Heyd\u0259r \u018fliyev<\/strong>in q\u0259tiyy\u0259tli add\u0131mlar\u0131 v\u0259 uzaqg\u00f6r\u0259nliyi say\u0259sind\u0259 m\u00fcasir, m\u00fcst\u0259qil Az\u0259rbaycan d\u00f6vl\u0259tinin qurulmas\u0131 il\u0259 xalq\u0131m\u0131z\u0131n milli \u00f6z\u00fcn\u00fcd\u0259rkinin daha da g\u00fccl\u0259nm\u0259sin\u0259 m\u00f6hk\u0259m z\u0259min yarand\u0131, d\u00fcnyada ya\u015fayan soyda\u015flar\u0131m\u0131z\u0131n h\u0259mr\u0259yliyi t\u0259min edildi.<\/p>\n<p>Ulu \u00d6nd\u0259rin daxili v\u0259 xarici siyas\u0259tini m\u00fcv\u0259ff\u0259qiyy\u0259tl\u0259 davam etdir\u0259n Az\u0259rbaycan Prezidenti c\u0259nab\u00a0<strong>\u0130lham \u018fliyev<\/strong>in u\u011furlu f\u0259aliyy\u0259ti n\u0259tic\u0259sind\u0259 d\u0259, d\u00f6vl\u0259t\u00e7iliyimizin iqtisadi v\u0259 siyasi dayaqlar\u0131 daha da m\u00f6hk\u0259ml\u0259nib, demokratik d\u00f6vl\u0259t quruculu\u011fu prosesind\u0259 b\u00f6y\u00fck nailiyy\u0259tl\u0259r \u0259ld\u0259 edilib. \u00d6lk\u0259mizin m\u00fcdafi\u0259 q\u00fcdr\u0259ti d\u0259 g\u00fcnd\u0259n-g\u00fcn\u0259 artmaqdad\u0131r. M\u00fcasir ordu quruculu\u011fu prosesi u\u011furla davam etdirilir. Ordumuzun maddi-texniki t\u0259minat\u0131 v\u0259 d\u00f6y\u00fc\u015f qabiliyy\u0259ti \u0259n y\u00fcks\u0259k s\u0259viyy\u0259d\u0259dir.<\/p>\n<p>Bu inaml\u0131 f\u0259aliyy\u0259tl\u0259rin m\u0259ntiqi n\u0259tic\u0259si olaraq iki il \u00f6nc\u0259 A\u011fd\u0259r\u0259, F\u00fczuli, C\u0259bray\u0131l istiqam\u0259tl\u0259rind\u0259 v\u0259 cari ilin may ay\u0131nda Nax\u00e7\u0131vanda Az\u0259rbaycan Ordusunun h\u0259yata ke\u00e7irdiyi \u0259ks-h\u0259ml\u0259 \u0259m\u0259liyyatlar\u0131 say\u0259sind\u0259 torpaqlar\u0131m\u0131z\u0131n bir hiss\u0259si v\u0259 strateji \u0259h\u0259miyy\u0259tli y\u00fcks\u0259klikl\u0259r i\u015f\u011faldan azad olundu. H\u0259min y\u00fcks\u0259klikl\u0259rd\u0259 Az\u0259rbaycan bayra\u011f\u0131 dal\u011falan\u0131r. \u0130rimiqyasl\u0131 t\u0259liml\u0259rd\u0259 pe\u015f\u0259karl\u0131\u011f\u0131, d\u00f6y\u00fc\u015f bacar\u0131\u011f\u0131 artan \u015f\u0259xsi hey\u0259t V\u0259t\u0259n qar\u015f\u0131s\u0131nda v\u0259zif\u0259 borcunu \u015f\u0259r\u0259fl\u0259 v\u0259 vicdanla yerin\u0259 yetirir.<\/p>\n<p>2018-ci il xalq\u0131m\u0131z\u0131n v\u0259 ordumuzun \u015f\u0259xsi hey\u0259tinin yadda\u015f\u0131nda \u0259lam\u0259tdar tarixi hadis\u0259l\u0259rl\u0259 qald\u0131. Az\u0259rbaycan Ordusunun yarad\u0131lmas\u0131n\u0131n v\u0259 Bak\u0131n\u0131n i\u015f\u011faldan azad edilm\u0259sinin 100 illiyi il\u0259 \u0259laq\u0259dar ke\u00e7iril\u0259n m\u00f6ht\u0259\u015f\u0259m paradlar \u00f6lk\u0259mizin m\u00fcdafi\u0259 qabiliyy\u0259tinin g\u00fcc\u00fc kimi izl\u0259nildi.<\/p>\n<p>Bu g\u00fcn d\u00fcnya az\u0259rbaycanl\u0131lar\u0131n\u0131n da Ordumuza sevgisi v\u0259 inam\u0131 y\u00fcks\u0259kdir, ordu-c\u0259miyy\u0259t \u0259laq\u0259l\u0259ri daha da m\u00f6hk\u0259ml\u0259nib. \u015e\u0259hid ail\u0259l\u0259ri, m\u00fcharib\u0259 veteranlar\u0131 v\u0259 \u0259lill\u0259ri, el\u0259c\u0259 d\u0259, h\u0259r bir h\u0259rbi qulluq\u00e7u Az\u0259rbaycan Prezidentinin diqq\u0259t v\u0259 qay\u011f\u0131s\u0131 il\u0259 \u0259hat\u0259 olunub.<\/p>\n<p>\u018fminlikl\u0259 bildirir\u0259m ki, Az\u0259rbaycan Respublikas\u0131n\u0131n Konstitusiyas\u0131na, H\u0259rbi anda v\u0259 nizamnam\u0259l\u0259r\u0259 daim sadiq qalaraq, d\u00f6y\u00fc\u015f v\u0259 m\u0259n\u0259vi-psixoloji haz\u0131rl\u0131\u011f\u0131n\u0131z\u0131 g\u00fccl\u0259ndir\u0259c\u0259k, yeni q\u0259l\u0259b\u0259l\u0259r \u0259ld\u0259 etm\u0259k \u00fc\u00e7\u00fcn s\u0259y v\u0259 bacar\u0131qlar\u0131n\u0131z\u0131 daha da art\u0131racaqs\u0131n\u0131z.<\/p>\n<p>\u018flam\u0259tdar bayram g\u00fcn\u00fcnd\u0259 Az\u0259rbaycan\u0131n suverenliyi, m\u00fcst\u0259qilliyi v\u0259 \u0259razi b\u00fct\u00f6vl\u00fcy\u00fc u\u011frunda \u015f\u0259hid olanlar\u0131n \u0259ziz xatir\u0259sini h\u00f6rm\u0259tl\u0259 yad edir, m\u00fcq\u0259dd\u0259s amal namin\u0259 sa\u011flaml\u0131\u011f\u0131n\u0131 itirmi\u015f h\u0259rb\u00e7il\u0259rimiz\u0259, onlar\u0131n ail\u0259 \u00fczvl\u0259rin\u0259, h\u00f6rm\u0259tli veteranlar\u0131m\u0131za s\u0259mimi t\u0259brikl\u0259rimi v\u0259 \u0259n xo\u015f arzular\u0131m\u0131 \u00e7atd\u0131r\u0131ram.<\/p>\n<p>Bir daha 31 Dekabr &#8211; D\u00fcnya Az\u0259rbaycanl\u0131lar\u0131n\u0131n H\u0259mr\u0259yliyi G\u00fcn\u00fc v\u0259 Yeni il bayram\u0131 m\u00fcnasib\u0259til\u0259 h\u0259r birinizi \u00fcr\u0259kd\u0259n t\u0259brik edir, Siz\u0259 m\u00f6hk\u0259m cansa\u011fl\u0131\u011f\u0131, uzun \u00f6m\u00fcr, ail\u0259 s\u0259ad\u0259ti, xidm\u0259tinizd\u0259 u\u011furlar arzulay\u0131ram\u201d.oxu.az<\/p>\n","protected":false},"excerpt":{"rendered":"<p>Az\u0259rbaycan\u0131n m\u00fcdafi\u0259 naziri general-polkovnik\u00a0Zakir H\u0259s\u0259nov\u00a0D\u00fcnya Az\u0259rbaycanl\u0131lar\u0131n\u0131n H\u0259mr\u0259yliyi G\u00fcn\u00fc v\u0259 Yeni il bayram\u0131 m\u00fcnasib\u0259til\u0259 Az\u0259rbaycan Ordusunun \u015f\u0259xsi hey\u0259tini t\u0259brik edib. ARANTV.AZ\u00a0x\u0259b\u0259r verir ki, t\u0259brikd\u0259 deyilir: \u201cC\u0259nab zabitl\u0259r, yolda\u015f gizirl\u0259r, mi\u00e7manlar, kursantlar, \u00e7avu\u015flar, \u0259sg\u0259rl\u0259r, matroslar v\u0259 m\u00fclki \u0259m\u0259kda\u015flar! Sizi D\u00fcnya Az\u0259rbaycanl\u0131lar\u0131n\u0131n H\u0259mr\u0259yliyi G\u00fcn\u00fc v\u0259 Yeni il bayram\u0131 m\u00fcnasib\u0259til\u0259 t\u0259brik edir, Az\u0259rbaycan\u0131m\u0131z\u0131n d\u00f6vl\u0259t m\u00fcst\u0259qilliyinin qorunmas\u0131 v\u0259 \u0259razi b\u00fct\u00f6vl\u00fcy\u00fcn\u00fcn t\u0259min edilm\u0259si namin\u0259 \u00e7\u0259tin v\u0259 \u015f\u0259r\u0259fli xidm\u0259tinizd\u0259 h\u0259r biriniz\u0259 u\u011furlar arzulay\u0131ram. \u00dcmummilli lider\u00a0Heyd\u0259r \u018fliyevin q\u0259tiyy\u0259tli add\u0131mlar\u0131 v\u0259 uzaqg\u00f6r\u0259nliyi say\u0259sind\u0259 m\u00fcasir, m\u00fcst\u0259qil Az\u0259rbaycan d\u00f6vl\u0259tinin qurulmas\u0131 il\u0259 xalq\u0131m\u0131z\u0131n milli \u00f6z\u00fcn\u00fcd\u0259rkinin daha da g\u00fccl\u0259nm\u0259sin\u0259 m\u00f6hk\u0259m z\u0259min yarand\u0131, d\u00fcnyada&hellip;<\/p>\n","protected":false},"author":2,"featured_media":29985,"comment_status":"closed","ping_status":"closed","sticky":false,"template":"","format":"standard","meta":{"om_disable_all_campaigns":false,"_monsterinsights_skip_tracking":false,"_monsterinsights_sitenote_active":false,"_monsterinsights_sitenote_note":"","_monsterinsights_sitenote_category":0},"categories":[19],"tags":[],"aioseo_notices":[],"gutentor_comment":0,"rttpg_featured_image_url":{"full":["https:\/\/arantv.az\/wp-content\/uploads\/2018\/12\/zakir.jpg",620,457,false],"landscape":["https:\/\/arantv.az\/wp-content\/uploads\/2018\/12\/zakir.jpg",620,457,false],"portraits":["https:\/\/arantv.az\/wp-content\/uploads\/2018\/12\/zakir.jpg",620,457,false],"thumbnail":["https:\/\/arantv.az\/wp-content\/uploads\/2018\/12\/zakir-150x150.jpg",150,150,true],"medium":["https:\/\/arantv.az\/wp-content\/uploads\/2018\/12\/zakir-300x221.jpg",300,221,true],"large":["https:\/\/arantv.az\/wp-content\/uploads\/2018\/12\/zakir.jpg",620,457,false],"1536x1536":["https:\/\/arantv.az\/wp-content\/uploads\/2018\/12\/zakir.jpg",620,457,false],"2048x2048":["https:\/\/arantv.az\/wp-content\/uploads\/2018\/12\/zakir.jpg",620,457,false],"post-thumbnail":["https:\/\/arantv.az\/wp-content\/uploads\/2018\/12\/zakir-240x172.jpg",240,172,true],"advps-thumb-one":["https:\/\/arantv.az\/wp-content\/uploads\/2018\/12\/zakir.jpg",620,457,false]},"rttpg_author":{"display_name":"V\u00fcsal Rafiqo\u011flu","author_link":"https:\/\/arantv.az\/?author=2"},"rttpg_comment":0,"rttpg_category":"<a href=\"https:\/\/arantv.az\/?cat=19\" rel=\"category\">G\u00fcnd\u0259m<\/a>","rttpg_excerpt":"Az\u0259rbaycan\u0131n m\u00fcdafi\u0259 naziri general-polkovnik\u00a0Zakir H\u0259s\u0259nov\u00a0D\u00fcnya Az\u0259rbaycanl\u0131lar\u0131n\u0131n H\u0259mr\u0259yliyi G\u00fcn\u00fc v\u0259 Yeni il bayram\u0131 m\u00fcnasib\u0259til\u0259 Az\u0259rbaycan Ordusunun \u015f\u0259xsi hey\u0259tini t\u0259brik edib. ARANTV.AZ\u00a0x\u0259b\u0259r verir ki, t\u0259brikd\u0259 deyilir: \u201cC\u0259nab zabitl\u0259r, yolda\u015f gizirl\u0259r, mi\u00e7manlar, kursantlar, \u00e7avu\u015flar, \u0259sg\u0259rl\u0259r, matroslar v\u0259 m\u00fclki \u0259m\u0259kda\u015flar! Sizi D\u00fcnya Az\u0259rbaycanl\u0131lar\u0131n\u0131n H\u0259mr\u0259yliyi G\u00fcn\u00fc v\u0259 Yeni il bayram\u0131 m\u00fcnasib\u0259til\u0259 t\u0259brik edir, Az\u0259rbaycan\u0131m\u0131z\u0131n d\u00f6vl\u0259t m\u00fcst\u0259qilliyinin qorunmas\u0131 v\u0259 \u0259razi b\u00fct\u00f6vl\u00fcy\u00fcn\u00fcn&hellip;","_links":{"self":[{"href":"https:\/\/arantv.az\/index.php?rest_route=\/wp\/v2\/posts\/29984"}],"collection":[{"href":"https:\/\/arantv.az\/index.php?rest_route=\/wp\/v2\/posts"}],"about":[{"href":"https:\/\/arantv.az\/index.php?rest_route=\/wp\/v2\/types\/post"}],"author":[{"embeddable":true,"href":"https:\/\/arantv.az\/index.php?rest_route=\/wp\/v2\/users\/2"}],"replies":[{"embeddable":true,"href":"https:\/\/arantv.az\/index.php?rest_route=%2Fwp%2Fv2%2Fcomments&post=29984"}],"version-history":[{"count":0,"href":"https:\/\/arantv.az\/index.php?rest_route=\/wp\/v2\/posts\/29984\/revisions"}],"wp:featuredmedia":[{"embeddable":true,"href":"https:\/\/arantv.az\/index.php?rest_route=\/wp\/v2\/media\/29985"}],"wp:attachment":[{"href":"https:\/\/arantv.az\/index.php?rest_route=%2Fwp%2Fv2%2Fmedia&parent=29984"}],"wp:term":[{"taxonomy":"category","embeddable":true,"href":"https:\/\/arantv.az\/index.php?rest_route=%2Fwp%2Fv2%2Fcategories&post=29984"},{"taxonomy":"post_tag","embeddable":true,"href":"https:\/\/arantv.az\/index.php?rest_route=%2Fwp%2Fv2%2Ftags&post=29984"}],"curies":[{"name":"wp","href":"https:\/\/api.w.org\/{rel}","templated":true}]}}