{"id":29990,"date":"2018-12-29T14:30:38","date_gmt":"2018-12-29T11:30:38","guid":{"rendered":"http:\/\/arantv.az\/?p=29990"},"modified":"2018-12-29T14:30:38","modified_gmt":"2018-12-29T11:30:38","slug":"az%c9%99rbaycanli-hamil%c9%99-qadin-qaz-sizmasindan-olub","status":"publish","type":"post","link":"https:\/\/arantv.az\/?p=29990","title":{"rendered":"Az\u0259rbaycanl\u0131 hamil\u0259 qad\u0131n qaz s\u0131zmas\u0131ndan \u00f6l\u00fcb"},"content":{"rendered":"<p>G\u00fcrc\u00fcstan\u0131n Marneuli rayonunun Kosal\u0131 k\u0259ndind\u0259 \u00f6l\u00fcm hadis\u0259si ba\u015f verib.<\/p>\n<p><b>ARANTV.AZ\u00a0<\/b> report-a istinad\u0259n x\u0259b\u0259r verir ki, k\u0259nd sakini az\u0259rbaycanl\u0131 qad\u0131n qaz s\u0131zmas\u0131 n\u0259tic\u0259sind\u0259 \u00f6l\u00fcb.<br \/>\n<ins><\/ins><\/p>\n<div>\n<p>&nbsp;<\/p>\n<\/div>\n<div id=\"beacon_51507f444a\"><img loading=\"lazy\" src=\"https:\/\/ads2.newmedia.az\/www\/delivery\/lg.php?bannerid=9697&amp;campaignid=1501&amp;zoneid=975&amp;loc=https%3A%2F%2Fbig.az%2F339309-azerbaycanli_hamile_qadin_qaz_sizmasindan_olub.html&amp;referer=https%3A%2F%2Fbig.az%2F&amp;cb=51507f444a\" alt=\"\" width=\"0\" height=\"0\" \/>Onun 5 ayl\u0131q hamil\u0259 oldu\u011fu bildirilir.<\/p>\n<p>Faktla ba\u011fl\u0131 \u00f6z\u00fcn\u00fc \u00f6ld\u00fcrm\u0259 h\u0259ddin\u0259 \u00e7atd\u0131rma madd\u0259si il\u0259 istintaq apar\u0131l\u0131r.<\/p><\/div>\n<p>&nbsp;<\/p>\n","protected":false},"excerpt":{"rendered":"<p>G\u00fcrc\u00fcstan\u0131n Marneuli rayonunun Kosal\u0131 k\u0259ndind\u0259 \u00f6l\u00fcm hadis\u0259si ba\u015f verib. ARANTV.AZ\u00a0 report-a istinad\u0259n x\u0259b\u0259r verir ki, k\u0259nd sakini az\u0259rbaycanl\u0131 qad\u0131n qaz s\u0131zmas\u0131 n\u0259tic\u0259sind\u0259 \u00f6l\u00fcb. &nbsp; Onun 5 ayl\u0131q hamil\u0259 oldu\u011fu bildirilir. Faktla ba\u011fl\u0131 \u00f6z\u00fcn\u00fc \u00f6ld\u00fcrm\u0259 h\u0259ddin\u0259 \u00e7atd\u0131rma madd\u0259si il\u0259 istintaq apar\u0131l\u0131r. &nbsp;<\/p>\n","protected":false},"author":2,"featured_media":29991,"comment_status":"closed","ping_status":"closed","sticky":false,"template":"","format":"standard","meta":{"om_disable_all_campaigns":false,"_monsterinsights_skip_tracking":false,"_monsterinsights_sitenote_active":false,"_monsterinsights_sitenote_note":"","_monsterinsights_sitenote_category":0},"categories":[5],"tags":[],"aioseo_notices":[],"gutentor_comment":0,"rttpg_featured_image_url":{"full":["https:\/\/arantv.az\/wp-content\/uploads\/2018\/12\/E27055D9-FAB5-4329-9BE4-6E6E72C8A7EE.jpe.jpg",358,266,false],"landscape":["https:\/\/arantv.az\/wp-content\/uploads\/2018\/12\/E27055D9-FAB5-4329-9BE4-6E6E72C8A7EE.jpe.jpg",358,266,false],"portraits":["https:\/\/arantv.az\/wp-content\/uploads\/2018\/12\/E27055D9-FAB5-4329-9BE4-6E6E72C8A7EE.jpe.jpg",358,266,false],"thumbnail":["https:\/\/arantv.az\/wp-content\/uploads\/2018\/12\/E27055D9-FAB5-4329-9BE4-6E6E72C8A7EE.jpe-150x150.jpg",150,150,true],"medium":["https:\/\/arantv.az\/wp-content\/uploads\/2018\/12\/E27055D9-FAB5-4329-9BE4-6E6E72C8A7EE.jpe-300x223.jpg",300,223,true],"large":["https:\/\/arantv.az\/wp-content\/uploads\/2018\/12\/E27055D9-FAB5-4329-9BE4-6E6E72C8A7EE.jpe.jpg",358,266,false],"1536x1536":["https:\/\/arantv.az\/wp-content\/uploads\/2018\/12\/E27055D9-FAB5-4329-9BE4-6E6E72C8A7EE.jpe.jpg",358,266,false],"2048x2048":["https:\/\/arantv.az\/wp-content\/uploads\/2018\/12\/E27055D9-FAB5-4329-9BE4-6E6E72C8A7EE.jpe.jpg",358,266,false],"post-thumbnail":["https:\/\/arantv.az\/wp-content\/uploads\/2018\/12\/E27055D9-FAB5-4329-9BE4-6E6E72C8A7EE.jpe-240x172.jpg",240,172,true],"advps-thumb-one":["https:\/\/arantv.az\/wp-content\/uploads\/2018\/12\/E27055D9-FAB5-4329-9BE4-6E6E72C8A7EE.jpe.jpg",358,266,false]},"rttpg_author":{"display_name":"V\u00fcsal Rafiqo\u011flu","author_link":"https:\/\/arantv.az\/?author=2"},"rttpg_comment":0,"rttpg_category":"<a href=\"https:\/\/arantv.az\/?cat=5\" rel=\"category\">Hadis\u0259<\/a>","rttpg_excerpt":"G\u00fcrc\u00fcstan\u0131n Marneuli rayonunun Kosal\u0131 k\u0259ndind\u0259 \u00f6l\u00fcm hadis\u0259si ba\u015f verib. ARANTV.AZ\u00a0 report-a istinad\u0259n x\u0259b\u0259r verir ki, k\u0259nd sakini az\u0259rbaycanl\u0131 qad\u0131n qaz s\u0131zmas\u0131 n\u0259tic\u0259sind\u0259 \u00f6l\u00fcb. &nbsp; Onun 5 ayl\u0131q hamil\u0259 oldu\u011fu bildirilir. Faktla ba\u011fl\u0131 \u00f6z\u00fcn\u00fc \u00f6ld\u00fcrm\u0259 h\u0259ddin\u0259 \u00e7atd\u0131rma madd\u0259si il\u0259 istintaq apar\u0131l\u0131r. &nbsp;","_links":{"self":[{"href":"https:\/\/arantv.az\/index.php?rest_route=\/wp\/v2\/posts\/29990"}],"collection":[{"href":"https:\/\/arantv.az\/index.php?rest_route=\/wp\/v2\/posts"}],"about":[{"href":"https:\/\/arantv.az\/index.php?rest_route=\/wp\/v2\/types\/post"}],"author":[{"embeddable":true,"href":"https:\/\/arantv.az\/index.php?rest_route=\/wp\/v2\/users\/2"}],"replies":[{"embeddable":true,"href":"https:\/\/arantv.az\/index.php?rest_route=%2Fwp%2Fv2%2Fcomments&post=29990"}],"version-history":[{"count":0,"href":"https:\/\/arantv.az\/index.php?rest_route=\/wp\/v2\/posts\/29990\/revisions"}],"wp:featuredmedia":[{"embeddable":true,"href":"https:\/\/arantv.az\/index.php?rest_route=\/wp\/v2\/media\/29991"}],"wp:attachment":[{"href":"https:\/\/arantv.az\/index.php?rest_route=%2Fwp%2Fv2%2Fmedia&parent=29990"}],"wp:term":[{"taxonomy":"category","embeddable":true,"href":"https:\/\/arantv.az\/index.php?rest_route=%2Fwp%2Fv2%2Fcategories&post=29990"},{"taxonomy":"post_tag","embeddable":true,"href":"https:\/\/arantv.az\/index.php?rest_route=%2Fwp%2Fv2%2Ftags&post=29990"}],"curies":[{"name":"wp","href":"https:\/\/api.w.org\/{rel}","templated":true}]}}