{"id":30024,"date":"2018-12-29T15:32:47","date_gmt":"2018-12-29T12:32:47","guid":{"rendered":"http:\/\/arantv.az\/?p=30024"},"modified":"2018-12-29T15:32:47","modified_gmt":"2018-12-29T12:32:47","slug":"%c9%99rdogan-putin-%c9%99laq%c9%99l%c9%99rind%c9%99-bakinin-rolu-ilin-hadis%c9%99l%c9%99ri","status":"publish","type":"post","link":"https:\/\/arantv.az\/?p=30024","title":{"rendered":"\u018frdo\u011fan-Putin \u0259laq\u0259l\u0259rind\u0259 Bak\u0131n\u0131n rolu&#8230; &#8211; \u0130lin hadis\u0259l\u0259ri"},"content":{"rendered":"<p><strong>ARANTV.AZ<\/strong>\u00a0 bildirir ki, Axar.az\u00a0f\u0259rqli \u00f6lk\u0259l\u0259rd\u0259n olan politoloq v\u0259 analitikl\u0259r &#8220;\u0130lin \u0259n \u0259h\u0259miyy\u0259tli v\u0259 \u0259n u\u011fursuz siyasi hadis\u0259l\u0259rl\u0259ri&#8221; haqda sor\u011fu \u00fcnvanlay\u0131b.<\/p>\n<p>Cavablar\u0131 t\u0259qdim edirik:<\/p>\n<p><strong>Rusiyal\u0131 politoloq, beyn\u0259lxalq m\u0259s\u0259l\u0259l\u0259r \u00fczr\u0259 ekspert, teleapar\u0131c\u0131 Yevgeni Mixaylov:<\/strong><\/p>\n<p>Fikrimc\u0259, ilin \u0259n \u0259h\u0259miyy\u0259tli siyasi hadis\u0259l\u0259rind\u0259n biri Rusiya v\u0259 T\u00fcrkiy\u0259 aras\u0131nda geni\u015fmiqyasl\u0131 iqtisadi v\u0259 siyasi m\u00fcnasib\u0259tl\u0259rin inki\u015faf\u0131d\u0131r. O c\u00fcml\u0259d\u0259n, Az\u0259rbaycanla Rusiya Federasiyas\u0131 aras\u0131nda qar\u015f\u0131l\u0131ql\u0131 g\u00f6r\u00fc\u015fl\u0259rin ke\u00e7irilm\u0259si, m\u00fcqavil\u0259l\u0259rin imzalanmas\u0131 da m\u00fch\u00fcm siyasi hadis\u0259 kimi qiym\u0259tl\u0259ndirilm\u0259lidir. \u00c7\u00fcnki Vladimir Putin v\u0259 \u0130lham \u018fliyev praktiki olaraq bir s\u0131ra d\u00fcnya \u0259h\u0259miyy\u0259tli m\u0259s\u0259l\u0259l\u0259rd\u0259 ortaq m\u0259xr\u0259c\u0259 g\u0259l\u0259 bilibl\u0259r. R\u0259smi Ankara il\u0259 Moskvan\u0131n \u0259laq\u0259l\u0259rinin inki\u015faf\u0131nda Bak\u0131n\u0131n rolu da \u0259v\u0259zedilm\u0259z oldu. Bunun say\u0259sind\u0259 Suriyada s\u00fclh\u00fcn b\u0259rq\u0259rar olmas\u0131 istiqam\u0259tind\u0259 ir\u0259lil\u0259yi\u015fl\u0259r\u0259 nail olundu. Bu, b\u0259lk\u0259 d\u0259 d\u00fcnyada bu il ba\u015f ver\u0259n \u0259n \u0259h\u0259miyy\u0259tli hadis\u0259dir. Regionda h\u0259rbi \u0259m\u0259kda\u015fl\u0131\u011f\u0131n intensivl\u0259\u015fm\u0259si v\u0259 ilk n\u00f6vb\u0259d\u0259 Moskvan\u0131n \u0130r\u0259van\u0131n s\u0259yl\u0259rin\u0259 baxmayaraq, Az\u0259rbaycan\u0131 KTMT-d\u0259 g\u00f6rm\u0259k ist\u0259yini d\u0259 qeyd etm\u0259k ist\u0259rdim.<\/p>\n<p>\u0130lin \u0259n u\u011fursuz hadis\u0259si is\u0259 \u0130r\u0259vandak\u0131 \u00e7evrili\u015f v\u0259 Nikol Pa\u015finyan\u0131n hakimiyy\u0259t\u0259 g\u0259lm\u0259sidir.<\/p>\n<p><strong>Az\u0259rbaycan Prezidenti Katibliyinin ke\u00e7mi\u015f r\u0259hb\u0259ri, prezidentin eks-k\u00f6m\u0259k\u00e7isi, politoloq Eldar Namazov:<\/strong><\/p>\n<p>\u0130lin \u0259n u\u011furlu siyasi hadis\u0259sin\u0259 misal kimi AB\u015e, Yaponiya v\u0259 Hindistan liderl\u0259rinin birg\u0259 sammit ke\u00e7irib h\u0259rbi-siyasi \u0259m\u0259kda\u015fl\u0131q haqq\u0131nda raz\u0131l\u0131\u011fa g\u0259lm\u0259sini g\u00f6st\u0259rm\u0259k olar. Haz\u0131rda d\u00fcnya siyas\u0259tind\u0259 t\u0259siri o q\u0259d\u0259r m\u00fc\u015fahid\u0259 olunmasa da, bu hadis\u0259 g\u0259l\u0259c\u0259k d\u00fcnya siyas\u0259tin\u0259 g\u00fccl\u00fc t\u0259sir g\u00f6st\u0259r\u0259c\u0259k. Bu, AB\u015e, Rusiya, \u00c7in, Hindistan, Yaponiya aras\u0131nda g\u00fccl\u0259rin balans\u0131n\u0131 m\u00fc\u0259yy\u0259n ed\u0259n ciddi bir add\u0131md\u0131r.<\/p>\n<p>\u018fn u\u011fursuz hadis\u0259 kimi is\u0259 Breksit hadis\u0259sini n\u00fcmun\u0259 g\u00f6st\u0259rm\u0259k olar.<\/p>\n<p><strong>&#8220;Kafkassam&#8221;\u0131n Amerika ara\u015fd\u0131rmalar\u0131 v\u0259 terrorla m\u00fcbariz\u0259 \u00fczr\u0259 m\u00fct\u0259x\u0259ssisi \u018fmrah Kaya:<\/strong><\/p>\n<p>2018-ci ilin \u0259n yaddaqalan siyasi hadis\u0259si, z\u0259nnimc\u0259, \u015eimali Koreya, AB\u015e v\u0259 C\u0259nubi Koreya yax\u0131nla\u015fmas\u0131d\u0131r.<\/p>\n<p>\u015eimali Koreya bu add\u0131mlar at\u0131lmadan bir ne\u00e7\u0259 h\u0259ft\u0259 \u00f6nc\u0259 C\u0259nubi Koreyan\u0131 m\u0259hv etm\u0259kl\u0259 t\u0259hdid edirdi. Aprelin 27-d\u0259 iki t\u0259r\u0259fin liderl\u0259ri aras\u0131nda m\u00fc\u015fahid\u0259 olunan m\u00fcsb\u0259t add\u0131mlar v\u0259 dan\u0131\u015f\u0131qlar ilin \u0259n yaddaqalan siyasi hadis\u0259 oldu. M\u0259nc\u0259, bu, Kim-Tramp g\u00f6r\u00fc\u015f\u00fcnd\u0259n sonra tarixi zirv\u0259 olaraq qiym\u0259tl\u0259ndiril\u0259 bil\u0259r.<\/p>\n<p>2018-ci ild\u0259 \u0259n u\u011fursuz siyasi hadis\u0259si \u0259v\u0259zin\u0259, siyasi hadis\u0259l\u0259ri dem\u0259k daha d\u00fczg\u00fcn olard\u0131. Bu hadis\u0259l\u0259rin say\u0131-hesab\u0131 yoxdur. Yaln\u0131z iki n\u00fcmun\u0259y\u0259 baxmaq kifay\u0259tdir: S\u0259udiyy\u0259 \u018fr\u0259bistan\u0131 ba\u015fqa bir \u00f6lk\u0259nin \u0259razisind\u0259 bir insan\u0131 q\u0259tl\u0259 yetirdi. \u0130kincisi, Braziliyada Jair Bolsonaronun hakimiyy\u0259t\u0259 g\u0259lm\u0259si h\u0259m Brazilyaya, h\u0259m d\u0259 b\u00f6lg\u0259y\u0259 m\u0259nfi t\u0259sir g\u00f6st\u0259r\u0259c\u0259k. \u00c7\u00fcnki Bolsonaronun ifad\u0259sin\u0259 baxd\u0131\u011f\u0131n\u0131z zaman d\u00fcnyadak\u0131 polarizasiyan\u0131 art\u0131rma ehtimal\u0131 daha \u00e7oxdur.<\/p>\n<p><strong>Yax\u0131n \u015e\u0259rq v\u0259 Qafqaz \u00f6lk\u0259l\u0259ri \u00fczr\u0259 ekspert Stanislav Tarasov:<\/strong><\/p>\n<p>2018-ci ild\u0259 x\u00fcsusil\u0259 yaddaqalan bir hadis\u0259nin oldu\u011funu d\u00fc\u015f\u00fcnm\u00fcr\u0259m. Sad\u0259c\u0259 olaraq siyasi rutin ke\u00e7irildi. H\u0259tta Tramp\u0131n AB\u015e ordusunu Suriya v\u0259 \u018ffqan\u0131stan \u00e7\u0131xarmas\u0131n\u0131 da siyasi raz\u0131la\u015fma kimi qiym\u0259tl\u0259ndirir\u0259m.<\/p>\n<p>Putin-Tramp g\u00f6r\u00fc\u015fl\u0259rini u\u011fursuz siyasi hadis\u0259 kimi qeyd ed\u0259rdim. N\u0259l\u0259ris\u0259 d\u0259yi\u015fm\u0259k ist\u0259s\u0259l\u0259r d\u0259, buna nail ola bilmirl\u0259r.<\/p>\n<p><strong>AB\u015e-\u0131n Qulf Analitik M\u0259rk\u0259zinin politoloqu, doktor Teodor Karasik:<\/strong><\/p>\n<p>Terrorla m\u00fcbariz\u0259 v\u0259 davaml\u0131 inki\u015faf h\u0259d\u0259fl\u0259rini n\u0259z\u0259r\u0259 alasaq, bir \u00e7ox \u0259h\u0259miyy\u0259tli siyasi hadis\u0259 ba\u015f verdi. T\u0259kc\u0259 \u00fczd\u0259 olan d\u00fcnya liderl\u0259rinin ad\u0131n\u0131 \u00e7\u0259km\u0259k ist\u0259mir\u0259m, d\u00fcnya m\u0259tbuat\u0131n\u0131n g\u00fcnd\u0259mind\u0259n uzaq olan b\u00f6lg\u0259l\u0259rd\u0259, el\u0259 Afrikan\u0131n \u00f6z\u00fcnd\u0259 d\u0259 b\u0259zi u\u011furlar qazan\u0131ld\u0131.<\/p>\n<p>\u00dcmid ed\u0259k ki, 2019-cu il d\u00fcnyadak\u0131 b\u00fct\u00fcn siyasi liderl\u0259r \u00fc\u00e7\u00fcn daha u\u011furlu, daha m\u00fcsb\u0259t, daha professional bir il kimi yadda qalacaq.<\/p>\n<p><strong>Rusiyal\u0131 analitik, beyn\u0259lxalq m\u00fcnasib\u0259tl\u0259r \u00fczr\u0259 ekspert Qriqori Trofim\u00e7uk:<\/strong><\/p>\n<p>Bu ilin \u0259n yaddaqalan v\u0259 \u0259n \u0259h\u0259miyy\u0259tli hadis\u0259l\u0259rini bel\u0259 xarakteriz\u0259 ed\u0259rdim: 2018-ci ild\u0259 d\u00fcnya qar\u015f\u0131durmaya s\u00fcr\u00fckl\u0259ndi v\u0259 x\u00fcsus\u0259n d\u0259 post-sovet m\u0259kan\u0131na olan t\u0259zyiq artd\u0131.<\/p>\n<p>Ayr\u0131-ayr\u0131l\u0131qda g\u00f6t\u00fcrs\u0259k, 2018-ci il \u015eimali Koreyan\u0131n n\u00fcv\u0259 silah\u0131 s\u0131naqlar\u0131, \u0130ranla AB\u015e aras\u0131ndak\u0131 s\u00f6vd\u0259l\u0259\u015fm\u0259nin pozulmas\u0131, T\u00fcrkiy\u0259nin Suriyadak\u0131 h\u0259rbi f\u0259aliyy\u0259ti, X\u0259z\u0259r Konvensiyas\u0131n\u0131n imzalanmas\u0131 v\u0259 bu kimi dig\u0259r m\u00fch\u00fcm siyasi hadis\u0259l\u0259rl\u0259 yadda qald\u0131.<\/p>\n<p>Bunlar\u0131n ham\u0131s\u0131 birlikd\u0259 vahid bir tendensiya v\u0259 m\u0259nz\u0259r\u0259ni ortaya \u00e7\u0131xar\u0131r. Lakin m\u0259n \u015f\u0259xs\u0259n h\u0259r bir ilin d\u0259y\u0259rl\u0259ndirm\u0259sini insan ambisiyalar\u0131 v\u0259 bitib-t\u00fck\u0259nm\u0259y\u0259n m\u00fcharib\u0259l\u0259rl\u0259 deyil, kosmik f\u0259zaya yiy\u0259l\u0259nm\u0259kl\u0259 \u00f6l\u00e7\u0259rdim. M\u0259s\u0259l\u0259n, 2018-ci il x\u00fcsusi zont vasit\u0259sil\u0259 G\u00fcn\u0259\u015f\u0259 kifay\u0259t q\u0259d\u0259r yax\u0131nla\u015fd\u0131q. Bu, b\u00f6y\u00fck u\u011furdur.<\/p>\n<p>D\u00fcnya ictimaiyy\u0259ti, \u0259ks\u0259r hallarda, siyas\u0259ti anlam\u0131r. Bu bax\u0131m\u0131ndan, Suriyada m\u00fcharib\u0259nin davam etm\u0259si v\u0259 ya qa\u00e7q\u0131nlar\u0131n Avropaya olan ax\u0131n\u0131 d\u00fcnya ictimaiyy\u0259ti t\u0259r\u0259find\u0259n u\u011fursuz siyasi prosesl\u0259r kimi qiym\u0259tl\u0259ndiril\u0259 bil\u0259r.<\/p>\n<p>H\u0259m\u00e7inin b\u0259zil\u0259ri \u00fc\u00e7\u00fcn u\u011fursuz olan hadis\u0259 dig\u0259rl\u0259ri \u00fc\u00e7\u00fcn u\u011furlu ola bil\u0259r. M\u0259s\u0259l\u0259n, Suriyadak\u0131 qeyri-sabitlik r\u0259smi Va\u015finqton \u00fc\u00e7\u00fcn u\u011furlu hadis\u0259 hesab oluna bil\u0259r. V\u0259 yaxud da eks-prezident Obaman\u0131n \u0130ranla s\u00f6zl\u0259\u015fm\u0259sini Tramp\u0131n u\u011fursuz add\u0131m say\u0131b l\u0259\u011fv etm\u0259si&#8230; D\u00fcnya ictimaiyy\u0259ti is\u0259 m\u0259s\u0259l\u0259l\u0259ri K\u0130V nec\u0259 istiqam\u0259tl\u0259ndir\u0259rs\u0259, el\u0259 d\u0259 qiym\u0259tl\u0259ndir\u0259c\u0259k.<\/p>\n<p><strong>AB\u015e Tennessi Universitetinin politologiya professoru Andrey Korobkov:<\/strong><\/p>\n<p>Fikrimc\u0259, bu ilin \u0259n \u0259h\u0259miyy\u0259tli v\u0259 maraql\u0131 hadis\u0259si Donald Tramp\u0131n Avropaya s\u0259f\u0259ri oldu. AB\u015e prezidenti s\u0259f\u0259rin gedi\u015find\u0259 avropal\u0131lara \u00e7ox ayd\u0131n \u015f\u0259kild\u0259 g\u00f6st\u0259rdi ki, NATO bundan sonra formal bax\u0131\u015f n\u00f6qteyi-n\u0259z\u0259rind\u0259n eynih\u00fcquqlu \u00f6lk\u0259l\u0259rin ittifaq\u0131 olmayacaq v\u0259 bu h\u0259yatda h\u0259r bir \u015fey \u00fc\u00e7\u00fcn \u00f6d\u0259ni\u015f etm\u0259k laz\u0131md\u0131r. Tramp avropal\u0131lara s\u00fcbut etdi ki, kim evin sahibidir, kim qonaqd\u0131r.<\/p>\n<p>Tramp\u0131n Suriyadan ordunu geri \u00e7\u0259km\u0259si elan\u0131 v\u0259 \u018ffqan\u0131standak\u0131 h\u0259rbi kontingenti iki d\u0259f\u0259 azaltmas\u0131 t\u0259kc\u0259 A\u011f Evin \u015e\u0259rqd\u0259ki yeni siyas\u0259t x\u0259ttini g\u00f6st\u0259rm\u0259di, h\u0259m d\u0259 Amerikan\u0131n qoyulmu\u015f m\u0259qs\u0259dl\u0259rin\u0259 g\u00fcc vasit\u0259sil\u0259 \u00e7atma\u011f\u0131n m\u00fcmk\u00fcn olmad\u0131\u011f\u0131n\u0131 s\u00fcbut etdi v\u0259 ke\u00e7mi\u015f strategiyan\u0131n fiaskosunu g\u00f6st\u0259rdi.<\/p>\n","protected":false},"excerpt":{"rendered":"<p>ARANTV.AZ\u00a0 bildirir ki, Axar.az\u00a0f\u0259rqli \u00f6lk\u0259l\u0259rd\u0259n olan politoloq v\u0259 analitikl\u0259r &#8220;\u0130lin \u0259n \u0259h\u0259miyy\u0259tli v\u0259 \u0259n u\u011fursuz siyasi hadis\u0259l\u0259rl\u0259ri&#8221; haqda sor\u011fu \u00fcnvanlay\u0131b. Cavablar\u0131 t\u0259qdim edirik: Rusiyal\u0131 politoloq, beyn\u0259lxalq m\u0259s\u0259l\u0259l\u0259r \u00fczr\u0259 ekspert, teleapar\u0131c\u0131 Yevgeni Mixaylov: Fikrimc\u0259, ilin \u0259n \u0259h\u0259miyy\u0259tli siyasi hadis\u0259l\u0259rind\u0259n biri Rusiya v\u0259 T\u00fcrkiy\u0259 aras\u0131nda geni\u015fmiqyasl\u0131 iqtisadi v\u0259 siyasi m\u00fcnasib\u0259tl\u0259rin inki\u015faf\u0131d\u0131r. O c\u00fcml\u0259d\u0259n, Az\u0259rbaycanla Rusiya Federasiyas\u0131 aras\u0131nda qar\u015f\u0131l\u0131ql\u0131 g\u00f6r\u00fc\u015fl\u0259rin ke\u00e7irilm\u0259si, m\u00fcqavil\u0259l\u0259rin imzalanmas\u0131 da m\u00fch\u00fcm siyasi hadis\u0259 kimi qiym\u0259tl\u0259ndirilm\u0259lidir. \u00c7\u00fcnki Vladimir Putin v\u0259 \u0130lham \u018fliyev praktiki olaraq bir s\u0131ra d\u00fcnya \u0259h\u0259miyy\u0259tli m\u0259s\u0259l\u0259l\u0259rd\u0259 ortaq m\u0259xr\u0259c\u0259 g\u0259l\u0259 bilibl\u0259r. R\u0259smi Ankara il\u0259 Moskvan\u0131n \u0259laq\u0259l\u0259rinin inki\u015faf\u0131nda Bak\u0131n\u0131n&hellip;<\/p>\n","protected":false},"author":2,"featured_media":30025,"comment_status":"closed","ping_status":"closed","sticky":false,"template":"","format":"standard","meta":{"om_disable_all_campaigns":false,"_monsterinsights_skip_tracking":false,"_monsterinsights_sitenote_active":false,"_monsterinsights_sitenote_note":"","_monsterinsights_sitenote_category":0},"categories":[7],"tags":[],"aioseo_notices":[],"gutentor_comment":0,"rttpg_featured_image_url":{"full":["https:\/\/arantv.az\/wp-content\/uploads\/2018\/12\/716943.jpg",600,450,false],"landscape":["https:\/\/arantv.az\/wp-content\/uploads\/2018\/12\/716943.jpg",600,450,false],"portraits":["https:\/\/arantv.az\/wp-content\/uploads\/2018\/12\/716943.jpg",600,450,false],"thumbnail":["https:\/\/arantv.az\/wp-content\/uploads\/2018\/12\/716943-150x150.jpg",150,150,true],"medium":["https:\/\/arantv.az\/wp-content\/uploads\/2018\/12\/716943-300x225.jpg",300,225,true],"large":["https:\/\/arantv.az\/wp-content\/uploads\/2018\/12\/716943.jpg",600,450,false],"1536x1536":["https:\/\/arantv.az\/wp-content\/uploads\/2018\/12\/716943.jpg",600,450,false],"2048x2048":["https:\/\/arantv.az\/wp-content\/uploads\/2018\/12\/716943.jpg",600,450,false],"post-thumbnail":["https:\/\/arantv.az\/wp-content\/uploads\/2018\/12\/716943-240x172.jpg",240,172,true],"advps-thumb-one":["https:\/\/arantv.az\/wp-content\/uploads\/2018\/12\/716943.jpg",600,450,false]},"rttpg_author":{"display_name":"V\u00fcsal Rafiqo\u011flu","author_link":"https:\/\/arantv.az\/?author=2"},"rttpg_comment":0,"rttpg_category":"<a href=\"https:\/\/arantv.az\/?cat=7\" rel=\"category\">D\u00fcnya<\/a>","rttpg_excerpt":"ARANTV.AZ\u00a0 bildirir ki, Axar.az\u00a0f\u0259rqli \u00f6lk\u0259l\u0259rd\u0259n olan politoloq v\u0259 analitikl\u0259r &#8220;\u0130lin \u0259n \u0259h\u0259miyy\u0259tli v\u0259 \u0259n u\u011fursuz siyasi hadis\u0259l\u0259rl\u0259ri&#8221; haqda sor\u011fu \u00fcnvanlay\u0131b. Cavablar\u0131 t\u0259qdim edirik: Rusiyal\u0131 politoloq, beyn\u0259lxalq m\u0259s\u0259l\u0259l\u0259r \u00fczr\u0259 ekspert, teleapar\u0131c\u0131 Yevgeni Mixaylov: Fikrimc\u0259, ilin \u0259n \u0259h\u0259miyy\u0259tli siyasi hadis\u0259l\u0259rind\u0259n biri Rusiya v\u0259 T\u00fcrkiy\u0259 aras\u0131nda geni\u015fmiqyasl\u0131 iqtisadi v\u0259 siyasi m\u00fcnasib\u0259tl\u0259rin inki\u015faf\u0131d\u0131r. O c\u00fcml\u0259d\u0259n, Az\u0259rbaycanla Rusiya Federasiyas\u0131 aras\u0131nda&hellip;","_links":{"self":[{"href":"https:\/\/arantv.az\/index.php?rest_route=\/wp\/v2\/posts\/30024"}],"collection":[{"href":"https:\/\/arantv.az\/index.php?rest_route=\/wp\/v2\/posts"}],"about":[{"href":"https:\/\/arantv.az\/index.php?rest_route=\/wp\/v2\/types\/post"}],"author":[{"embeddable":true,"href":"https:\/\/arantv.az\/index.php?rest_route=\/wp\/v2\/users\/2"}],"replies":[{"embeddable":true,"href":"https:\/\/arantv.az\/index.php?rest_route=%2Fwp%2Fv2%2Fcomments&post=30024"}],"version-history":[{"count":0,"href":"https:\/\/arantv.az\/index.php?rest_route=\/wp\/v2\/posts\/30024\/revisions"}],"wp:featuredmedia":[{"embeddable":true,"href":"https:\/\/arantv.az\/index.php?rest_route=\/wp\/v2\/media\/30025"}],"wp:attachment":[{"href":"https:\/\/arantv.az\/index.php?rest_route=%2Fwp%2Fv2%2Fmedia&parent=30024"}],"wp:term":[{"taxonomy":"category","embeddable":true,"href":"https:\/\/arantv.az\/index.php?rest_route=%2Fwp%2Fv2%2Fcategories&post=30024"},{"taxonomy":"post_tag","embeddable":true,"href":"https:\/\/arantv.az\/index.php?rest_route=%2Fwp%2Fv2%2Ftags&post=30024"}],"curies":[{"name":"wp","href":"https:\/\/api.w.org\/{rel}","templated":true}]}}