{"id":30027,"date":"2018-12-29T15:33:51","date_gmt":"2018-12-29T12:33:51","guid":{"rendered":"http:\/\/arantv.az\/?p=30027"},"modified":"2018-12-29T15:33:51","modified_gmt":"2018-12-29T12:33:51","slug":"bakinin-hansi-yollarinda-tramvay-x%c9%99tti-ola-bil%c9%99r-mumkun-yerl%c9%99r-gozd%c9%99n-kecirilir","status":"publish","type":"post","link":"https:\/\/arantv.az\/?p=30027","title":{"rendered":"Bak\u0131n\u0131n hans\u0131 yollar\u0131nda tramvay x\u0259tti ola bil\u0259r? &#8211; M\u00dcMK\u00dcN YERL\u018fR g\u00f6zd\u0259n ke\u00e7irilir"},"content":{"rendered":"<p><strong>Bak\u0131da haz\u0131rda kifay\u0259t q\u0259d\u0259r yollar var ki, geni\u015fdir v\u0259 tramvay x\u0259tl\u0259rinin \u00e7\u0259kilm\u0259si m\u00fcmk\u00fcnd\u00fcr. H\u00fcseyn Cavid v\u0259 \u015e\u0259rifzad\u0259 prospektl\u0259ri, x\u00fcsusil\u0259 A\u011f \u015e\u0259h\u0259r massivi tramvay yolu \u00fc\u00e7\u00fcn uy\u011fundur.<\/strong><\/p>\n<p><strong>ARANTV.AZ<\/strong> bildirir ki, bu s\u00f6zl\u0259ri\u00a0Axar.az-a n\u0259qliyyat eksperti\u00a0<strong>Az\u0259r Allahver\u0259nov<\/strong>\u00a0Prezident \u0130lham \u018fliyevin 27 dekabr 2018-ci il tarixli s\u0259r\u0259ncam\u0131 il\u0259 t\u0259sdiq edilmi\u015f &#8220;Az\u0259rbaycan Respublikas\u0131nda yol h\u0259r\u0259k\u0259tinin t\u0259hl\u00fck\u0259sizliyin\u0259 dair 2019-2023-c\u00fc ill\u0259r \u00fc\u00e7\u00fcn D\u00f6vl\u0259t Proqram\u0131&#8221;nda n\u0259z\u0259rd\u0259 tutulmu\u015f tramvay n\u0259qliyyat\u0131n\u0131n b\u0259rpas\u0131 il\u0259 ba\u011fl\u0131 dan\u0131\u015fark\u0259n bildirib.<\/p>\n<p>Ekspert \u0259lav\u0259 edib ki, burada \u0259sas icraedici struktur N\u0259qliyyat, Rabit\u0259 v\u0259 Y\u00fcks\u0259k Texnologiyalar Nazirliyidir. Bundan ba\u015fqa, Daxili \u0130\u015fl\u0259r Nazirliyi v\u0259 Bak\u0131 N\u0259qliyyat Agentliyi d\u0259 \u0259sas icra\u00e7\u0131 strukturlardan hesab olunurlar:<\/p>\n<p>&#8220;Onlar bu m\u0259s\u0259l\u0259ni tam ara\u015fd\u0131rmal\u0131 v\u0259 n\u0259tic\u0259 etibaril\u0259 d\u00f6vl\u0259t proqram\u0131 q\u00fcvv\u0259d\u0259 oldu\u011fu m\u00fcdd\u0259td\u0259 t\u0259klifl\u0259r haz\u0131rlamal\u0131d\u0131lar.<\/p>\n<p>\u0130ndi \u0259ks\u0259r d\u00fcnya \u00f6lk\u0259l\u0259rind\u0259 tramvaylardan geni\u015f \u015f\u0259kild\u0259 istifad\u0259 edilir. X\u00fcsusil\u0259 qon\u015fu Rusiyada, MDB-y\u0259 daxil olan \u0259ks\u0259r \u00f6lk\u0259l\u0259rd\u0259 tramvay \u0259sas n\u0259qliyyat n\u00f6vl\u0259rind\u0259n biridir. Bu n\u0259qliyyat vasit\u0259si infrastrukturun qurulmas\u0131 v\u0259 s\u0259rmay\u0259 yat\u0131r\u0131m\u0131 bax\u0131m\u0131ndan bir q\u0259d\u0259r baha ba\u015fa g\u0259l\u0259 bil\u0259r. \u00c7\u00fcnki s\u00f6hb\u0259t tramvay \u00fc\u00e7\u00fcn sal\u0131nan yollardan gedir. Ancaq ekologiyaya he\u00e7 bir ziyan vurmayan yegan\u0259 n\u0259qliyyat n\u00f6vl\u0259rind\u0259n biridir. H\u0259m\u00e7inin tramvay rels \u00fcz\u0259rind\u0259 h\u0259r\u0259k\u0259t etdiyind\u0259n t\u0131xac yaratma, t\u0131xacda qalma ehtimal\u0131 da yoxdur. H\u0259m\u00e7inin bu n\u0259qliyyat n\u00f6v\u00fc dig\u0259rl\u0259rind\u0259n daha ucuz olur&#8221;.<\/p>\n<p>A.Allahver\u0259novun s\u00f6zl\u0259rin\u0259 g\u00f6r\u0259, yeni sal\u0131nan massivl\u0259r tramvay yolu \u00fc\u00e7\u00fcn m\u00fcnasibdir:<\/p>\n<p>&#8220;Bak\u0131da haz\u0131rda kifay\u0259t q\u0259d\u0259r yollar var ki, geni\u015fdir v\u0259 tramvay x\u0259tl\u0259rinin \u00e7\u0259kilm\u0259si m\u00fcmk\u00fcnd\u00fcr. Ancaq bu qiym\u0259tl\u0259ndirm\u0259 apar\u0131lan zaman h\u0259min dediyimiz m\u0259nt\u0259q\u0259l\u0259r aras\u0131 \u015f\u0259b\u0259k\u0259nin qurulmas\u0131 perspektivl\u0259ri d\u0259 m\u00fc\u0259yy\u0259n edilm\u0259lidir. Ola bil\u0259r ki, b\u0259zi yerl\u0259rd\u0259 m\u0259nt\u0259q\u0259l\u0259ri bir-biri il\u0259 \u0259laq\u0259l\u0259ndir\u0259n yolun geni\u015fl\u0259ndirilm\u0259sin\u0259 ehtiyac olsun. Bu, \u015f\u0259h\u0259rsalma strategiyas\u0131 il\u0259 \u0259laq\u0259dar d\u00f6vl\u0259tin h\u0259yata ke\u00e7irdiyi siyas\u0259t\u0259 uy\u011fun olmal\u0131d\u0131r&#8221;.<\/p>\n<p>Qeyd ed\u0259k ki, Prezident \u0130lham \u018fliyevin 27 dekabr 2018-ci il tarixli s\u0259r\u0259ncam\u0131 il\u0259 t\u0259sdiq edilmi\u015f &#8220;Az\u0259rbaycan Respublikas\u0131nda yol h\u0259r\u0259k\u0259tinin t\u0259hl\u00fck\u0259sizliyin\u0259 dair 2019-2023-c\u00fc ill\u0259r \u00fc\u00e7\u00fcn D\u00f6vl\u0259t Proqram\u0131&#8221;nda tramvay n\u0259qliyyat\u0131n\u0131n b\u0259rpas\u0131 imkanlar\u0131n\u0131n ara\u015fd\u0131r\u0131lmas\u0131 n\u0259z\u0259rd\u0259 tutulur.<\/p>\n<p>D\u00f6vl\u0259t Proqram\u0131na g\u00f6r\u0259, Az\u0259rbaycanda 2019-2022-ci ill\u0259rd\u0259 da\u015f\u0131malar\u0131n n\u0259qliyyat n\u00f6vl\u0259ri \u00fczr\u0259 b\u00f6l\u00fc\u015fd\u00fcr\u00fclm\u0259si v\u0259 m\u00fcxt\u0259lif n\u0259qliyyat n\u00f6vl\u0259rinin qar\u015f\u0131l\u0131ql\u0131 \u0259laq\u0259sinin t\u0259min edilm\u0259si n\u0259z\u0259rd\u0259 tutulur.<\/p>\n<p>M\u00f6vcud ictimai n\u0259qliyyat infrastrukturunun inki\u015faf etdirilm\u0259si, habel\u0259 \u015f\u0259h\u0259rdaxili ictimai n\u0259qliyyat n\u00f6vl\u0259rinin say\u0131n\u0131n art\u0131r\u0131lmas\u0131, tramvay, kabotaj s\u0259rni\u015fin v\u0259 y\u00fck g\u0259mi\u00e7iliyinin t\u0259\u015fkili imkanlar\u0131n\u0131n v\u0259 iqtisadi s\u0259m\u0259r\u0259liliyinin ara\u015fd\u0131r\u0131lmas\u0131, bu sah\u0259d\u0259 t\u0259klifl\u0259r haz\u0131rlanmas\u0131 planla\u015fd\u0131r\u0131l\u0131r.<\/p>\n","protected":false},"excerpt":{"rendered":"<p>Bak\u0131da haz\u0131rda kifay\u0259t q\u0259d\u0259r yollar var ki, geni\u015fdir v\u0259 tramvay x\u0259tl\u0259rinin \u00e7\u0259kilm\u0259si m\u00fcmk\u00fcnd\u00fcr. H\u00fcseyn Cavid v\u0259 \u015e\u0259rifzad\u0259 prospektl\u0259ri, x\u00fcsusil\u0259 A\u011f \u015e\u0259h\u0259r massivi tramvay yolu \u00fc\u00e7\u00fcn uy\u011fundur. ARANTV.AZ bildirir ki, bu s\u00f6zl\u0259ri\u00a0Axar.az-a n\u0259qliyyat eksperti\u00a0Az\u0259r Allahver\u0259nov\u00a0Prezident \u0130lham \u018fliyevin 27 dekabr 2018-ci il tarixli s\u0259r\u0259ncam\u0131 il\u0259 t\u0259sdiq edilmi\u015f &#8220;Az\u0259rbaycan Respublikas\u0131nda yol h\u0259r\u0259k\u0259tinin t\u0259hl\u00fck\u0259sizliyin\u0259 dair 2019-2023-c\u00fc ill\u0259r \u00fc\u00e7\u00fcn D\u00f6vl\u0259t Proqram\u0131&#8221;nda n\u0259z\u0259rd\u0259 tutulmu\u015f tramvay n\u0259qliyyat\u0131n\u0131n b\u0259rpas\u0131 il\u0259 ba\u011fl\u0131 dan\u0131\u015fark\u0259n bildirib. Ekspert \u0259lav\u0259 edib ki, burada \u0259sas icraedici struktur N\u0259qliyyat, Rabit\u0259 v\u0259 Y\u00fcks\u0259k Texnologiyalar Nazirliyidir. Bundan ba\u015fqa, Daxili \u0130\u015fl\u0259r Nazirliyi v\u0259 Bak\u0131 N\u0259qliyyat Agentliyi d\u0259 \u0259sas&hellip;<\/p>\n","protected":false},"author":2,"featured_media":30028,"comment_status":"closed","ping_status":"closed","sticky":false,"template":"","format":"standard","meta":{"om_disable_all_campaigns":false,"_monsterinsights_skip_tracking":false,"_monsterinsights_sitenote_active":false,"_monsterinsights_sitenote_note":"","_monsterinsights_sitenote_category":0},"categories":[1],"tags":[],"aioseo_notices":[],"gutentor_comment":0,"rttpg_featured_image_url":{"full":["https:\/\/arantv.az\/wp-content\/uploads\/2018\/12\/716949.jpg",800,600,false],"landscape":["https:\/\/arantv.az\/wp-content\/uploads\/2018\/12\/716949.jpg",800,600,false],"portraits":["https:\/\/arantv.az\/wp-content\/uploads\/2018\/12\/716949.jpg",800,600,false],"thumbnail":["https:\/\/arantv.az\/wp-content\/uploads\/2018\/12\/716949-150x150.jpg",150,150,true],"medium":["https:\/\/arantv.az\/wp-content\/uploads\/2018\/12\/716949-300x225.jpg",300,225,true],"large":["https:\/\/arantv.az\/wp-content\/uploads\/2018\/12\/716949.jpg",640,480,false],"1536x1536":["https:\/\/arantv.az\/wp-content\/uploads\/2018\/12\/716949.jpg",800,600,false],"2048x2048":["https:\/\/arantv.az\/wp-content\/uploads\/2018\/12\/716949.jpg",800,600,false],"post-thumbnail":["https:\/\/arantv.az\/wp-content\/uploads\/2018\/12\/716949-240x172.jpg",240,172,true],"advps-thumb-one":["https:\/\/arantv.az\/wp-content\/uploads\/2018\/12\/716949.jpg",800,600,false]},"rttpg_author":{"display_name":"V\u00fcsal Rafiqo\u011flu","author_link":"https:\/\/arantv.az\/?author=2"},"rttpg_comment":0,"rttpg_category":"<a href=\"https:\/\/arantv.az\/?cat=1\" rel=\"category\">C\u0259miyy\u0259t<\/a>","rttpg_excerpt":"Bak\u0131da haz\u0131rda kifay\u0259t q\u0259d\u0259r yollar var ki, geni\u015fdir v\u0259 tramvay x\u0259tl\u0259rinin \u00e7\u0259kilm\u0259si m\u00fcmk\u00fcnd\u00fcr. H\u00fcseyn Cavid v\u0259 \u015e\u0259rifzad\u0259 prospektl\u0259ri, x\u00fcsusil\u0259 A\u011f \u015e\u0259h\u0259r massivi tramvay yolu \u00fc\u00e7\u00fcn uy\u011fundur. ARANTV.AZ bildirir ki, bu s\u00f6zl\u0259ri\u00a0Axar.az-a n\u0259qliyyat eksperti\u00a0Az\u0259r Allahver\u0259nov\u00a0Prezident \u0130lham \u018fliyevin 27 dekabr 2018-ci il tarixli s\u0259r\u0259ncam\u0131 il\u0259 t\u0259sdiq edilmi\u015f &#8220;Az\u0259rbaycan Respublikas\u0131nda yol h\u0259r\u0259k\u0259tinin t\u0259hl\u00fck\u0259sizliyin\u0259 dair 2019-2023-c\u00fc ill\u0259r \u00fc\u00e7\u00fcn D\u00f6vl\u0259t&hellip;","_links":{"self":[{"href":"https:\/\/arantv.az\/index.php?rest_route=\/wp\/v2\/posts\/30027"}],"collection":[{"href":"https:\/\/arantv.az\/index.php?rest_route=\/wp\/v2\/posts"}],"about":[{"href":"https:\/\/arantv.az\/index.php?rest_route=\/wp\/v2\/types\/post"}],"author":[{"embeddable":true,"href":"https:\/\/arantv.az\/index.php?rest_route=\/wp\/v2\/users\/2"}],"replies":[{"embeddable":true,"href":"https:\/\/arantv.az\/index.php?rest_route=%2Fwp%2Fv2%2Fcomments&post=30027"}],"version-history":[{"count":0,"href":"https:\/\/arantv.az\/index.php?rest_route=\/wp\/v2\/posts\/30027\/revisions"}],"wp:featuredmedia":[{"embeddable":true,"href":"https:\/\/arantv.az\/index.php?rest_route=\/wp\/v2\/media\/30028"}],"wp:attachment":[{"href":"https:\/\/arantv.az\/index.php?rest_route=%2Fwp%2Fv2%2Fmedia&parent=30027"}],"wp:term":[{"taxonomy":"category","embeddable":true,"href":"https:\/\/arantv.az\/index.php?rest_route=%2Fwp%2Fv2%2Fcategories&post=30027"},{"taxonomy":"post_tag","embeddable":true,"href":"https:\/\/arantv.az\/index.php?rest_route=%2Fwp%2Fv2%2Ftags&post=30027"}],"curies":[{"name":"wp","href":"https:\/\/api.w.org\/{rel}","templated":true}]}}