{"id":30040,"date":"2019-01-01T08:31:10","date_gmt":"2019-01-01T05:31:10","guid":{"rendered":"http:\/\/arantv.az\/?p=30040"},"modified":"2019-01-01T08:31:10","modified_gmt":"2019-01-01T05:31:10","slug":"c%c9%99mil-ravza-esin-karalla-eyni-s%c9%99hn%c9%99ni-bolus%c9%99c%c9%99k-foto","status":"publish","type":"post","link":"https:\/\/arantv.az\/?p=30040","title":{"rendered":"C\u0259mil Ravza Esin Karalla eyni s\u0259hn\u0259ni b\u00f6l\u00fc\u015f\u0259c\u0259k &#8211; FOTO"},"content":{"rendered":"<p>\u0130\u015f xan\u0131m\u0131 Leyla Misirovan\u0131n t\u0259\u015fkilat\u00e7\u0131l\u0131\u011f\u0131 il\u0259 yeni ild\u0259 yanvar\u0131n 7-i saat 19:00-da R\u0259\u015fid Behbudov ad\u0131na Az\u0259rbaycan D\u00f6vl\u0259t Mahn\u0131 Teatr\u0131nda t\u0259\u015fkil olunan &#8220;Ulduz ya\u011f\u0131\u015f\u0131&#8221; adl\u0131 konsert proqram\u0131nda &#8220;Az\u0259rbaycan\u0131n S\u0259si-2014&#8243; v\u0259 Ukraynan\u0131n &#8221; XFactor-2015&#8243;d\u0259 f\u0259rqli performans s\u0259rgil\u0259y\u0259n C\u0259mil t\u00fcrkiy\u0259li m\u00fc\u011f\u0259nni Ravza Esin Kara il\u0259 birlikd\u0259 s\u0259hn\u0259 alacaq. C\u0259mil <strong>ARANTV.AZ<\/strong>-a a\u00e7\u0131qlamas\u0131nda R\u0259\u015fid Behbudov ad\u0131na Az\u0259rbaycan D\u00f6vl\u0259t Mahn\u0131 Teatr\u0131nda ba\u015f tutacaq &#8220;Ulduz ya\u011f\u0131\u015f&#8221; adl\u0131 konsert proqram\u0131na x\u00fcsusi haz\u0131rla\u015fd\u0131\u011f\u0131n\u0131 bildirib: &#8220;H\u0259r \u00e7\u0131x\u0131\u015f\u0131m bir \u015foudur. M\u0259nim \u00fc\u00e7\u00fcn s\u0259hn\u0259 m\u00fcq\u0259dd\u0259s m\u0259kand\u0131r. &#8220;Ulduz ya\u011f\u0131\u015f&#8221; adl\u0131 gec\u0259sind\u0259ki \u00e7\u0131xaca\u011f\u0131m t\u0259dbir\u0259 x\u00fcsusi olaraq haz\u0131rla\u015f\u0131ram. Ekskl\u00fcziv s\u0259hn\u0259 kostyumum haz\u0131rlan\u0131r. Nail Yusifov m\u00fck\u0259mm\u0259l bir mahn\u0131 \u0259rs\u0259y\u0259 g\u0259tirib. \u00c7ox inan\u0131nam ki, bu mahn\u0131 s\u00f6z\u00fcn \u0259sl m\u0259nas\u0131nda hit olacaq. H\u0259l\u0259 he\u00e7 yerd\u0259 s\u0259sl\u0259nm\u0259yib. M\u0259hz sev\u0259nl\u0259rim h\u0259min mahn\u0131n\u0131 &#8220;Ulduz ya\u011f\u0131\u015f&#8221; adl\u0131 gec\u0259si ekskl\u00fcziv olaraq dinl\u0259y\u0259c\u0259k. M\u0259ni sev\u0259nl\u0259r &#8220;bomba&#8221;lara haz\u0131r olsun&#8221;. Qeyd ed\u0259k ki, \u0130lah\u0259 Nazimq\u0131z\u0131n\u0131n apar\u0131c\u0131l\u0131\u011f\u0131 il\u0259 ba\u015f tutacaq konsertin rejissoru Nail Naibo\u011fludur. Biletl\u0259r\u0131 \u015f\u0259h\u0259rin kassalar\u0131ndan v\u0259 iticket.az sayt\u0131ndan \u0259ld\u0259 ed\u0259 bil\u0259rsiz. Qiym\u0259t: 20-30 AZN<\/p>\n<p><img loading=\"lazy\" class=\"alignnone size-medium wp-image-30042\" src=\"https:\/\/arantv.az\/wp-content\/uploads\/2019\/01\/49135338_345054569381137_8029175101964419072_n-300x300.jpg\" alt=\"\" width=\"300\" height=\"300\" \/><img loading=\"lazy\" class=\"alignnone size-medium wp-image-30043\" src=\"https:\/\/arantv.az\/wp-content\/uploads\/2019\/01\/49054320_976515769203721_8651714608471474176_n-300x300.jpg\" alt=\"\" width=\"300\" height=\"300\" \/><\/p>\n<p>&nbsp;<\/p>\n","protected":false},"excerpt":{"rendered":"<p>\u0130\u015f xan\u0131m\u0131 Leyla Misirovan\u0131n t\u0259\u015fkilat\u00e7\u0131l\u0131\u011f\u0131 il\u0259 yeni ild\u0259 yanvar\u0131n 7-i saat 19:00-da R\u0259\u015fid Behbudov ad\u0131na Az\u0259rbaycan D\u00f6vl\u0259t Mahn\u0131 Teatr\u0131nda t\u0259\u015fkil olunan &#8220;Ulduz ya\u011f\u0131\u015f\u0131&#8221; adl\u0131 konsert proqram\u0131nda &#8220;Az\u0259rbaycan\u0131n S\u0259si-2014&#8243; v\u0259 Ukraynan\u0131n &#8221; XFactor-2015&#8243;d\u0259 f\u0259rqli performans s\u0259rgil\u0259y\u0259n C\u0259mil t\u00fcrkiy\u0259li m\u00fc\u011f\u0259nni Ravza Esin Kara il\u0259 birlikd\u0259 s\u0259hn\u0259 alacaq. C\u0259mil ARANTV.AZ-a a\u00e7\u0131qlamas\u0131nda R\u0259\u015fid Behbudov ad\u0131na Az\u0259rbaycan D\u00f6vl\u0259t Mahn\u0131 Teatr\u0131nda ba\u015f tutacaq &#8220;Ulduz ya\u011f\u0131\u015f&#8221; adl\u0131 konsert proqram\u0131na x\u00fcsusi haz\u0131rla\u015fd\u0131\u011f\u0131n\u0131 bildirib: &#8220;H\u0259r \u00e7\u0131x\u0131\u015f\u0131m bir \u015foudur. M\u0259nim \u00fc\u00e7\u00fcn s\u0259hn\u0259 m\u00fcq\u0259dd\u0259s m\u0259kand\u0131r. &#8220;Ulduz ya\u011f\u0131\u015f&#8221; adl\u0131 gec\u0259sind\u0259ki \u00e7\u0131xaca\u011f\u0131m t\u0259dbir\u0259 x\u00fcsusi olaraq haz\u0131rla\u015f\u0131ram. Ekskl\u00fcziv s\u0259hn\u0259 kostyumum haz\u0131rlan\u0131r. Nail Yusifov m\u00fck\u0259mm\u0259l&hellip;<\/p>\n","protected":false},"author":2,"featured_media":30041,"comment_status":"closed","ping_status":"closed","sticky":false,"template":"","format":"standard","meta":{"om_disable_all_campaigns":false,"_monsterinsights_skip_tracking":false,"_monsterinsights_sitenote_active":false,"_monsterinsights_sitenote_note":"","_monsterinsights_sitenote_category":0},"categories":[20],"tags":[],"aioseo_notices":[],"gutentor_comment":0,"rttpg_featured_image_url":{"full":["https:\/\/arantv.az\/wp-content\/uploads\/2019\/01\/49069713_615881105535434_5281689934372012032_n.jpg",960,960,false],"landscape":["https:\/\/arantv.az\/wp-content\/uploads\/2019\/01\/49069713_615881105535434_5281689934372012032_n.jpg",960,960,false],"portraits":["https:\/\/arantv.az\/wp-content\/uploads\/2019\/01\/49069713_615881105535434_5281689934372012032_n.jpg",960,960,false],"thumbnail":["https:\/\/arantv.az\/wp-content\/uploads\/2019\/01\/49069713_615881105535434_5281689934372012032_n-150x150.jpg",150,150,true],"medium":["https:\/\/arantv.az\/wp-content\/uploads\/2019\/01\/49069713_615881105535434_5281689934372012032_n-300x300.jpg",300,300,true],"large":["https:\/\/arantv.az\/wp-content\/uploads\/2019\/01\/49069713_615881105535434_5281689934372012032_n.jpg",640,640,false],"1536x1536":["https:\/\/arantv.az\/wp-content\/uploads\/2019\/01\/49069713_615881105535434_5281689934372012032_n.jpg",960,960,false],"2048x2048":["https:\/\/arantv.az\/wp-content\/uploads\/2019\/01\/49069713_615881105535434_5281689934372012032_n.jpg",960,960,false],"post-thumbnail":["https:\/\/arantv.az\/wp-content\/uploads\/2019\/01\/49069713_615881105535434_5281689934372012032_n-240x172.jpg",240,172,true],"advps-thumb-one":["https:\/\/arantv.az\/wp-content\/uploads\/2019\/01\/49069713_615881105535434_5281689934372012032_n-960x620.jpg",960,620,true]},"rttpg_author":{"display_name":"V\u00fcsal Rafiqo\u011flu","author_link":"https:\/\/arantv.az\/?author=2"},"rttpg_comment":0,"rttpg_category":"<a href=\"https:\/\/arantv.az\/?cat=20\" rel=\"category\">\u015eou biznes<\/a>","rttpg_excerpt":"\u0130\u015f xan\u0131m\u0131 Leyla Misirovan\u0131n t\u0259\u015fkilat\u00e7\u0131l\u0131\u011f\u0131 il\u0259 yeni ild\u0259 yanvar\u0131n 7-i saat 19:00-da R\u0259\u015fid Behbudov ad\u0131na Az\u0259rbaycan D\u00f6vl\u0259t Mahn\u0131 Teatr\u0131nda t\u0259\u015fkil olunan &#8220;Ulduz ya\u011f\u0131\u015f\u0131&#8221; adl\u0131 konsert proqram\u0131nda &#8220;Az\u0259rbaycan\u0131n S\u0259si-2014&#8243; v\u0259 Ukraynan\u0131n &#8221; XFactor-2015&#8243;d\u0259 f\u0259rqli performans s\u0259rgil\u0259y\u0259n C\u0259mil t\u00fcrkiy\u0259li m\u00fc\u011f\u0259nni Ravza Esin Kara il\u0259 birlikd\u0259 s\u0259hn\u0259 alacaq. C\u0259mil ARANTV.AZ-a a\u00e7\u0131qlamas\u0131nda R\u0259\u015fid Behbudov ad\u0131na Az\u0259rbaycan D\u00f6vl\u0259t Mahn\u0131 Teatr\u0131nda&hellip;","_links":{"self":[{"href":"https:\/\/arantv.az\/index.php?rest_route=\/wp\/v2\/posts\/30040"}],"collection":[{"href":"https:\/\/arantv.az\/index.php?rest_route=\/wp\/v2\/posts"}],"about":[{"href":"https:\/\/arantv.az\/index.php?rest_route=\/wp\/v2\/types\/post"}],"author":[{"embeddable":true,"href":"https:\/\/arantv.az\/index.php?rest_route=\/wp\/v2\/users\/2"}],"replies":[{"embeddable":true,"href":"https:\/\/arantv.az\/index.php?rest_route=%2Fwp%2Fv2%2Fcomments&post=30040"}],"version-history":[{"count":0,"href":"https:\/\/arantv.az\/index.php?rest_route=\/wp\/v2\/posts\/30040\/revisions"}],"wp:featuredmedia":[{"embeddable":true,"href":"https:\/\/arantv.az\/index.php?rest_route=\/wp\/v2\/media\/30041"}],"wp:attachment":[{"href":"https:\/\/arantv.az\/index.php?rest_route=%2Fwp%2Fv2%2Fmedia&parent=30040"}],"wp:term":[{"taxonomy":"category","embeddable":true,"href":"https:\/\/arantv.az\/index.php?rest_route=%2Fwp%2Fv2%2Fcategories&post=30040"},{"taxonomy":"post_tag","embeddable":true,"href":"https:\/\/arantv.az\/index.php?rest_route=%2Fwp%2Fv2%2Ftags&post=30040"}],"curies":[{"name":"wp","href":"https:\/\/api.w.org\/{rel}","templated":true}]}}