{"id":30059,"date":"2019-01-01T09:02:46","date_gmt":"2019-01-01T06:02:46","guid":{"rendered":"http:\/\/arantv.az\/?p=30059"},"modified":"2019-01-01T09:02:46","modified_gmt":"2019-01-01T06:02:46","slug":"baki-2019-cu-ili-moht%c9%99s%c9%99m-at%c9%99sf%c9%99sanliqla-qarsiladi","status":"publish","type":"post","link":"https:\/\/arantv.az\/?p=30059","title":{"rendered":"Bak\u0131 2019-cu ili m\u00f6ht\u0259\u015f\u0259m at\u0259\u015ff\u0259\u015fanl\u0131qla qar\u015f\u0131lad\u0131"},"content":{"rendered":"<p>2018-ci il sona \u00e7atd\u0131. Yola sald\u0131\u011f\u0131m\u0131z il \u00f6lk\u0259mizin tarixin\u0259 daha bir u\u011furlu il kimi daxil oldu. Az\u0259rbaycan ba\u015fa \u00e7atan bu ild\u0259 siyasi v\u0259 beyn\u0259lxalq m\u00f6vqel\u0259rini daha da m\u00f6hk\u0259ml\u0259ndirdi, m\u00fch\u00fcm u\u011furlar qazand\u0131. Prezident\u00a0<strong>\u0130lham \u018fliyev<\/strong>in r\u0259hb\u0259rliyi il\u0259 Az\u0259rbaycan h\u0259yat\u0131n b\u00fct\u00fcn sah\u0259l\u0259rind\u0259 yeni nailiyy\u0259tl\u0259r\u0259 imza at\u0131b, qar\u015f\u0131ya qoyulan h\u0259d\u0259fl\u0259r\u0259 do\u011fru inamla ir\u0259lil\u0259yib. Eyni zamanda, d\u00fcnya az\u0259rbaycanl\u0131lar\u0131 h\u0259mr\u0259ylik n\u00fcmayi\u015f etdiribl\u0259r. 2019-cu ilin ilk d\u0259qiq\u0259l\u0259rind\u0259 D\u0259nizk\u0259nar\u0131 Milli Parkda ya\u015fanan izdiham v\u0259 m\u00f6ht\u0259\u015f\u0259m at\u0259\u015ff\u0259\u015fanl\u0131q bunun \u0259yani t\u0259zah\u00fcr\u00fc kimi qiym\u0259tl\u0259ndiril\u0259 bil\u0259r.<\/p>\n<p><strong>ARANTV.AZ\u00a0<\/strong>\u00a0AZ\u018fRTAC-a istinad\u0259n x\u0259b\u0259r verir ki, D\u00fcnya Az\u0259rbaycanl\u0131lar\u0131n\u0131n H\u0259mr\u0259ylik G\u00fcn\u00fc v\u0259 Yeni il m\u00fcnasib\u0259til\u0259 Bak\u0131 \u015e\u0259h\u0259r \u0130cra Hakimiyy\u0259ti t\u0259r\u0259find\u0259n D\u0259nizk\u0259nar\u0131 Milli Parkda t\u0259\u015fkil olunan bayram at\u0259\u015ff\u0259\u015fanl\u0131\u011f\u0131n\u0131 paytaxt\u0131n minl\u0259rl\u0259 sakini izl\u0259yib.<\/p>\n<p>Bulvar \u0259razisind\u0259 a\u011faclar\u0131n bayramsaya\u011f\u0131 b\u0259z\u0259dilm\u0259si v\u0259 i\u015f\u0131qland\u0131r\u0131lmas\u0131 D\u0259nizk\u0259nar\u0131 Milli Parka x\u00fcsusi g\u00f6z\u0259llik verirdi. Bu m\u0259nz\u0259r\u0259ni seyr etm\u0259k, Yeni ilin sevincini payla\u015fmaq \u00fc\u00e7\u00fcn \u015f\u0259h\u0259rimizin k\u00fc\u00e7\u0259 v\u0259 meydanlar\u0131na ax\u0131\u015fan bak\u0131l\u0131lar v\u0259 paytaxt\u0131m\u0131z\u0131n qonaqlar\u0131 g\u00fcnd\u0259n-g\u00fcn\u0259 g\u00f6z\u0259ll\u0259\u015f\u0259n, yeni g\u00f6rk\u0259m alan do\u011fma Bak\u0131m\u0131z\u0131n s\u0259mas\u0131n\u0131 al-\u0259lvan r\u0259ngl\u0259r\u0259 boyayan bayram at\u0259\u015ff\u0259\u015fanl\u0131\u011f\u0131na b\u00f6y\u00fck maraq v\u0259 heyranl\u0131qla tama\u015fa edirdil\u0259r.<\/p>\n<p>K\u00f6hn\u0259 ili xo\u015f ovqatla yola salan xalq\u0131m\u0131z Yeni il\u0259 yeni arzular, \u00fcmidl\u0259r v\u0259 q\u0259l\u0259b\u0259l\u0259r sora\u011f\u0131 il\u0259 q\u0259d\u0259m qoydu.<\/p>\n","protected":false},"excerpt":{"rendered":"<p>2018-ci il sona \u00e7atd\u0131. Yola sald\u0131\u011f\u0131m\u0131z il \u00f6lk\u0259mizin tarixin\u0259 daha bir u\u011furlu il kimi daxil oldu. Az\u0259rbaycan ba\u015fa \u00e7atan bu ild\u0259 siyasi v\u0259 beyn\u0259lxalq m\u00f6vqel\u0259rini daha da m\u00f6hk\u0259ml\u0259ndirdi, m\u00fch\u00fcm u\u011furlar qazand\u0131. Prezident\u00a0\u0130lham \u018fliyevin r\u0259hb\u0259rliyi il\u0259 Az\u0259rbaycan h\u0259yat\u0131n b\u00fct\u00fcn sah\u0259l\u0259rind\u0259 yeni nailiyy\u0259tl\u0259r\u0259 imza at\u0131b, qar\u015f\u0131ya qoyulan h\u0259d\u0259fl\u0259r\u0259 do\u011fru inamla ir\u0259lil\u0259yib. Eyni zamanda, d\u00fcnya az\u0259rbaycanl\u0131lar\u0131 h\u0259mr\u0259ylik n\u00fcmayi\u015f etdiribl\u0259r. 2019-cu ilin ilk d\u0259qiq\u0259l\u0259rind\u0259 D\u0259nizk\u0259nar\u0131 Milli Parkda ya\u015fanan izdiham v\u0259 m\u00f6ht\u0259\u015f\u0259m at\u0259\u015ff\u0259\u015fanl\u0131q bunun \u0259yani t\u0259zah\u00fcr\u00fc kimi qiym\u0259tl\u0259ndiril\u0259 bil\u0259r. ARANTV.AZ\u00a0\u00a0AZ\u018fRTAC-a istinad\u0259n x\u0259b\u0259r verir ki, D\u00fcnya Az\u0259rbaycanl\u0131lar\u0131n\u0131n H\u0259mr\u0259ylik G\u00fcn\u00fc v\u0259 Yeni il m\u00fcnasib\u0259til\u0259 Bak\u0131 \u015e\u0259h\u0259r \u0130cra&hellip;<\/p>\n","protected":false},"author":2,"featured_media":30060,"comment_status":"closed","ping_status":"closed","sticky":false,"template":"","format":"standard","meta":{"om_disable_all_campaigns":false,"_monsterinsights_skip_tracking":false,"_monsterinsights_sitenote_active":false,"_monsterinsights_sitenote_note":"","_monsterinsights_sitenote_category":0},"categories":[1],"tags":[],"aioseo_notices":[],"gutentor_comment":0,"rttpg_featured_image_url":{"full":["https:\/\/arantv.az\/wp-content\/uploads\/2019\/01\/15462875271971551583_1000x669.jpg",620,443,false],"landscape":["https:\/\/arantv.az\/wp-content\/uploads\/2019\/01\/15462875271971551583_1000x669.jpg",620,443,false],"portraits":["https:\/\/arantv.az\/wp-content\/uploads\/2019\/01\/15462875271971551583_1000x669.jpg",620,443,false],"thumbnail":["https:\/\/arantv.az\/wp-content\/uploads\/2019\/01\/15462875271971551583_1000x669-150x150.jpg",150,150,true],"medium":["https:\/\/arantv.az\/wp-content\/uploads\/2019\/01\/15462875271971551583_1000x669-300x214.jpg",300,214,true],"large":["https:\/\/arantv.az\/wp-content\/uploads\/2019\/01\/15462875271971551583_1000x669.jpg",620,443,false],"1536x1536":["https:\/\/arantv.az\/wp-content\/uploads\/2019\/01\/15462875271971551583_1000x669.jpg",620,443,false],"2048x2048":["https:\/\/arantv.az\/wp-content\/uploads\/2019\/01\/15462875271971551583_1000x669.jpg",620,443,false],"post-thumbnail":["https:\/\/arantv.az\/wp-content\/uploads\/2019\/01\/15462875271971551583_1000x669-240x172.jpg",240,172,true],"advps-thumb-one":["https:\/\/arantv.az\/wp-content\/uploads\/2019\/01\/15462875271971551583_1000x669.jpg",620,443,false]},"rttpg_author":{"display_name":"V\u00fcsal Rafiqo\u011flu","author_link":"https:\/\/arantv.az\/?author=2"},"rttpg_comment":0,"rttpg_category":"<a href=\"https:\/\/arantv.az\/?cat=1\" rel=\"category\">C\u0259miyy\u0259t<\/a>","rttpg_excerpt":"2018-ci il sona \u00e7atd\u0131. Yola sald\u0131\u011f\u0131m\u0131z il \u00f6lk\u0259mizin tarixin\u0259 daha bir u\u011furlu il kimi daxil oldu. Az\u0259rbaycan ba\u015fa \u00e7atan bu ild\u0259 siyasi v\u0259 beyn\u0259lxalq m\u00f6vqel\u0259rini daha da m\u00f6hk\u0259ml\u0259ndirdi, m\u00fch\u00fcm u\u011furlar qazand\u0131. Prezident\u00a0\u0130lham \u018fliyevin r\u0259hb\u0259rliyi il\u0259 Az\u0259rbaycan h\u0259yat\u0131n b\u00fct\u00fcn sah\u0259l\u0259rind\u0259 yeni nailiyy\u0259tl\u0259r\u0259 imza at\u0131b, qar\u015f\u0131ya qoyulan h\u0259d\u0259fl\u0259r\u0259 do\u011fru inamla ir\u0259lil\u0259yib. Eyni zamanda, d\u00fcnya az\u0259rbaycanl\u0131lar\u0131 h\u0259mr\u0259ylik n\u00fcmayi\u015f&hellip;","_links":{"self":[{"href":"https:\/\/arantv.az\/index.php?rest_route=\/wp\/v2\/posts\/30059"}],"collection":[{"href":"https:\/\/arantv.az\/index.php?rest_route=\/wp\/v2\/posts"}],"about":[{"href":"https:\/\/arantv.az\/index.php?rest_route=\/wp\/v2\/types\/post"}],"author":[{"embeddable":true,"href":"https:\/\/arantv.az\/index.php?rest_route=\/wp\/v2\/users\/2"}],"replies":[{"embeddable":true,"href":"https:\/\/arantv.az\/index.php?rest_route=%2Fwp%2Fv2%2Fcomments&post=30059"}],"version-history":[{"count":0,"href":"https:\/\/arantv.az\/index.php?rest_route=\/wp\/v2\/posts\/30059\/revisions"}],"wp:featuredmedia":[{"embeddable":true,"href":"https:\/\/arantv.az\/index.php?rest_route=\/wp\/v2\/media\/30060"}],"wp:attachment":[{"href":"https:\/\/arantv.az\/index.php?rest_route=%2Fwp%2Fv2%2Fmedia&parent=30059"}],"wp:term":[{"taxonomy":"category","embeddable":true,"href":"https:\/\/arantv.az\/index.php?rest_route=%2Fwp%2Fv2%2Fcategories&post=30059"},{"taxonomy":"post_tag","embeddable":true,"href":"https:\/\/arantv.az\/index.php?rest_route=%2Fwp%2Fv2%2Ftags&post=30059"}],"curies":[{"name":"wp","href":"https:\/\/api.w.org\/{rel}","templated":true}]}}