{"id":30062,"date":"2019-01-01T09:04:41","date_gmt":"2019-01-01T06:04:41","guid":{"rendered":"http:\/\/arantv.az\/?p=30062"},"modified":"2019-01-01T09:04:41","modified_gmt":"2019-01-01T06:04:41","slug":"baki-2019-cu-ili-bel%c9%99-qarsilayir-s%c9%99h%c9%99rd%c9%99n-fotoreportaj","status":"publish","type":"post","link":"https:\/\/arantv.az\/?p=30062","title":{"rendered":"Bak\u0131 2019-cu ili bel\u0259 qar\u015f\u0131lay\u0131r &#8211; \u015e\u018fH\u018fRD\u018fN FOTOREPORTAJ"},"content":{"rendered":"<p>2018-ci il ba\u015fa \u00e7at\u0131r. \u00d6lk\u0259miz art\u0131q yeni ili qar\u015f\u0131lama\u011fa haz\u0131rla\u015f\u0131r. \u015e\u0259h\u0259rd\u0259 bunun \u00fc\u00e7\u00fcn m\u00fcxt\u0259lif r\u0259ngl\u0259rl\u0259 b\u0259z\u0259dilmi\u015f \u015fam a\u011faclar\u0131 qura\u015fd\u0131r\u0131l\u0131b, \u015eaxta Baba v\u0259 Qar Q\u0131zlar onlarla \u015f\u0259kil \u00e7\u0259kdirm\u0259yi arzulayan yeniyetm\u0259 v\u0259 g\u0259ncl\u0259rin xidm\u0259tind\u0259 dayan\u0131b.<\/p>\n<p>Bu, s\u00f6zl\u0259 deyil\u0259nl\u0259rdir. Bir d\u0259 buna fotolar\u0131n g\u00f6z\u00fc il\u0259 baxmaq laz\u0131md\u0131r.<\/p>\n<p><b>ARANTV.AZ\u00a0<\/b>oxu.az-a istinad\u0259n k\u00f6hn\u0259 ilin son g\u00fcn\u00fc \u015f\u0259h\u0259rd\u0259ki bayram ab havas\u0131n\u0131 g\u00f6st\u0259rm\u0259k \u00fc\u00e7\u00fcn fotoreportaj\u0131 t\u0259qdim edir.<br \/>\n<img class=\"imgbcodecent\" src=\"https:\/\/upload.az\/foto\/arxiv\/d2_21546276396.jpg\" alt=\"Bak\u0131 2019-cu ili bel\u0259 qar\u015f\u0131lay\u0131r - \u015e\u018fH\u018fRD\u018fN FOTOREPORTAJ\" \/><br \/>\n<img class=\"imgbcodecent\" src=\"https:\/\/upload.az\/foto\/arxiv\/d3_91546276396.jpg\" alt=\"Bak\u0131 2019-cu ili bel\u0259 qar\u015f\u0131lay\u0131r - \u015e\u018fH\u018fRD\u018fN FOTOREPORTAJ\" \/><\/p>\n<p><img class=\"imgbcodecent\" src=\"https:\/\/upload.az\/foto\/arxiv\/d4_31546276396.jpg\" alt=\"Bak\u0131 2019-cu ili bel\u0259 qar\u015f\u0131lay\u0131r - \u015e\u018fH\u018fRD\u018fN FOTOREPORTAJ\" \/><br \/>\n<ins><\/ins><\/p>\n<div>\n<p><strong>G\u0259lir m\u0259nb\u0259yind\u0259n as\u0131l\u0131 olmayaraq Daxili ipotekaya m\u00fcraci\u0259t edin.<\/strong><\/p>\n<\/div>\n<div id=\"beacon_e31e7ee98a\"><img loading=\"lazy\" src=\"https:\/\/ads2.newmedia.az\/www\/delivery\/lg.php?bannerid=9697&amp;campaignid=1501&amp;zoneid=975&amp;loc=https%3A%2F%2Fbig.az%2F339454-baki_2019-cu_ili_bele_qarsilayir_-_seherden_fotoreportaj.html&amp;referer=https%3A%2F%2Fbig.az%2F&amp;cb=e31e7ee98a\" alt=\"\" width=\"0\" height=\"0\" \/><\/div>\n<p><img class=\"imgbcodecent\" src=\"https:\/\/upload.az\/foto\/arxiv\/d5_71546276396.jpg\" alt=\"Bak\u0131 2019-cu ili bel\u0259 qar\u015f\u0131lay\u0131r - \u015e\u018fH\u018fRD\u018fN FOTOREPORTAJ\" \/><br \/>\n<img class=\"imgbcodecent\" src=\"https:\/\/upload.az\/foto\/arxiv\/d6_81546276396.jpg\" alt=\"Bak\u0131 2019-cu ili bel\u0259 qar\u015f\u0131lay\u0131r - \u015e\u018fH\u018fRD\u018fN FOTOREPORTAJ\" \/><br \/>\n<img class=\"imgbcodecent\" src=\"https:\/\/upload.az\/foto\/arxiv\/d7_41546276396.jpg\" alt=\"Bak\u0131 2019-cu ili bel\u0259 qar\u015f\u0131lay\u0131r - \u015e\u018fH\u018fRD\u018fN FOTOREPORTAJ\" \/><br \/>\n<img class=\"imgbcodecent\" src=\"https:\/\/upload.az\/foto\/arxiv\/d8_81546276396.jpg\" alt=\"Bak\u0131 2019-cu ili bel\u0259 qar\u015f\u0131lay\u0131r - \u015e\u018fH\u018fRD\u018fN FOTOREPORTAJ\" \/><br \/>\n<img class=\"imgbcodecent\" src=\"https:\/\/upload.az\/foto\/arxiv\/d9_81546276396.jpg\" alt=\"Bak\u0131 2019-cu ili bel\u0259 qar\u015f\u0131lay\u0131r - \u015e\u018fH\u018fRD\u018fN FOTOREPORTAJ\" \/><br \/>\n<img class=\"imgbcodecent\" src=\"https:\/\/upload.az\/foto\/arxiv\/d10_11546276396.jpg\" alt=\"Bak\u0131 2019-cu ili bel\u0259 qar\u015f\u0131lay\u0131r - \u015e\u018fH\u018fRD\u018fN FOTOREPORTAJ\" \/><br \/>\n<img class=\"imgbcodecent\" src=\"https:\/\/upload.az\/foto\/arxiv\/d11_71546276396.jpg\" alt=\"Bak\u0131 2019-cu ili bel\u0259 qar\u015f\u0131lay\u0131r - \u015e\u018fH\u018fRD\u018fN FOTOREPORTAJ\" \/><\/p>\n<p>&nbsp;<\/p>\n","protected":false},"excerpt":{"rendered":"<p>2018-ci il ba\u015fa \u00e7at\u0131r. \u00d6lk\u0259miz art\u0131q yeni ili qar\u015f\u0131lama\u011fa haz\u0131rla\u015f\u0131r. \u015e\u0259h\u0259rd\u0259 bunun \u00fc\u00e7\u00fcn m\u00fcxt\u0259lif r\u0259ngl\u0259rl\u0259 b\u0259z\u0259dilmi\u015f \u015fam a\u011faclar\u0131 qura\u015fd\u0131r\u0131l\u0131b, \u015eaxta Baba v\u0259 Qar Q\u0131zlar onlarla \u015f\u0259kil \u00e7\u0259kdirm\u0259yi arzulayan yeniyetm\u0259 v\u0259 g\u0259ncl\u0259rin xidm\u0259tind\u0259 dayan\u0131b. Bu, s\u00f6zl\u0259 deyil\u0259nl\u0259rdir. Bir d\u0259 buna fotolar\u0131n g\u00f6z\u00fc il\u0259 baxmaq laz\u0131md\u0131r. ARANTV.AZ\u00a0oxu.az-a istinad\u0259n k\u00f6hn\u0259 ilin son g\u00fcn\u00fc \u015f\u0259h\u0259rd\u0259ki bayram ab havas\u0131n\u0131 g\u00f6st\u0259rm\u0259k \u00fc\u00e7\u00fcn fotoreportaj\u0131 t\u0259qdim edir. G\u0259lir m\u0259nb\u0259yind\u0259n as\u0131l\u0131 olmayaraq Daxili ipotekaya m\u00fcraci\u0259t edin. &nbsp;<\/p>\n","protected":false},"author":2,"featured_media":30063,"comment_status":"closed","ping_status":"closed","sticky":false,"template":"","format":"standard","meta":{"om_disable_all_campaigns":false,"_monsterinsights_skip_tracking":false,"_monsterinsights_sitenote_active":false,"_monsterinsights_sitenote_note":"","_monsterinsights_sitenote_category":0},"categories":[1],"tags":[],"aioseo_notices":[],"gutentor_comment":0,"rttpg_featured_image_url":{"full":["https:\/\/arantv.az\/wp-content\/uploads\/2019\/01\/d1_81546276396.jpg",649,487,false],"landscape":["https:\/\/arantv.az\/wp-content\/uploads\/2019\/01\/d1_81546276396.jpg",649,487,false],"portraits":["https:\/\/arantv.az\/wp-content\/uploads\/2019\/01\/d1_81546276396.jpg",649,487,false],"thumbnail":["https:\/\/arantv.az\/wp-content\/uploads\/2019\/01\/d1_81546276396-150x150.jpg",150,150,true],"medium":["https:\/\/arantv.az\/wp-content\/uploads\/2019\/01\/d1_81546276396-300x225.jpg",300,225,true],"large":["https:\/\/arantv.az\/wp-content\/uploads\/2019\/01\/d1_81546276396.jpg",640,480,false],"1536x1536":["https:\/\/arantv.az\/wp-content\/uploads\/2019\/01\/d1_81546276396.jpg",649,487,false],"2048x2048":["https:\/\/arantv.az\/wp-content\/uploads\/2019\/01\/d1_81546276396.jpg",649,487,false],"post-thumbnail":["https:\/\/arantv.az\/wp-content\/uploads\/2019\/01\/d1_81546276396-240x172.jpg",240,172,true],"advps-thumb-one":["https:\/\/arantv.az\/wp-content\/uploads\/2019\/01\/d1_81546276396.jpg",649,487,false]},"rttpg_author":{"display_name":"V\u00fcsal Rafiqo\u011flu","author_link":"https:\/\/arantv.az\/?author=2"},"rttpg_comment":0,"rttpg_category":"<a href=\"https:\/\/arantv.az\/?cat=1\" rel=\"category\">C\u0259miyy\u0259t<\/a>","rttpg_excerpt":"2018-ci il ba\u015fa \u00e7at\u0131r. \u00d6lk\u0259miz art\u0131q yeni ili qar\u015f\u0131lama\u011fa haz\u0131rla\u015f\u0131r. \u015e\u0259h\u0259rd\u0259 bunun \u00fc\u00e7\u00fcn m\u00fcxt\u0259lif r\u0259ngl\u0259rl\u0259 b\u0259z\u0259dilmi\u015f \u015fam a\u011faclar\u0131 qura\u015fd\u0131r\u0131l\u0131b, \u015eaxta Baba v\u0259 Qar Q\u0131zlar onlarla \u015f\u0259kil \u00e7\u0259kdirm\u0259yi arzulayan yeniyetm\u0259 v\u0259 g\u0259ncl\u0259rin xidm\u0259tind\u0259 dayan\u0131b. Bu, s\u00f6zl\u0259 deyil\u0259nl\u0259rdir. Bir d\u0259 buna fotolar\u0131n g\u00f6z\u00fc il\u0259 baxmaq laz\u0131md\u0131r. ARANTV.AZ\u00a0oxu.az-a istinad\u0259n k\u00f6hn\u0259 ilin son g\u00fcn\u00fc \u015f\u0259h\u0259rd\u0259ki bayram ab havas\u0131n\u0131 g\u00f6st\u0259rm\u0259k&hellip;","_links":{"self":[{"href":"https:\/\/arantv.az\/index.php?rest_route=\/wp\/v2\/posts\/30062"}],"collection":[{"href":"https:\/\/arantv.az\/index.php?rest_route=\/wp\/v2\/posts"}],"about":[{"href":"https:\/\/arantv.az\/index.php?rest_route=\/wp\/v2\/types\/post"}],"author":[{"embeddable":true,"href":"https:\/\/arantv.az\/index.php?rest_route=\/wp\/v2\/users\/2"}],"replies":[{"embeddable":true,"href":"https:\/\/arantv.az\/index.php?rest_route=%2Fwp%2Fv2%2Fcomments&post=30062"}],"version-history":[{"count":0,"href":"https:\/\/arantv.az\/index.php?rest_route=\/wp\/v2\/posts\/30062\/revisions"}],"wp:featuredmedia":[{"embeddable":true,"href":"https:\/\/arantv.az\/index.php?rest_route=\/wp\/v2\/media\/30063"}],"wp:attachment":[{"href":"https:\/\/arantv.az\/index.php?rest_route=%2Fwp%2Fv2%2Fmedia&parent=30062"}],"wp:term":[{"taxonomy":"category","embeddable":true,"href":"https:\/\/arantv.az\/index.php?rest_route=%2Fwp%2Fv2%2Fcategories&post=30062"},{"taxonomy":"post_tag","embeddable":true,"href":"https:\/\/arantv.az\/index.php?rest_route=%2Fwp%2Fv2%2Ftags&post=30062"}],"curies":[{"name":"wp","href":"https:\/\/api.w.org\/{rel}","templated":true}]}}