{"id":30069,"date":"2019-01-01T09:07:23","date_gmt":"2019-01-01T06:07:23","guid":{"rendered":"http:\/\/arantv.az\/?p=30069"},"modified":"2019-01-01T09:07:23","modified_gmt":"2019-01-01T06:07:23","slug":"oguzda-20-yasli-g%c9%99nc-bicaqlandi","status":"publish","type":"post","link":"https:\/\/arantv.az\/?p=30069","title":{"rendered":"O\u011fuzda 20 ya\u015fl\u0131 g\u0259nc b\u0131\u00e7aqland\u0131"},"content":{"rendered":"<p><strong>O\u011fuz rayonunda 20 ya\u015fl\u0131 g\u0259nc b\u0131\u00e7aqlan\u0131b.\u00a0<\/strong><\/p>\n<p><strong>ARANTV.AZ<\/strong> report-a istinad\u0259n bildirir ki, gec\u0259 saatlar\u0131nda rayonun \u015eirvanl\u0131 k\u0259nd sakini, 1998-ci il t\u0259v\u0259ll\u00fcdl\u00fc\u00a0E\u015fqin Qabil o\u011flu X\u0259lilov\u00a0qar\u0131n bo\u015flu\u011funun k\u0259silmi\u015f-de\u015filmi\u015f b\u0131\u00e7aq yaras\u0131 x\u0259sar\u0259ti il\u0259 O\u011fuz Rayon M\u0259rk\u0259zi X\u0259st\u0259xanas\u0131na daxil olub.<\/p>\n<p>Onun v\u0259ziyy\u0259ti n\u0259z\u0259r\u0259 al\u0131naraq m\u00fcayin\u0259 v\u0259 m\u00fcalic\u0259sini davam etdirm\u0259k \u00fc\u00e7\u00fcn \u015e\u0259ki Rayon M\u0259rk\u0259zi X\u0259st\u0259xanas\u0131na g\u00f6nd\u0259rilib v\u0259 yaral\u0131 d\u0259rhal\u00a0c\u0259rrahiyy\u0259 \u0259m\u0259liyyat\u0131na al\u0131n\u0131b.<\/p>\n<div id=\"AdributorNativeVideo0\" class=\"AdributorNativeVideo\"><\/div>\n<p>Faktla ba\u011fl\u0131 ara\u015fd\u0131rma apar\u0131l\u0131r.<\/p>\n","protected":false},"excerpt":{"rendered":"<p>O\u011fuz rayonunda 20 ya\u015fl\u0131 g\u0259nc b\u0131\u00e7aqlan\u0131b.\u00a0 ARANTV.AZ report-a istinad\u0259n bildirir ki, gec\u0259 saatlar\u0131nda rayonun \u015eirvanl\u0131 k\u0259nd sakini, 1998-ci il t\u0259v\u0259ll\u00fcdl\u00fc\u00a0E\u015fqin Qabil o\u011flu X\u0259lilov\u00a0qar\u0131n bo\u015flu\u011funun k\u0259silmi\u015f-de\u015filmi\u015f b\u0131\u00e7aq yaras\u0131 x\u0259sar\u0259ti il\u0259 O\u011fuz Rayon M\u0259rk\u0259zi X\u0259st\u0259xanas\u0131na daxil olub. Onun v\u0259ziyy\u0259ti n\u0259z\u0259r\u0259 al\u0131naraq m\u00fcayin\u0259 v\u0259 m\u00fcalic\u0259sini davam etdirm\u0259k \u00fc\u00e7\u00fcn \u015e\u0259ki Rayon M\u0259rk\u0259zi X\u0259st\u0259xanas\u0131na g\u00f6nd\u0259rilib v\u0259 yaral\u0131 d\u0259rhal\u00a0c\u0259rrahiyy\u0259 \u0259m\u0259liyyat\u0131na al\u0131n\u0131b. Faktla ba\u011fl\u0131 ara\u015fd\u0131rma apar\u0131l\u0131r.<\/p>\n","protected":false},"author":2,"featured_media":30070,"comment_status":"closed","ping_status":"closed","sticky":false,"template":"","format":"standard","meta":{"om_disable_all_campaigns":false,"_monsterinsights_skip_tracking":false,"_monsterinsights_sitenote_active":false,"_monsterinsights_sitenote_note":"","_monsterinsights_sitenote_category":0},"categories":[3],"tags":[],"aioseo_notices":[],"gutentor_comment":0,"rttpg_featured_image_url":{"full":["https:\/\/arantv.az\/wp-content\/uploads\/2019\/01\/bicaq_0689.jpg",800,600,false],"landscape":["https:\/\/arantv.az\/wp-content\/uploads\/2019\/01\/bicaq_0689.jpg",800,600,false],"portraits":["https:\/\/arantv.az\/wp-content\/uploads\/2019\/01\/bicaq_0689.jpg",800,600,false],"thumbnail":["https:\/\/arantv.az\/wp-content\/uploads\/2019\/01\/bicaq_0689-150x150.jpg",150,150,true],"medium":["https:\/\/arantv.az\/wp-content\/uploads\/2019\/01\/bicaq_0689-300x225.jpg",300,225,true],"large":["https:\/\/arantv.az\/wp-content\/uploads\/2019\/01\/bicaq_0689.jpg",640,480,false],"1536x1536":["https:\/\/arantv.az\/wp-content\/uploads\/2019\/01\/bicaq_0689.jpg",800,600,false],"2048x2048":["https:\/\/arantv.az\/wp-content\/uploads\/2019\/01\/bicaq_0689.jpg",800,600,false],"post-thumbnail":["https:\/\/arantv.az\/wp-content\/uploads\/2019\/01\/bicaq_0689-240x172.jpg",240,172,true],"advps-thumb-one":["https:\/\/arantv.az\/wp-content\/uploads\/2019\/01\/bicaq_0689.jpg",800,600,false]},"rttpg_author":{"display_name":"V\u00fcsal Rafiqo\u011flu","author_link":"https:\/\/arantv.az\/?author=2"},"rttpg_comment":0,"rttpg_category":"<a href=\"https:\/\/arantv.az\/?cat=3\" rel=\"category\">Kriminal<\/a>","rttpg_excerpt":"O\u011fuz rayonunda 20 ya\u015fl\u0131 g\u0259nc b\u0131\u00e7aqlan\u0131b.\u00a0 ARANTV.AZ report-a istinad\u0259n bildirir ki, gec\u0259 saatlar\u0131nda rayonun \u015eirvanl\u0131 k\u0259nd sakini, 1998-ci il t\u0259v\u0259ll\u00fcdl\u00fc\u00a0E\u015fqin Qabil o\u011flu X\u0259lilov\u00a0qar\u0131n bo\u015flu\u011funun k\u0259silmi\u015f-de\u015filmi\u015f b\u0131\u00e7aq yaras\u0131 x\u0259sar\u0259ti il\u0259 O\u011fuz Rayon M\u0259rk\u0259zi X\u0259st\u0259xanas\u0131na daxil olub. Onun v\u0259ziyy\u0259ti n\u0259z\u0259r\u0259 al\u0131naraq m\u00fcayin\u0259 v\u0259 m\u00fcalic\u0259sini davam etdirm\u0259k \u00fc\u00e7\u00fcn \u015e\u0259ki Rayon M\u0259rk\u0259zi X\u0259st\u0259xanas\u0131na g\u00f6nd\u0259rilib v\u0259 yaral\u0131 d\u0259rhal\u00a0c\u0259rrahiyy\u0259 \u0259m\u0259liyyat\u0131na al\u0131n\u0131b.&hellip;","_links":{"self":[{"href":"https:\/\/arantv.az\/index.php?rest_route=\/wp\/v2\/posts\/30069"}],"collection":[{"href":"https:\/\/arantv.az\/index.php?rest_route=\/wp\/v2\/posts"}],"about":[{"href":"https:\/\/arantv.az\/index.php?rest_route=\/wp\/v2\/types\/post"}],"author":[{"embeddable":true,"href":"https:\/\/arantv.az\/index.php?rest_route=\/wp\/v2\/users\/2"}],"replies":[{"embeddable":true,"href":"https:\/\/arantv.az\/index.php?rest_route=%2Fwp%2Fv2%2Fcomments&post=30069"}],"version-history":[{"count":0,"href":"https:\/\/arantv.az\/index.php?rest_route=\/wp\/v2\/posts\/30069\/revisions"}],"wp:featuredmedia":[{"embeddable":true,"href":"https:\/\/arantv.az\/index.php?rest_route=\/wp\/v2\/media\/30070"}],"wp:attachment":[{"href":"https:\/\/arantv.az\/index.php?rest_route=%2Fwp%2Fv2%2Fmedia&parent=30069"}],"wp:term":[{"taxonomy":"category","embeddable":true,"href":"https:\/\/arantv.az\/index.php?rest_route=%2Fwp%2Fv2%2Fcategories&post=30069"},{"taxonomy":"post_tag","embeddable":true,"href":"https:\/\/arantv.az\/index.php?rest_route=%2Fwp%2Fv2%2Ftags&post=30069"}],"curies":[{"name":"wp","href":"https:\/\/api.w.org\/{rel}","templated":true}]}}