{"id":30076,"date":"2019-01-01T09:20:05","date_gmt":"2019-01-01T06:20:05","guid":{"rendered":"http:\/\/arantv.az\/?p=30076"},"modified":"2019-01-01T09:20:05","modified_gmt":"2019-01-01T06:20:05","slug":"2019-cu-ilin-az%c9%99rbaycan-ucun-daha-da-ugurlu-olacagina-z%c9%99man%c9%99t-ver%c9%99n-nailiyy%c9%99tl%c9%99r","status":"publish","type":"post","link":"https:\/\/arantv.az\/?p=30076","title":{"rendered":"2019-cu ilin Az\u0259rbaycan \u00fc\u00e7\u00fcn daha da u\u011furlu olaca\u011f\u0131na z\u0259man\u0259t ver\u0259n NA\u0130L\u0130YY\u018fTL\u018fR"},"content":{"rendered":"<p><em><strong>2018-ci il d\u0259 Az\u0259rbaycan \u00fc\u00e7\u00fcn u\u011furlu il oldu, qar\u015f\u0131ya qoyulan bir \u00e7ox m\u0259qs\u0259dl\u0259r\u0259 nail olundu. 2018-ci ild\u0259 d\u0259 Az\u0259rbaycanda daxili v\u0259 xarici siyas\u0259td\u0259 bir s\u0131ra nailiyy\u0259tl\u0259r \u0259ld\u0259 edildi.<\/strong><\/em><\/p>\n<p><em><strong>ARANTV.AZ trend-\u0259 istinad\u0259n bildirir ki,\u00a0\u00d6lk\u0259 iqtisadiyyat\u0131nda islahatlar davam etdirildi. Az\u0259rbaycan\u0131n n\u00f6vb\u0259ti peyki &#8220;Azerspace-2&#8221; orbit\u0259 burax\u0131ld\u0131. &#8220;C\u0259nub Qaz D\u0259hlizi&#8221;nin a\u00e7\u0131l\u0131\u015f\u0131 oldu, TANAP boru k\u0259m\u0259ri istifad\u0259y\u0259 verildi.<\/strong><\/em><\/p>\n<p><em><strong>2018-C\u0130 \u0130L\u0130N U\u011eURLARI:<\/strong><\/em><\/p>\n<p><strong>10 yanvar<\/strong><\/p>\n<p>Prezident \u0130lham \u018fliyev 2018-ci ili \u00f6lk\u0259mizd\u0259 &#8220;Az\u0259rbaycan Xalq C\u00fcmhuriyy\u0259ti \u0130li&#8221; elan etdi.<\/p>\n<p>D\u00f6vl\u0259timizin ba\u015f\u00e7\u0131s\u0131 bunu Nazirl\u0259r Kabinetinin 2017-ci ilin sosial-iqtisadi inki\u015faf\u0131n\u0131n yekunlar\u0131na v\u0259 qar\u015f\u0131da duran v\u0259zif\u0259l\u0259r\u0259 h\u0259sr olunan iclas\u0131nda b\u0259yan etdi.<\/p>\n<p>2018-ci il \u0259rzind\u0259 bununla \u0259laq\u0259dar h\u0259m \u00f6lk\u0259mizd\u0259, h\u0259m d\u0259 xaricd\u0259 bir \u00e7ox t\u0259dbirl\u0259r ke\u00e7irildi.<\/p>\n<p><img src=\"https:\/\/cdn.trend.az\/media\/pictures\/2018\/05\/28\/axc_photo_1.png\" alt=\"\" \/><\/p>\n<p><strong>5 fevral<\/strong><\/p>\n<p>Prezident \u0130lham \u018fliyev Az\u0259rbaycan Respublikas\u0131 Konstitusiyas\u0131n\u0131n 101-ci madd\u0259sinin I hiss\u0259sini r\u0259hb\u0259r tutaraq, Az\u0259rbaycan Se\u00e7ki M\u0259c\u0259ll\u0259sinin 179-cu madd\u0259sin\u0259 uy\u011fun olaraq, Az\u0259rbaycan Respublikas\u0131 Prezidenti se\u00e7kil\u0259rinin elan edilm\u0259si haqq\u0131nda s\u0259r\u0259ncam imzalad\u0131.<\/p>\n<p>M\u0259rk\u0259zi Se\u00e7ki Komissiyas\u0131na Az\u0259rbaycan Respublikas\u0131 Prezidenti se\u00e7kil\u0259rinin 2018-ci il aprelin 11-n\u0259 t\u0259yin olunmas\u0131n\u0131 v\u0259 Az\u0259rbaycan Se\u00e7ki M\u0259c\u0259ll\u0259sind\u0259 m\u00fc\u0259yy\u0259n edilmi\u015f qaydada ke\u00e7irilm\u0259sini t\u0259min etm\u0259k tap\u015f\u0131r\u0131ld\u0131.<\/p>\n<p><img src=\"https:\/\/cdn.trend.az\/media\/pictures\/2018\/04\/10\/trend_election_011115_026.jpg\" alt=\"\" \/><\/p>\n<p><strong>8 fevral<\/strong><\/p>\n<p>Yeni Az\u0259rbaycan Partiyas\u0131n\u0131n VI qurultay\u0131 ke\u00e7irildi.<\/p>\n<p>Qurultayda 2018-ci il aprelin 11-d\u0259 ke\u00e7iril\u0259c\u0259k prezident se\u00e7kil\u0259rind\u0259 partiyan\u0131n S\u0259dri, Az\u0259rbaycan Prezidenti \u0130lham \u018fliyevin namiz\u0259dliyinin ir\u0259li s\u00fcr\u00fclm\u0259si bar\u0259d\u0259 q\u0259rar q\u0259bul edildi. Q\u0259rar yekdillikl\u0259 q\u0259bul olundu.<\/p>\n<p><img src=\"https:\/\/cdn.trend.az\/media\/pictures\/2018\/02\/08\/prezident_080218_2.jpg\" alt=\"\" \/><\/p>\n<p><strong>29 mart<\/strong><\/p>\n<p>Neft\u00e7ala S\u0259naye M\u0259h\u0259ll\u0259sind\u0259 &#8220;Az\u0259rma\u015f&#8221; ASC v\u0259 &#8220;\u0130ran Khodro&#8221; \u015firk\u0259tinin birg\u0259 &#8220;X\u0259z\u0259r&#8221; avtomobil zavodu a\u00e7\u0131ld\u0131.<\/p>\n<p>Az\u0259rbaycan Prezidenti \u0130lham \u018fliyev v\u0259 \u0130ran \u0130slam Respublikas\u0131n\u0131n Prezident H\u0259s\u0259n Ruhani m\u00fc\u0259ssis\u0259nin a\u00e7\u0131l\u0131\u015f\u0131n\u0131 bildir\u0259n d\u00fcym\u0259ni basd\u0131lar.<\/p>\n<p><img src=\"https:\/\/cdn.trend.az\/media\/pictures\/2018\/03\/29\/prezident_forum_290318_2.jpg\" alt=\"\" \/><\/p>\n<p><strong>11 aprel<\/strong><\/p>\n<p>Az\u0259rbaycanda azad, demokratik, \u015f\u0259ffaf prezident se\u00e7kil\u0259ri ke\u00e7irildi.<\/p>\n<p>894 beyn\u0259lxalq (61 t\u0259\u015fkilat, 59 \u00f6lk\u0259) v\u0259 58 175 yerli m\u00fc\u015fahid\u0259\u00e7inin izl\u0259diyi se\u00e7kil\u0259rd\u0259 Prezident \u0130lham \u018fliyev 86 faizd\u0259n \u00e7ox s\u0259s toplamaqla n\u00f6vb\u0259ti d\u0259f\u0259 Az\u0259rbaycan Respublikas\u0131n\u0131n Prezidenti se\u00e7ildi.<\/p>\n<p><img src=\"https:\/\/cdn.trend.az\/media\/pictures\/2018\/04\/11\/president_election_110418_10.jpg\" alt=\"\" \/><\/p>\n<p><strong>21 aprel<\/strong><\/p>\n<p>Novruz M\u0259mm\u0259dov Az\u0259rbaycan Respublikas\u0131n\u0131n Ba\u015f naziri t\u0259yin edildi.<\/p>\n<p>Prezident \u0130lham \u018fliyevin imzalad\u0131\u011f\u0131 m\u00fcvafiq s\u0259r\u0259ncamda qeyd edildi ki, Novruz \u0130smay\u0131l o\u011flu M\u0259mm\u0259dov Az\u0259rbaycan Respublikas\u0131n\u0131n Ba\u015f naziri t\u0259yin edilsin.<\/p>\n<p><img src=\"https:\/\/cdn.trend.az\/media\/pictures\/2018\/07\/27\/novruz_mammadov_main_new_270718_2.jpg\" alt=\"\" \/><\/p>\n<p><strong>26 aprel<\/strong><\/p>\n<p>Londonda Prezident \u0130lham \u018fliyevin v\u0259 Ba\u015f nazir Tereza Meyin i\u015ftirak\u0131 il\u0259 Az\u0259rbaycan Respublikas\u0131 D\u00f6vl\u0259t Neft \u015eirk\u0259ti (SOCAR), &#8220;BP Exploration (Azerbaijan) Limited&#8221; \u015firk\u0259ti v\u0259 SOCAR-\u0131n Ortaq Neft \u015eirk\u0259ti aras\u0131nda X\u0259z\u0259r d\u0259nizinin Az\u0259rbaycan sektorunda D230 perspektiv blokunun birg\u0259 k\u0259\u015ffiyyat\u0131 v\u0259 i\u015fl\u0259nilm\u0259si \u00fczr\u0259 hasilat\u0131n pay b\u00f6lg\u00fcs\u00fc haqq\u0131nda sazi\u015f imzaland\u0131.<\/p>\n<p><img src=\"https:\/\/cdn.trend.az\/media\/pictures\/2018\/04\/26\/president_may_260418_7.jpg\" alt=\"\" \/><\/p>\n<p><strong>27-29 aprel tarixl\u0259rind\u0259\u00a0<\/strong>Bak\u0131da n\u00f6vb\u0259ti d\u0259f\u0259 Formula 1 Az\u0259rbaycan Qran Prisi ke\u00e7irildi.<\/p>\n<p>H\u0259r biri iki pilotla t\u0259msil olunan 10 komandan\u0131n m\u00fcbariz\u0259 apard\u0131\u011f\u0131 yar\u0131\u015fda &#8220;Mercedes&#8221;in pilotu Lyuis Hemilton Formula 1 Az\u0259rbaycan Qran Prisinin qalibi oldu.<\/p>\n<p>Fini\u015f x\u0259ttini 20 pilotdan 13-\u00fc ke\u00e7\u0259 bildi:<\/p>\n<p>1. Lyuis Hemilton (&#8220;Mercedes&#8221;) 1:43:44.291<br \/>\n2. Kimi Raykonnen (&#8220;Ferrari&#8221;) +2.460s<br \/>\n3. Serxio Peres (&#8220;Force India&#8221;) +4.024s<\/p>\n<p><img src=\"https:\/\/cdn.trend.az\/media\/pictures\/2018\/04\/29\/formula1_aliyev_ilham_29042018_(11).jpg\" alt=\"\" \/><\/p>\n<p><strong>14 may<\/strong><\/p>\n<p>Az\u0259rbaycan Prezidenti \u0130lham \u018fliyev paytaxt\u0131n Qarada\u011f rayonunun \u018fl\u0259t q\u0259s\u0259b\u0259sind\u0259 Bak\u0131 Beyn\u0259lxalq D\u0259niz Ticar\u0259t Liman\u0131 Kompleksinin a\u00e7\u0131l\u0131\u015f\u0131nda i\u015ftirak etdi.<\/p>\n<p>Bu liman birinci kateqoriya limanlar \u00fc\u00e7\u00fcn m\u00fc\u0259yy\u0259n edilmi\u015f texniki t\u0259l\u0259bl\u0259r\u0259 uy\u011fun layih\u0259l\u0259ndirilib v\u0259 in\u015fa olunub. \u015e\u0259rq-Q\u0259rb v\u0259 \u015eimal-C\u0259nub n\u0259qliyyat d\u0259hlizl\u0259rinin qov\u015fa\u011f\u0131nda yerl\u0259\u015f\u0259n Bak\u0131 Beyn\u0259lxalq D\u0259niz Ticar\u0259t Liman\u0131 Kompleksi \u00f6lk\u0259nin tranzit imkanlar\u0131n\u0131n geni\u015fl\u0259ndirilm\u0259sind\u0259 h\u0259lledici rola malikdir.<\/p>\n<p>Liman 117 hektar \u0259razini \u0259hat\u0259 edir v\u0259 12 yanalma k\u00f6rp\u00fcs\u00fcn\u0259 malikdir. Liman\u0131n y\u00fcka\u015f\u0131rma imkan\u0131 illik 15 milyon ton y\u00fck, o c\u00fcml\u0259d\u0259n 100 min konteyner t\u0259\u015fkil edir. K\u00f6rp\u00fcl\u0259rin \u00fcmumi uzunlu\u011fu 2100 metr\u0259 yax\u0131nd\u0131r. Limanda xidm\u0259ti donanma g\u0259mil\u0259ri \u00fc\u00e7\u00fcn k\u00f6rp\u00fcn\u00fcn uzunlu\u011fu 155 metrdir v\u0259 buraya eyni zamanda 11 g\u0259mi yan ala bil\u0259r.<\/p>\n<p><img src=\"https:\/\/cdn.trend.az\/media\/pictures\/2018\/05\/14\/president_liman_140518_43.jpg\" alt=\"\" \/><\/p>\n<p><strong>24 nay<\/strong><\/p>\n<p>Prezident \u0130lham \u018fliyev m\u0259hkum edilmi\u015f bir s\u0131ra \u015f\u0259xsl\u0259rin Az\u0259rbaycan Xalq C\u00fcmhuriyy\u0259tinin 100 illiyi m\u00fcnasib\u0259til\u0259 \u0259fv olunmas\u0131 haqq\u0131nda s\u0259r\u0259ncam imzalad\u0131.<\/p>\n<p>\u018ffv s\u0259r\u0259ncam\u0131 \u00fcmumilikd\u0259 634 n\u0259f\u0259r\u0259 \u015famil olundu. Onlardan azadl\u0131qdan m\u0259hrum etm\u0259 c\u0259zas\u0131na m\u0259hkum edilmi\u015f 607 n\u0259f\u0259r c\u0259zan\u0131n \u00e7\u0259kilm\u0259mi\u015f hiss\u0259sind\u0259n azad edildi. H\u0259m\u00e7inin azadl\u0131qdan m\u0259hrum etm\u0259 c\u0259zas\u0131na m\u0259hkum edilmi\u015f v\u0259 c\u0259zas\u0131n\u0131n \u00e7\u0259kilm\u0259si t\u0259xir\u0259 sal\u0131nm\u0131\u015f 1 n\u0259f\u0259r, azadl\u0131qdan m\u0259hrumetm\u0259 c\u0259zas\u0131na \u015f\u0259rti olaraq m\u0259hkum edilmi\u015f 9 n\u0259f\u0259r, c\u0259rim\u0259 c\u0259zas\u0131na m\u0259hkum edilmi\u015f 11 n\u0259f\u0259r c\u0259zadan v\u0259 islah i\u015fl\u0259ri c\u0259zas\u0131na m\u0259hkum edilmi\u015f 6 n\u0259f\u0259r c\u0259zan\u0131n \u00e7\u0259kilm\u0259mi\u015f hiss\u0259sind\u0259n azad edildi.<\/p>\n<p>\u018ffv s\u0259r\u0259ncam\u0131 39 xarici v\u0259t\u0259nda\u015fa, o c\u00fcml\u0259d\u0259n 11 G\u00fcrc\u00fcstan, 5 \u00c7in, 4 Rusiya, 4 \u0130ran, 3 T\u00fcrkiy\u0259, 3 Banqlade\u015f, 2 T\u00fcrkm\u0259nistan, 2 Qazax\u0131stan, h\u0259r\u0259sin\u0259 1-i olmaqla \u00d6zb\u0259kistan, Kamerun, Hindistan, \u018ffqan\u0131stan, Ukrayna v\u0259t\u0259nda\u015flar\u0131na v\u0259 v\u0259t\u0259nda\u015fl\u0131\u011f\u0131 olmayan 3 \u015f\u0259xs\u0259 d\u0259 \u015famil olundu.<\/p>\n<p><img src=\"https:\/\/cdn.trend.az\/media\/pictures\/2018\/05\/25\/trend_efh_6n_prison_part_3_250518_(9).jpg\" alt=\"\" \/><\/p>\n<p><strong>29 may<\/strong><\/p>\n<p>S\u0259ng\u0259\u00e7al terminal\u0131nda Az\u0259rbaycan qaz\u0131n\u0131n Avropaya n\u0259qlini n\u0259z\u0259rd\u0259 tutan C\u0259nub Qaz D\u0259hlizinin r\u0259smi a\u00e7\u0131l\u0131\u015f\u0131 oldu.<\/p>\n<p>Az\u0259rbaycan Prezidenti \u0130lham \u018fliyev a\u00e7\u0131l\u0131\u015f m\u0259rasimind\u0259 i\u015ftirak etdi.<\/p>\n<p><img src=\"https:\/\/cdn.trend.az\/media\/pictures\/2018\/05\/29\/president_290518_43.jpg\" alt=\"\" \/><\/p>\n<p><strong>12 iyun<\/strong><\/p>\n<p>Az\u0259rbaycanla Belarus aras\u0131nda h\u00f6kum\u0259tl\u0259raras\u0131 raz\u0131la\u015fmaya \u0259sas\u0259n \u00f6lk\u0259miz\u0259 g\u0259tiril\u0259n 301 mm-lik &#8220;POLONEZ&#8221;l\u0259r ordumuzun silahlanmas\u0131na daxil edildi.<\/p>\n<p>&#8220;POLONEZ&#8221;in maksimal at\u0131\u015f uzaql\u0131\u011f\u0131 300 kilometr\u0259 q\u0259d\u0259rdir. Raketin \u00e7\u0259kisi 780 kiloqram, d\u00f6y\u00fc\u015f ba\u015fl\u0131\u011f\u0131 hiss\u0259sinin \u00e7\u0259kisi 140 kiloqram, z\u0259r\u0259rvurma radiusu is\u0259 80 metrdir. &#8220;POLONEZ&#8221;in maksimal u\u00e7u\u015f m\u00fcdd\u0259ti saniy\u0259d\u0259 310 metr, at\u0131\u015fa haz\u0131rl\u0131q vaxt\u0131 10 d\u0259qiq\u0259, istismar m\u00fcdd\u0259ti is\u0259 10 ildir. Bir d\u00f6y\u00fc\u015f ma\u015f\u0131n\u0131nda 8 raket olur.<\/p>\n<p>Bu kompleks d\u00fc\u015fm\u0259nin \u0259m\u0259liyyat d\u00fcz\u00fcl\u00fc\u015f\u00fcn\u00fcn b\u00fct\u00fcn d\u0259rinliyind\u0259 onun n\u00fcv\u0259 v\u0259 kimy\u0259vi h\u00fccum vasit\u0259l\u0259rin\u0259, k\u0259\u015ffiyyat-z\u0259rb\u0259 sisteml\u0259rinin yer\u00fcst\u00fc elementl\u0259rin\u0259, qo\u015funlar\u0131n \u0259sas qrupla\u015fmalar\u0131na, bazalarda yerl\u0259\u015f\u0259n aviasiyas\u0131na, hava h\u00fccumundan m\u00fcdafi\u0259 vasit\u0259l\u0259rin\u0259 v\u0259 obyektl\u0259rin\u0259, idar\u0259etm\u0259 m\u0259nt\u0259q\u0259l\u0259rin\u0259, radioelektron vasit\u0259l\u0259rin\u0259, arxa c\u0259bh\u0259 v\u0259 dig\u0259r obyektl\u0259rin\u0259 z\u0259rb\u0259 vurulmas\u0131 \u00fc\u00e7\u00fcnd\u00fcr. Bundan ba\u015fqa, kompleks vasit\u0259sil\u0259 d\u0259nizsahili istiqam\u0259tl\u0259rd\u0259 d\u00fc\u015fm\u0259n donanmas\u0131n\u0131n yerl\u0259\u015fm\u0259 m\u0259nt\u0259q\u0259l\u0259ri da\u011f\u0131d\u0131l\u0131r v\u0259 onun d\u00f6y\u00fc\u015f g\u0259mil\u0259ri m\u0259hv edilir.<\/p>\n<p><img src=\"https:\/\/cdn.trend.az\/media\/pictures\/2018\/09\/27\/polonez_raket_270918__(1).jpg\" alt=\"\" \/><\/p>\n<p><strong>\u0130yunun 12-d\u0259<\/strong>\u00a0T\u00fcrkiy\u0259nin \u018fski\u015f\u0259h\u0259r \u015f\u0259h\u0259rind\u0259 Trans-Anadolu (TANAP) qaz k\u0259m\u0259rinin istifad\u0259y\u0259 verilm\u0259si m\u00fcnasib\u0259til\u0259 t\u0259nt\u0259n\u0259li m\u0259rasim ke\u00e7irildi. Az\u0259rbaycan Respublikas\u0131n\u0131n Prezidenti \u0130lham \u018fliyev m\u0259rasimd\u0259 i\u015ftirak etdi.<\/p>\n<p>TANAP layih\u0259si X\u0259z\u0259r d\u0259nizinin Az\u0259rbaycan sektorundak\u0131 &#8220;\u015eahd\u0259niz-2&#8221; yata\u011f\u0131ndan v\u0259 X\u0259z\u0259rin dig\u0259r sah\u0259l\u0259rind\u0259n hasil edil\u0259n t\u0259bii qaz\u0131n T\u00fcrkiy\u0259y\u0259 v\u0259 Avropaya n\u0259qlini n\u0259z\u0259rd\u0259 tutur. C\u0259nub Qaz D\u0259hlizinin \u0259sas seqmentl\u0259rind\u0259n biri olan TANAP G\u00fcrc\u00fcstandan v\u0259 T\u00fcrkiy\u0259nin 20 vilay\u0259tind\u0259n ke\u00e7\u0259r\u0259k Yunan\u0131stan s\u0259rh\u0259din\u0259 q\u0259d\u0259r uzan\u0131r.<\/p>\n<p>Layih\u0259 il\u0259 ba\u011fl\u0131 Az\u0259rbaycan il\u0259 T\u00fcrkiy\u0259 aras\u0131nda Anla\u015fma Memorandumu 2011-ci il dekabr\u0131n 24-d\u0259, Trans-Anadolu t\u0259bii qaz boru k\u0259m\u0259ri sistemin\u0259 dair Sazi\u015f is\u0259 2012-ci il iyunun 26-da \u0130stanbulda imzalan\u0131b v\u0259 h\u0259r iki \u00f6lk\u0259nin m\u00fcvafiq qanunverici orqanlar\u0131 t\u0259r\u0259find\u0259n t\u0259sdiql\u0259nib. TANAP layih\u0259si t\u0259bii qaz\u0131n &#8220;\u015eahd\u0259niz&#8221;, eyni zamanda, Az\u0259rbaycan\u0131n dig\u0259r yataqlar\u0131ndan Avropa bazarlar\u0131na n\u0259ql edilm\u0259si potensial\u0131na g\u00f6r\u0259 m\u00fch\u00fcm siyasi v\u0259 iqtisadi \u0259h\u0259miyy\u0259t\u0259 malikdir.<\/p>\n<p><img src=\"https:\/\/cdn.trend.az\/media\/pictures\/2018\/06\/13\/president_tanap_25.jpg\" alt=\"\" \/><\/p>\n<p><strong>26 iyun<\/strong><\/p>\n<p>Az\u0259rbaycan Silahl\u0131 Q\u00fcvv\u0259l\u0259rinin yarad\u0131lmas\u0131n\u0131n 100 illik yubileyi m\u00fcnasib\u0259til\u0259 Bak\u0131n\u0131n Azadl\u0131q meydan\u0131nda t\u0259nt\u0259n\u0259li h\u0259rbi parad ke\u00e7irildi. Az\u0259rbaycan Respublikas\u0131n\u0131n Prezidenti, Silahl\u0131 Q\u00fcvv\u0259l\u0259rin Ali Ba\u015f Komandan\u0131 \u0130lham \u018fliyev, birinci xan\u0131m Mehriban \u018fliyeva paradda oldular.<\/p>\n<p>H\u0259rbi paradda M\u00fcdafi\u0259, Daxili \u0130\u015fl\u0259r, F\u00f6vq\u0259lad\u0259 Hallar nazirlikl\u0259rinin, D\u00f6vl\u0259t T\u0259hl\u00fck\u0259sizliyi, D\u00f6vl\u0259t S\u0259rh\u0259d v\u0259 X\u00fcsusi D\u00f6vl\u0259t M\u00fchafiz\u0259 xidm\u0259tl\u0259rinin, el\u0259c\u0259 d\u0259 T\u00fcrkiy\u0259 Respublikas\u0131 Silahl\u0131 Q\u00fcvv\u0259l\u0259rinin parad hey\u0259tind\u0259n ibar\u0259t 4 min n\u0259f\u0259r\u0259d\u0259k \u015f\u0259xsi hey\u0259t i\u015ftirak etdi. T\u0259nt\u0259n\u0259li m\u0259rasimd\u0259 240-dan \u00e7ox h\u0259rbi texnika, g\u0259mil\u0259r, 70-d\u0259n art\u0131q u\u00e7u\u015f vasit\u0259si, o c\u00fcml\u0259d\u0259n silahlanmaya yeni q\u0259bul edilmi\u015f \u0259n m\u00fcasir zirehli texnikalar, raket v\u0259 artilleriya qur\u011fular\u0131, hava h\u00fccumundan m\u00fcdafi\u0259 sisteml\u0259ri, helikopterl\u0259r, pilotsuz u\u00e7u\u015f aparatlar\u0131 kimi m\u00fcxt\u0259lif n\u00f6v \u0259n yeni silah v\u0259 texnikalar n\u00fcmayi\u015f olundu.<\/p>\n<p>Paradda, h\u0259m\u00e7inin T\u00fcrkiy\u0259, Pakistan, Belarus, B\u0259hreyn, Birl\u0259\u015fmi\u015f \u018fr\u0259b \u018fmirlikl\u0259ri, G\u00fcrc\u00fcstan, \u0130ran, \u0130srail, Qazax\u0131stan, \u00d6zb\u0259kistan, Rusiya, S\u0259udiyy\u0259 \u018fr\u0259bistan\u0131 v\u0259 Ukraynadan olan 100-d\u0259k n\u00fcmay\u0259nd\u0259 i\u015ftirak etdi.<\/p>\n<p><img src=\"https:\/\/cdn.trend.az\/media\/pictures\/2018\/06\/26\/trend_parade_260618_61.jpg\" alt=\"\" \/><\/p>\n<p><strong>11 iyul<\/strong><\/p>\n<p>Br\u00fcsseld\u0259 Az\u0259rbaycan Respublikas\u0131n\u0131n Prezidenti \u0130lham \u018fliyevin v\u0259 Avropa \u0130ttifaq\u0131 (A\u0130) \u015euras\u0131n\u0131n prezidenti Donald Tuskun i\u015ftirak\u0131 il\u0259 &#8220;T\u0259r\u0259fda\u015fl\u0131q prioritetl\u0259ri&#8221; s\u0259n\u0259dinin paraflanmas\u0131 m\u0259rasimi oldu.<\/p>\n<p>S\u0259n\u0259din birinci b\u0259ndind\u0259 qeyd edilir ki, \u0259m\u0259kda\u015fl\u0131\u011f\u0131n daha da g\u00fccl\u0259ndirilm\u0259si m\u0259qs\u0259dil\u0259 qar\u015f\u0131l\u0131ql\u0131 maraq v\u0259 birg\u0259 d\u0259y\u0259rl\u0259r\u0259 \u0259saslanaraq Az\u0259rbaycan v\u0259 Avropa \u0130ttifaq\u0131 t\u0259r\u0259find\u0259n birg\u0259 t\u0259r\u0259fda\u015fl\u0131q prioritetl\u0259ri raz\u0131la\u015fd\u0131r\u0131ld\u0131. Eyni zamanda, birinci b\u0259ndd\u0259 h\u0259r iki t\u0259r\u0259fin \u00f6lk\u0259l\u0259rin \u0259razi b\u00fct\u00f6vl\u00fcy\u00fc, m\u00fcst\u0259qilliyi v\u0259 suverenliyi il\u0259 yana\u015f\u0131, d\u00f6vl\u0259tl\u0259rin beyn\u0259lxalq s\u0259rh\u0259dl\u0259rin toxunulmazl\u0131\u011f\u0131n\u0131n d\u0259st\u0259kl\u0259nm\u0259sin\u0259 sadiqliyi ifad\u0259 olunur.<\/p>\n<p>T\u0259r\u0259fda\u015fl\u0131q v\u0259 qar\u015f\u0131l\u0131ql\u0131 h\u00f6rm\u0259t\u0259 \u0259saslanan s\u0259n\u0259dd\u0259 Az\u0259rbaycan\u0131n \u0259lveri\u015fli geostrateji m\u00f6vqey\u0259 malik olmas\u0131, \u00f6lk\u0259mizin \u015e\u0259rq-Q\u0259rb v\u0259 \u015eimal-C\u0259nub n\u0259qliyyat v\u0259 enerji layih\u0259l\u0259rinin h\u0259yata ke\u00e7irilm\u0259sin\u0259 verdiyi t\u00f6hf\u0259 d\u0259 A\u0130 t\u0259r\u0259find\u0259n vur\u011fulan\u0131r. Eyni zamanda, &#8220;C\u0259nub Qaz D\u0259hlizi&#8221; layih\u0259sinin tezlikl\u0259 tam yekunla\u015fmas\u0131n\u0131n v\u0259 bunun n\u0259tic\u0259sind\u0259 Avropa bazarlar\u0131na t\u0259bii qaz\u0131n \u00e7atd\u0131r\u0131lmas\u0131n\u0131n \u0259sas prioritetl\u0259r s\u0131ras\u0131nda oldu\u011fu bildirilir. Paraflanan s\u0259n\u0259dd\u0259 Az\u0259rbaycanla Avropa \u0130ttifaq\u0131 aras\u0131nda vizalar\u0131n l\u0259\u011fvi sah\u0259sind\u0259 dialoqun perspektivl\u0259ri d\u0259 \u0259ksini tap\u0131b.<\/p>\n<p><img src=\"https:\/\/cdn2.trend.az\/media\/pictures\/2017\/08\/31\/eu_azerbaijan_flags_310817.jpg\" alt=\"\" \/><\/p>\n<p><strong>12 avqust<\/strong><\/p>\n<p>Qazax\u0131stan\u0131n Aktau \u015f\u0259h\u0259rind\u0259 X\u0259z\u0259ryan\u0131 d\u00f6vl\u0259tl\u0259rin d\u00f6vl\u0259t ba\u015f\u00e7\u0131lar\u0131n\u0131n V Zirv\u0259 toplant\u0131s\u0131nda s\u0259n\u0259dl\u0259rin imzalanmas\u0131 m\u0259rasimi oldu.<\/p>\n<p>X\u0259z\u0259r d\u0259nizinin h\u00fcquqi statusu haqq\u0131nda Konvensiyan\u0131 Az\u0259rbaycan Prezidenti \u0130lham \u018fliyev, Qazax\u0131stan Prezidenti Nursultan Nazarbayev, Rusiya Prezidenti Vladimir Putin, \u0130ran Prezidenti H\u0259s\u0259n Ruhani v\u0259 T\u00fcrkm\u0259nistan Prezidenti Qurbanqulu Berdim\u0259h\u0259mm\u0259dov imzalad\u0131lar.<\/p>\n<p>Bundan \u0259lav\u0259, X\u0259z\u0259ryan\u0131 d\u00f6vl\u0259tl\u0259rin m\u00fcvafiq qurumlar\u0131n\u0131n r\u0259hb\u0259rl\u0259ri t\u0259r\u0259find\u0259n bu Konvensiyadan ir\u0259li g\u0259l\u0259n dig\u0259r m\u00fch\u00fcm s\u0259n\u0259dl\u0259r &#8211; X\u0259z\u0259r d\u0259nizind\u0259 m\u00fct\u0259\u015f\u0259kkil cinay\u0259tkarl\u0131\u011fa qar\u015f\u0131 m\u00fcbariz\u0259 sah\u0259sind\u0259 \u0259m\u0259kda\u015fl\u0131q haqq\u0131nda Protokol, X\u0259z\u0259ryan\u0131 d\u00f6vl\u0259tl\u0259rin h\u00f6kum\u0259tl\u0259ri aras\u0131nda ticari-iqtisadi \u0259m\u0259kda\u015fl\u0131q haqq\u0131nda Sazi\u015f, X\u0259z\u0259ryan\u0131 d\u00f6vl\u0259tl\u0259rin h\u00f6kum\u0259tl\u0259ri aras\u0131nda n\u0259qliyyat sah\u0259sind\u0259 \u0259m\u0259kda\u015fl\u0131q haqq\u0131nda Sazi\u015f, X\u0259z\u0259r d\u0259nizind\u0259 insidentl\u0259rin qar\u015f\u0131s\u0131n\u0131n al\u0131nmas\u0131 haqq\u0131nda Sazi\u015f v\u0259 s\u0259rh\u0259d xidm\u0259ti idar\u0259l\u0259rinin \u0259m\u0259kda\u015fl\u0131\u011f\u0131 v\u0259 qar\u015f\u0131l\u0131ql\u0131 \u0259laq\u0259l\u0259ri haqq\u0131nda Protokol imzaland\u0131.<\/p>\n<p><img src=\"https:\/\/cdn.trend.az\/media\/pictures\/2018\/08\/12\/caspian_summit_aktau_120818.jpg\" alt=\"\" \/><\/p>\n<p><strong>15 sentyabr<\/strong><\/p>\n<p>Az\u0259rbaycan paytaxt\u0131n\u0131n Azadl\u0131q meydan\u0131nda Bak\u0131 \u015f\u0259h\u0259rinin azad edilm\u0259sinin 100 illiyin\u0259 h\u0259sr olunmu\u015f parad ke\u00e7irildi.<\/p>\n<p>Az\u0259rbaycan Respublikas\u0131n\u0131n Prezidenti \u0130lham \u018fliyev, T\u00fcrkiy\u0259 Respublikas\u0131n\u0131n Prezidenti R\u0259c\u0259b Tayyib \u018frdo\u011fan v\u0259 Az\u0259rbaycan\u0131n birinci xan\u0131m\u0131 Mehriban \u018fliyeva paradda i\u015ftirak etdil\u0259r.<\/p>\n<p>Y\u00fczl\u0259rl\u0259 h\u0259rbi texnikan\u0131n, u\u00e7u\u015f vasit\u0259l\u0259rinin, zirehli texnikalar\u0131n, raket v\u0259 artilleriya silahlar\u0131n\u0131n, hava h\u00fccumundan m\u00fcdafi\u0259 sisteml\u0259rinin, helikopterl\u0259rin, pilotsuz u\u00e7u\u015f aparatlar\u0131n\u0131n, dig\u0259r silah v\u0259 texnikan\u0131n n\u00fcmayi\u015f olundu\u011fu bu parad bir daha g\u00f6st\u0259rdi ki, son ill\u0259rd\u0259 ordumuz \u0259h\u0259miyy\u0259tli d\u0259r\u0259c\u0259d\u0259 g\u00fccl\u0259nib.<\/p>\n<p><img src=\"https:\/\/cdn.trend.az\/media\/pictures\/2018\/09\/15\/trend_photo_parad_150918_26.jpg\" alt=\"\" \/><\/p>\n<p><strong>26 sentyabr<\/strong><\/p>\n<p>Az\u0259rbaycan\u0131n \u00fc\u00e7\u00fcnc\u00fc peyki &#8211; &#8220;Azerspace-2&#8221; peyki Fransa Qvianas\u0131nda yerl\u0259\u015f\u0259n Qviana Kosmos M\u0259rk\u0259zind\u0259ki ELA-3 burax\u0131l\u0131\u015f platformas\u0131ndan orbit\u0259 burax\u0131ld\u0131.<\/p>\n<p>Peyk Fransan\u0131n &#8220;Arianespace&#8221; \u015firk\u0259tin\u0259 m\u0259xsus &#8220;Ariane 5&#8221; da\u015f\u0131y\u0131c\u0131 raketi il\u0259 orbit\u0259 burax\u0131ld\u0131 v\u0259 startdan t\u0259qrib\u0259n 42 d\u0259qiq\u0259 sonra raketin g\u00f6vd\u0259sind\u0259n u\u011furla ayr\u0131ld\u0131.<\/p>\n<p>&#8220;Azerspace-2&#8221; peyki AB\u015e-\u0131n &#8220;Space Systems\/Loral&#8221; (SSL) \u015firk\u0259ti t\u0259r\u0259find\u0259n y\u00fcks\u0259k etibarl\u0131 &#8220;SSL 1300&#8221; peyk platformas\u0131 \u0259sas\u0131nda istehsal olunub. Peyk geostasionar orbitd\u0259 45\u00b0 \u015f\u0259rq uzunlu\u011fu orbital m\u00f6vqeyind\u0259 f\u0259aliyy\u0259t g\u00f6st\u0259rir. &#8220;Azerspace-2&#8221; peykinin orbitd\u0259 yanacaq \u00f6mr\u00fc minimum 20 il t\u0259\u015fkil ed\u0259c\u0259k.<\/p>\n<p><img src=\"https:\/\/cdn.trend.az\/media\/pictures\/2018\/09\/26\/azerspace_260918_01.jpg\" alt=\"\" \/><\/p>\n<p><strong>19 oktyabr<\/strong><\/p>\n<p>T\u00fcrkiy\u0259nin \u0130zmir \u015f\u0259h\u0259rind\u0259 &#8220;Star&#8221; neft emal\u0131 zavodunun a\u00e7\u0131l\u0131\u015f m\u0259rasimi ke\u00e7irildi. Az\u0259rbaycan Respublikas\u0131n\u0131n Prezidenti \u0130lham \u018fliyev v\u0259 T\u00fcrkiy\u0259 Respublikas\u0131n\u0131n Prezidenti R\u0259c\u0259b Tayyib \u018frdo\u011fan m\u0259rasimd\u0259 i\u015ftirak etdil\u0259r.<\/p>\n<p>&#8220;Star&#8221; zavodunun \u00fcmumi neft emal\u0131 g\u00fcc\u00fc 10 milyon ton t\u0259\u015fkil ed\u0259c\u0259k v\u0259 m\u00fc\u0259ssis\u0259nin \u0259sas xammal t\u0259dar\u00fck\u00e7\u00fcs\u00fc kimi Az\u0259rbaycan Respublikas\u0131 D\u00f6vl\u0259t Neft \u015eirk\u0259ti &#8211; SOCAR \u00e7\u0131x\u0131\u015f edir. SOCAR-\u0131n 6,3 milyard dollar kapitalla T\u00fcrkiy\u0259nin \u0130zmir \u015f\u0259h\u0259rinin \u018flia\u011fa rayonunda, &#8220;Petkim&#8221; neft-kimya kompleksinin \u0259razisind\u0259 in\u015fa etdiyi bu zavodda avqustdan etibar\u0259n s\u0131naq m\u0259qs\u0259dil\u0259 xam neft emal\u0131na ba\u015flan\u0131l\u0131b. Zavoda ilk neft y\u00fck\u00fc m\u0259hz Az\u0259rbaycandan olmaqla 80 min ton &#8220;Azeri Light&#8221; markal\u0131 neft \u00e7atd\u0131r\u0131l\u0131b.<\/p>\n<p>Zavod 5 milyon ton dizel yanaca\u011f\u0131 istehsal etm\u0259k imkan\u0131na malikdir v\u0259 T\u00fcrkiy\u0259nin idxal\u0131n\u0131n 40 faiz\u0259 d\u00fc\u015fm\u0259sin\u0259 s\u0259b\u0259b olacaq. H\u0259m\u00e7inin mayel\u0259\u015fdirilmi\u015f qaz\u0131n idxal s\u0259viyy\u0259si d\u0259 70 faiz\u0259 en\u0259c\u0259k. Zavod ild\u0259 1,6 milyon ton t\u0259yyar\u0259 yanaca\u011f\u0131 istehsal etm\u0259kl\u0259 T\u00fcrkiy\u0259nin t\u0259l\u0259bat\u0131n\u0131 tam \u00f6d\u0259y\u0259c\u0259k. &#8220;Star&#8221; neftin qiym\u0259tind\u0259n as\u0131l\u0131 olaraq h\u0259r il 6-8 milyard dollarl\u0131q ticar\u0259t h\u0259cmi formala\u015fd\u0131racaq.<\/p>\n<p><img src=\"https:\/\/cdn.trend.az\/media\/pictures\/2018\/10\/19\/prezident_star_191018_25.jpg\" alt=\"\" \/><\/p>\n<p><strong>22 oktyabr<\/strong><\/p>\n<p>\u0130mi\u015fli rayonunda Araz \u00e7ay\u0131n\u0131n yeni qol-kanal\u0131n\u0131n a\u00e7\u0131l\u0131\u015f m\u0259rasimi ke\u00e7irildi. Az\u0259rbaycan Prezidenti \u0130lham \u018fliyev m\u0259rasimd\u0259 i\u015ftirak etdi.<\/p>\n<p>Araz \u00e7ay\u0131n\u0131n yeni qolundan Saatl\u0131, \u0130mi\u015fli v\u0259 Bil\u0259suvar rayonlar\u0131n\u0131n 53 min hektar torpaq sah\u0259l\u0259rin\u0259 suvarma suyunun \u00e7atd\u0131r\u0131lmas\u0131 \u00fc\u00e7\u00fcn \u00fcmumi uzunlu\u011fu 175,46 kilometr, m\u00fcxt\u0259lif suburaxma qabiliyy\u0259ti olan paylay\u0131c\u0131 kanallar\u0131n qur\u011fularla birg\u0259 tikintisi 2 m\u0259rh\u0259l\u0259d\u0259 n\u0259z\u0259rd\u0259 tutulub v\u0259 bu il in\u015faat i\u015fl\u0259rin\u0259 start verilib.<\/p>\n<p><img src=\"https:\/\/cdn.trend.az\/media\/pictures\/2018\/10\/22\/prezident_araz_221018_32.jpg\" alt=\"\" \/><\/p>\n<p><strong>26 noyabr &#8211; 1 dekabr tarixl\u0259rind\u0259<\/strong>\u00a0ke\u00e7irilmi\u015f YUNESKO-nun Qeyri-maddi m\u0259d\u0259ni irsin qorunmas\u0131 \u00fczr\u0259 H\u00f6kum\u0259tl\u0259raras\u0131 Komit\u0259sinin 13-c\u00fc sessiyas\u0131nda Az\u0259rbaycan t\u0259r\u0259finin t\u0259qdim etdiyi &#8220;\u00c7\u00f6vk\u0259n &#8211; \u0259n\u0259n\u0259vi Qaraba\u011f at\u00fcst\u00fc oyunu&#8221; il\u0259 ba\u011fl\u0131 milli hesabat q\u0259bul olundu, h\u0259m\u00e7inin &#8220;Yall\u0131 (K\u00f6\u00e7\u0259ri, T\u0259nz\u0259r\u0259), Nax\u00e7\u0131van\u0131n \u0259n\u0259n\u0259vi qrup r\u0259qsl\u0259ri&#8221; adl\u0131 nominasiya YUNSEKO-nun T\u0259cili qorunmaya ehtiyac\u0131 olan Qeyri-maddi M\u0259d\u0259ni \u0130rs Siyah\u0131s\u0131na daxil edildi. Bundan ba\u015fqa, Az\u0259rbaycan\u0131n T\u00fcrkiy\u0259 v\u0259 Qazax\u0131stanla birg\u0259 t\u0259qdim etdiyi &#8220;D\u0259d\u0259 Qorqud irsi: Dastan m\u0259d\u0259niyy\u0259ti, xalq na\u011f\u0131llar\u0131 v\u0259 musiqisi&#8221; \u00e7oxmill\u0259tli m\u0259d\u0259niyy\u0259t n\u00fcmun\u0259si kimi YUNESKO-nun Qeyri-maddi M\u0259d\u0259ni \u0130rs \u00fczr\u0259 Reprezentativ Siyah\u0131s\u0131na sal\u0131nd\u0131.<\/p>\n<p>YUNESKO il\u0259 \u0259m\u0259kda\u015fl\u0131\u011f\u0131n geni\u015fl\u0259ndirilm\u0259sind\u0259 v\u0259 m\u0259d\u0259ni irsimizin qorunmas\u0131 v\u0259 d\u00fcnya miqyas\u0131nda t\u0259bli\u011find\u0259 \u0259v\u0259zsiz xidm\u0259tl\u0259ri olan Az\u0259rbaycan\u0131n Birinci vitse-prezidenti, Heyd\u0259r \u018fliyev Fondunun prezidenti, YUNESKO-nun v\u0259 \u0130SESKO-nun xo\u015fm\u0259raml\u0131 s\u0259firi Mehriban \u018fliyevan\u0131n d\u0259st\u0259yi il\u0259 haz\u0131rda kaman\u00e7a haz\u0131rlanmas\u0131 v\u0259 ifa\u00e7\u0131l\u0131q s\u0259n\u0259ti, dolma haz\u0131rlama v\u0259 payla\u015fma \u0259n\u0259n\u0259si, Az\u0259rbaycan mu\u011fam ifa\u00e7\u0131l\u0131\u011f\u0131, lava\u015f bi\u015firm\u0259 v\u0259 payla\u015fma \u0259n\u0259n\u0259si, Lah\u0131c misg\u0259rlik s\u0259n\u0259ti, a\u015f\u0131q s\u0259n\u0259ti, Novruz bayram\u0131, xal\u00e7a s\u0259n\u0259ti, tar ifa\u00e7\u0131l\u0131\u011f\u0131, k\u0259la\u011fay\u0131 s\u0259n\u0259ti YUNESKO-nun Qeyri-maddi M\u0259d\u0259ni \u0130rs \u00fczr\u0259 Reprezentativ Siyah\u0131s\u0131nda, h\u0259m\u00e7inin &#8220;\u00c7\u00f6vk\u0259n &#8211; \u0259n\u0259n\u0259vi Qaraba\u011f at\u00fcst\u00fc oyunu&#8221; v\u0259 &#8220;Yall\u0131 (K\u00f6\u00e7\u0259ri, T\u0259nz\u0259r\u0259), Nax\u00e7\u0131van\u0131n \u0259n\u0259n\u0259vi qrup r\u0259qsl\u0259ri&#8221; is\u0259 T\u0259cili qorunmaya ehtiyac\u0131 olan Qeyri-maddi M\u0259d\u0259ni \u0130rs Siyah\u0131s\u0131nda yer al\u0131r.<\/p>\n<p><img src=\"https:\/\/cdn2.trend.az\/media\/pictures\/2014\/10\/21\/covkan_211014.jpg\" alt=\"\" \/><\/p>\n<p>T\u0259bii ki, Az\u0259rbaycan\u0131n 2018-ci ild\u0259 qazand\u0131\u011f\u0131 u\u011furlar\u0131 bir m\u0259qal\u0259d\u0259 sadalamaqla bitm\u0259z. Qeyd etm\u0259liyik ki, bB\u00fct\u00fcn bu nailiyy\u0259tl\u0259rl\u0259 yana\u015f\u0131, 2018-ci ild\u0259 VI Bak\u0131 Beyn\u0259lxalq Humanitar Forumu, VI Qlobal Bak\u0131 Forumu, Qo\u015fulmama H\u0259r\u0259kat\u0131n\u0131n xarici i\u015fl\u0259r nazirl\u0259ri konfrans\u0131, Qara D\u0259niz \u0130qtisadi \u018fm\u0259kda\u015fl\u0131q T\u0259\u015fkilat\u0131n\u0131n Xarici \u0130\u015fl\u0259r Nazirl\u0259ri \u015euras\u0131n\u0131n iclas\u0131, C\u0259nub Qaz D\u0259hlizi M\u0259\u015fv\u0259r\u0259t \u015euras\u0131n\u0131n nazirl\u0259r toplant\u0131s\u0131, XXV Beyn\u0259lxalq X\u0259z\u0259r Neft v\u0259 Qaz-2018 s\u0259rgisi, ADEX-2018 III Beyn\u0259lxalq M\u00fcdafi\u0259 S\u0259rgisi v\u0259 dig\u0259r m\u00f6t\u0259b\u0259r beyn\u0259lxalq t\u0259dbirl\u0259rin Az\u0259rbaycanda y\u00fcks\u0259k s\u0259viyy\u0259d\u0259 ke\u00e7irilm\u0259si \u00f6lk\u0259mizin artan beyn\u0259lxalq n\u00fcfuzunun, ona b\u0259sl\u0259nil\u0259n y\u00fcks\u0259k etimad\u0131n, h\u0259m\u00e7inin z\u0259ngin t\u0259cr\u00fcb\u0259 v\u0259 bacar\u0131qlar\u0131n\u0131n g\u00f6st\u0259ricisidir.<\/p>\n<p><strong>Bel\u0259likl\u0259, Az\u0259rbaycan\u0131n 2018-ci ild\u0259 \u0259ld\u0259 etdiyi nailiyy\u0259tl\u0259r onu dem\u0259y\u0259 \u0259sas verir ki, 2019-cu il \u00f6lk\u0259miz \u00fc\u00e7\u00fcn daha da u\u011furlu olacaq.<\/strong><\/p>\n","protected":false},"excerpt":{"rendered":"<p>2018-ci il d\u0259 Az\u0259rbaycan \u00fc\u00e7\u00fcn u\u011furlu il oldu, qar\u015f\u0131ya qoyulan bir \u00e7ox m\u0259qs\u0259dl\u0259r\u0259 nail olundu. 2018-ci ild\u0259 d\u0259 Az\u0259rbaycanda daxili v\u0259 xarici siyas\u0259td\u0259 bir s\u0131ra nailiyy\u0259tl\u0259r \u0259ld\u0259 edildi. ARANTV.AZ trend-\u0259 istinad\u0259n bildirir ki,\u00a0\u00d6lk\u0259 iqtisadiyyat\u0131nda islahatlar davam etdirildi. Az\u0259rbaycan\u0131n n\u00f6vb\u0259ti peyki &#8220;Azerspace-2&#8221; orbit\u0259 burax\u0131ld\u0131. &#8220;C\u0259nub Qaz D\u0259hlizi&#8221;nin a\u00e7\u0131l\u0131\u015f\u0131 oldu, TANAP boru k\u0259m\u0259ri istifad\u0259y\u0259 verildi. 2018-C\u0130 \u0130L\u0130N U\u011eURLARI: 10 yanvar Prezident \u0130lham \u018fliyev 2018-ci ili \u00f6lk\u0259mizd\u0259 &#8220;Az\u0259rbaycan Xalq C\u00fcmhuriyy\u0259ti \u0130li&#8221; elan etdi. D\u00f6vl\u0259timizin ba\u015f\u00e7\u0131s\u0131 bunu Nazirl\u0259r Kabinetinin 2017-ci ilin sosial-iqtisadi inki\u015faf\u0131n\u0131n yekunlar\u0131na v\u0259 qar\u015f\u0131da duran v\u0259zif\u0259l\u0259r\u0259 h\u0259sr olunan iclas\u0131nda b\u0259yan etdi. 2018-ci&hellip;<\/p>\n","protected":false},"author":2,"featured_media":30077,"comment_status":"closed","ping_status":"closed","sticky":false,"template":"","format":"standard","meta":{"om_disable_all_campaigns":false,"_monsterinsights_skip_tracking":false,"_monsterinsights_sitenote_active":false,"_monsterinsights_sitenote_note":"","_monsterinsights_sitenote_category":0},"categories":[19],"tags":[],"aioseo_notices":[],"gutentor_comment":0,"rttpg_featured_image_url":{"full":["https:\/\/arantv.az\/wp-content\/uploads\/2019\/01\/azerbaycan_bayragi_044.jpg",800,600,false],"landscape":["https:\/\/arantv.az\/wp-content\/uploads\/2019\/01\/azerbaycan_bayragi_044.jpg",800,600,false],"portraits":["https:\/\/arantv.az\/wp-content\/uploads\/2019\/01\/azerbaycan_bayragi_044.jpg",800,600,false],"thumbnail":["https:\/\/arantv.az\/wp-content\/uploads\/2019\/01\/azerbaycan_bayragi_044-150x150.jpg",150,150,true],"medium":["https:\/\/arantv.az\/wp-content\/uploads\/2019\/01\/azerbaycan_bayragi_044-300x225.jpg",300,225,true],"large":["https:\/\/arantv.az\/wp-content\/uploads\/2019\/01\/azerbaycan_bayragi_044.jpg",640,480,false],"1536x1536":["https:\/\/arantv.az\/wp-content\/uploads\/2019\/01\/azerbaycan_bayragi_044.jpg",800,600,false],"2048x2048":["https:\/\/arantv.az\/wp-content\/uploads\/2019\/01\/azerbaycan_bayragi_044.jpg",800,600,false],"post-thumbnail":["https:\/\/arantv.az\/wp-content\/uploads\/2019\/01\/azerbaycan_bayragi_044-240x172.jpg",240,172,true],"advps-thumb-one":["https:\/\/arantv.az\/wp-content\/uploads\/2019\/01\/azerbaycan_bayragi_044.jpg",800,600,false]},"rttpg_author":{"display_name":"V\u00fcsal Rafiqo\u011flu","author_link":"https:\/\/arantv.az\/?author=2"},"rttpg_comment":0,"rttpg_category":"<a href=\"https:\/\/arantv.az\/?cat=19\" rel=\"category\">G\u00fcnd\u0259m<\/a>","rttpg_excerpt":"2018-ci il d\u0259 Az\u0259rbaycan \u00fc\u00e7\u00fcn u\u011furlu il oldu, qar\u015f\u0131ya qoyulan bir \u00e7ox m\u0259qs\u0259dl\u0259r\u0259 nail olundu. 2018-ci ild\u0259 d\u0259 Az\u0259rbaycanda daxili v\u0259 xarici siyas\u0259td\u0259 bir s\u0131ra nailiyy\u0259tl\u0259r \u0259ld\u0259 edildi. ARANTV.AZ trend-\u0259 istinad\u0259n bildirir ki,\u00a0\u00d6lk\u0259 iqtisadiyyat\u0131nda islahatlar davam etdirildi. Az\u0259rbaycan\u0131n n\u00f6vb\u0259ti peyki &#8220;Azerspace-2&#8221; orbit\u0259 burax\u0131ld\u0131. &#8220;C\u0259nub Qaz D\u0259hlizi&#8221;nin a\u00e7\u0131l\u0131\u015f\u0131 oldu, TANAP boru k\u0259m\u0259ri istifad\u0259y\u0259 verildi. 2018-C\u0130 \u0130L\u0130N&hellip;","_links":{"self":[{"href":"https:\/\/arantv.az\/index.php?rest_route=\/wp\/v2\/posts\/30076"}],"collection":[{"href":"https:\/\/arantv.az\/index.php?rest_route=\/wp\/v2\/posts"}],"about":[{"href":"https:\/\/arantv.az\/index.php?rest_route=\/wp\/v2\/types\/post"}],"author":[{"embeddable":true,"href":"https:\/\/arantv.az\/index.php?rest_route=\/wp\/v2\/users\/2"}],"replies":[{"embeddable":true,"href":"https:\/\/arantv.az\/index.php?rest_route=%2Fwp%2Fv2%2Fcomments&post=30076"}],"version-history":[{"count":0,"href":"https:\/\/arantv.az\/index.php?rest_route=\/wp\/v2\/posts\/30076\/revisions"}],"wp:featuredmedia":[{"embeddable":true,"href":"https:\/\/arantv.az\/index.php?rest_route=\/wp\/v2\/media\/30077"}],"wp:attachment":[{"href":"https:\/\/arantv.az\/index.php?rest_route=%2Fwp%2Fv2%2Fmedia&parent=30076"}],"wp:term":[{"taxonomy":"category","embeddable":true,"href":"https:\/\/arantv.az\/index.php?rest_route=%2Fwp%2Fv2%2Fcategories&post=30076"},{"taxonomy":"post_tag","embeddable":true,"href":"https:\/\/arantv.az\/index.php?rest_route=%2Fwp%2Fv2%2Ftags&post=30076"}],"curies":[{"name":"wp","href":"https:\/\/api.w.org\/{rel}","templated":true}]}}