{"id":30079,"date":"2019-01-01T09:21:37","date_gmt":"2019-01-01T06:21:37","guid":{"rendered":"http:\/\/arantv.az\/?p=30079"},"modified":"2019-01-01T09:21:37","modified_gmt":"2019-01-01T06:21:37","slug":"prezident-ilham-%c9%99liyev-bundan-sonra-da-calisacagam-ki-az%c9%99rbaycanin-inkisafi-xalqin-rifahinin-artmasi-ucun-%c9%99limd%c9%99n-g%c9%99l%c9%99ni-%c9%99sirg%c9%99m%c9%99yim","status":"publish","type":"post","link":"https:\/\/arantv.az\/?p=30079","title":{"rendered":"Prezident \u0130lham \u018fliyev: &#8220;Bundan sonra da \u00e7al\u0131\u015faca\u011fam ki, Az\u0259rbaycan\u0131n inki\u015faf\u0131, xalq\u0131n rifah\u0131n\u0131n artmas\u0131 \u00fc\u00e7\u00fcn \u0259limd\u0259n g\u0259l\u0259ni \u0259sirg\u0259m\u0259yim&#8221;"},"content":{"rendered":"<p>Bundan sonra da \u00e7al\u0131\u015faca\u011fam ki, Az\u0259rbaycan\u0131n inki\u015faf\u0131, xalq\u0131n rifah\u0131n\u0131n artmas\u0131 \u00fc\u00e7\u00fcn \u0259limd\u0259n g\u0259l\u0259ni \u0259sirg\u0259m\u0259yim.<\/p>\n<p><strong>ARANTV.AZ<\/strong> az\u0259rtac-a istinad\u0259n bildirir ki, bunu Prezident \u0130lham \u018fliyev D\u00fcnya Az\u0259rbaycanl\u0131lar\u0131n\u0131n H\u0259mr\u0259ylik G\u00fcn\u00fc v\u0259 Yeni il m\u00fcnasib\u0259til\u0259 Az\u0259rbaycan xalq\u0131na t\u0259brikind\u0259 deyib.<\/p>\n<p>D\u00f6vl\u0259timizin ba\u015f\u00e7\u0131s\u0131 qeyd edib ki, bu il m\u0259cburi k\u00f6\u00e7k\u00fcnl\u0259r \u00fc\u00e7\u00fcn \u00e7ox b\u00f6y\u00fck i\u015fl\u0259r g\u00f6r\u00fcl\u00fcb. 5800 k\u00f6\u00e7k\u00fcn ail\u0259si \u00fc\u00e7\u00fcn yeni evl\u0259r, m\u0259nzill\u0259r tikilib v\u0259 onlara t\u0259qdim edilib: &#8220;Bu, son ill\u0259rd\u0259 rekord g\u00f6st\u0259ricidir. \u015e\u0259hid ail\u0259l\u0259rin\u0259, Qaraba\u011f m\u00fcharib\u0259si \u0259lill\u0259rin\u0259 626 m\u0259nzil verilmi\u015fdir v\u0259 biz bu siyas\u0259ti g\u0259l\u0259n il d\u0259 davam etdir\u0259c\u0259yik.<\/p>\n<p>\u018flb\u0259tt\u0259 ki, b\u00fct\u00fcn bu i\u015fl\u0259ri g\u00f6rm\u0259k \u00fc\u00e7\u00fcn g\u00fccl\u00fc iqtisadiyyat olmal\u0131d\u0131r v\u0259 bu iqtisadiyyat var. Bu g\u00fcn Az\u0259rbaycan iqtisadi inki\u015faf bax\u0131m\u0131ndan he\u00e7 kimd\u0259n as\u0131l\u0131 deyil. Az\u0259rbaycan iqtisadiyyat\u0131 m\u00fcst\u0259qil iqtisadiyyatd\u0131r v\u0259 bizim m\u00fcst\u0259qil siyas\u0259timizi g\u00fccl\u0259ndir\u0259n amildir. Bu il \u00fcmumi daxili m\u0259hsul art\u0131r, qeyri-neft sektoru art\u0131r, s\u0259naye istehsal\u0131 art\u0131r, qeyri-neft s\u0259naye sektorunda is\u0259 art\u0131m 9 faizd\u0259n \u00e7oxdur. \u0130xrac\u0131m\u0131z t\u0259xmin\u0259n 40 faiz art\u0131b&#8221;.<\/p>\n<p>\u0130lham \u018fliyev vur\u011fulay\u0131b ki, \u00f6lk\u0259 iqtisadiyyat\u0131na 10 milyard dollar s\u0259rmay\u0259 qoyulubdur: &#8220;D\u00fcnya Bank\u0131n\u0131n &#8220;Doing Business&#8221; proqram\u0131n\u0131n son hesablamalar\u0131nda Az\u0259rbaycan d\u00fcnya miqyas\u0131nda 25-ci yer\u0259 layiq g\u00f6r\u00fcl\u00fcb. Y\u0259ni, bu, onu g\u00f6st\u0259rir ki, apard\u0131\u011f\u0131m\u0131z islahatlar, \u015f\u0259ffafl\u0131q, ciddi iqtisadi islahatlar \u00f6z n\u0259tic\u0259sini verir v\u0259 D\u00fcnya Bank\u0131 bunu y\u00fcks\u0259k qiym\u0259tl\u0259ndirir.<\/p>\n<p>Biz m\u00fcasir texnologiyalara b\u00f6y\u00fck \u0259h\u0259miyy\u0259t veririk. Bu il bizim \u00fc\u00e7\u00fcnc\u00fc peykimiz orbit\u0259 burax\u0131lm\u0131\u015fd\u0131r. Bu, b\u00f6y\u00fck hadis\u0259dir. Az\u0259rbaycan d\u00fcnyan\u0131n m\u0259hdud sayda olan kosmik klubunun \u00fczv\u00fcd\u00fcr v\u0259 bu sah\u0259d\u0259 \u00f6z m\u00f6vqel\u0259rimizi m\u00f6hk\u0259ml\u0259ndiririk&#8221;.<\/p>\n<p>Prezident bildirib ki, bu il C\u0259nub Qaz D\u0259hlizinin r\u0259smi a\u00e7\u0131l\u0131\u015f\u0131 olub: &#8220;May ay\u0131nda biz bu m\u00f6ht\u0259\u015f\u0259m t\u0259dbiri qeyd etmi\u015fdik. Bu, b\u00f6y\u00fck tarixi nailiyy\u0259tdir. Eyni zamanda, bu ilin iyun ay\u0131nda TANAP layih\u0259si d\u0259 r\u0259smi olaraq a\u00e7\u0131ld\u0131 v\u0259 bel\u0259likl\u0259, C\u0259nub Qaz D\u0259hlizinin tam ba\u015fa \u00e7atmas\u0131 \u00fc\u00e7\u00fcn \u00e7ox g\u00f6z\u0259l imkanlar yarand\u0131. Bu, bizim tarixi nailiyy\u0259timizdir v\u0259 Az\u0259rbaycan xalq\u0131 bundan sonra onillikl\u0259r \u0259rzind\u0259 bu layih\u0259l\u0259rin faydas\u0131n\u0131 g\u00f6r\u0259c\u0259k.<\/p>\n<p>Bu il \u018fl\u0259t Ticar\u0259t Liman\u0131n\u0131n a\u00e7\u0131l\u0131\u015f\u0131n\u0131 qeyd etdik. Bu da tarixi layih\u0259dir. Az\u0259rbaycan n\u0259inki regionun, Avrasiyan\u0131n \u00e7ox \u00f6n\u0259mli n\u0259qliyyat m\u0259rk\u0259zin\u0259 \u00e7evrilir. \u015eimal-C\u0259nub, \u015e\u0259rq-Q\u0259rb d\u0259hlizl\u0259ri bizim \u0259razimizd\u0259n ke\u00e7ir. \u00c7ox g\u00fccl\u00fc n\u0259qliyyat infrastrukturu biz\u0259 imkan ver\u0259c\u0259k ki, tranzit imkanlar\u0131m\u0131zdan \u00e7ox b\u00f6y\u00fck s\u0259m\u0259r\u0259 il\u0259 istifad\u0259 ed\u0259 bil\u0259k&#8221;.<\/p>\n<p>D\u00f6vl\u0259t ba\u015f\u00e7\u0131s\u0131 qeyd edib: &#8220;Bildiyiniz kimi, ilin \u0259vv\u0259lind\u0259 m\u0259nim S\u0259r\u0259ncam\u0131mla 2018-ci il &#8220;Az\u0259rbaycan Xalq C\u00fcmhuriyy\u0259ti \u0130li&#8221; elan edilmi\u015fdir. Biz Az\u0259rbaycan Xalq C\u00fcmhuriyy\u0259tinin 100 illiyini h\u0259m \u00f6lk\u0259mizd\u0259, h\u0259m d\u0259 bir \u00e7ox xarici \u00f6lk\u0259l\u0259rd\u0259 b\u00f6y\u00fck t\u0259nt\u0259n\u0259 il\u0259 qeyd etmi\u015fik. Bug\u00fcnk\u00fc Az\u0259rbaycan Az\u0259rbaycan Xalq C\u00fcmhuriyy\u0259tinin varisidir. Az\u0259rbaycan he\u00e7 vaxt tarixd\u0259 bu q\u0259d\u0259r g\u00fccl\u00fc, bu q\u0259d\u0259r m\u00fcst\u0259qil, bu q\u0259d\u0259r azad olmam\u0131\u015fd\u0131r&#8221;.<\/p>\n<p>\u0130lham \u018fliyev xat\u0131rlad\u0131b ki, bu il \u00f6lk\u0259mizd\u0259 prezident se\u00e7kil\u0259ri ke\u00e7irilib: &#8220;Az\u0259rbaycan xalq\u0131 bir daha m\u0259n\u0259 y\u00fcks\u0259k etimad g\u00f6st\u0259rmi\u015fdir, m\u0259nim f\u0259aliyy\u0259tim\u0259 y\u00fcks\u0259k qiym\u0259t vermi\u015fdir. M\u0259n son 15 il \u0259rzind\u0259 Prezident kimi \u00e7al\u0131\u015fm\u0131\u015fam ki, xalqa l\u0259yaq\u0259tl\u0259 xidm\u0259t edim. Bundan sonra da \u00e7al\u0131\u015faca\u011fam ki, Az\u0259rbaycan\u0131n inki\u015faf\u0131, Az\u0259rbaycan\u0131n g\u00fccl\u0259ndirilm\u0259si, xalq\u0131n rifah\u0131n\u0131n artmas\u0131 \u00fc\u00e7\u00fcn \u0259limd\u0259n g\u0259l\u0259ni \u0259sirg\u0259m\u0259yim. M\u0259nim bir amal\u0131m var: g\u00fccl\u00fc Az\u0259rbaycan d\u00f6vl\u0259ti qurmaq v\u0259 xalqa l\u0259yaq\u0259tl\u0259 xidm\u0259t etm\u0259k&#8221;.<\/p>\n","protected":false},"excerpt":{"rendered":"<p>Bundan sonra da \u00e7al\u0131\u015faca\u011fam ki, Az\u0259rbaycan\u0131n inki\u015faf\u0131, xalq\u0131n rifah\u0131n\u0131n artmas\u0131 \u00fc\u00e7\u00fcn \u0259limd\u0259n g\u0259l\u0259ni \u0259sirg\u0259m\u0259yim. ARANTV.AZ az\u0259rtac-a istinad\u0259n bildirir ki, bunu Prezident \u0130lham \u018fliyev D\u00fcnya Az\u0259rbaycanl\u0131lar\u0131n\u0131n H\u0259mr\u0259ylik G\u00fcn\u00fc v\u0259 Yeni il m\u00fcnasib\u0259til\u0259 Az\u0259rbaycan xalq\u0131na t\u0259brikind\u0259 deyib. D\u00f6vl\u0259timizin ba\u015f\u00e7\u0131s\u0131 qeyd edib ki, bu il m\u0259cburi k\u00f6\u00e7k\u00fcnl\u0259r \u00fc\u00e7\u00fcn \u00e7ox b\u00f6y\u00fck i\u015fl\u0259r g\u00f6r\u00fcl\u00fcb. 5800 k\u00f6\u00e7k\u00fcn ail\u0259si \u00fc\u00e7\u00fcn yeni evl\u0259r, m\u0259nzill\u0259r tikilib v\u0259 onlara t\u0259qdim edilib: &#8220;Bu, son ill\u0259rd\u0259 rekord g\u00f6st\u0259ricidir. \u015e\u0259hid ail\u0259l\u0259rin\u0259, Qaraba\u011f m\u00fcharib\u0259si \u0259lill\u0259rin\u0259 626 m\u0259nzil verilmi\u015fdir v\u0259 biz bu siyas\u0259ti g\u0259l\u0259n il d\u0259 davam etdir\u0259c\u0259yik. \u018flb\u0259tt\u0259 ki, b\u00fct\u00fcn bu i\u015fl\u0259ri g\u00f6rm\u0259k \u00fc\u00e7\u00fcn&hellip;<\/p>\n","protected":false},"author":2,"featured_media":30080,"comment_status":"closed","ping_status":"closed","sticky":false,"template":"","format":"standard","meta":{"om_disable_all_campaigns":false,"_monsterinsights_skip_tracking":false,"_monsterinsights_sitenote_active":false,"_monsterinsights_sitenote_note":"","_monsterinsights_sitenote_category":0},"categories":[8],"tags":[],"aioseo_notices":[],"gutentor_comment":0,"rttpg_featured_image_url":{"full":["https:\/\/arantv.az\/wp-content\/uploads\/2019\/01\/2018_ilham_aliyev_05.jpg",1200,900,false],"landscape":["https:\/\/arantv.az\/wp-content\/uploads\/2019\/01\/2018_ilham_aliyev_05.jpg",1200,900,false],"portraits":["https:\/\/arantv.az\/wp-content\/uploads\/2019\/01\/2018_ilham_aliyev_05.jpg",1200,900,false],"thumbnail":["https:\/\/arantv.az\/wp-content\/uploads\/2019\/01\/2018_ilham_aliyev_05-150x150.jpg",150,150,true],"medium":["https:\/\/arantv.az\/wp-content\/uploads\/2019\/01\/2018_ilham_aliyev_05-300x225.jpg",300,225,true],"large":["https:\/\/arantv.az\/wp-content\/uploads\/2019\/01\/2018_ilham_aliyev_05-1024x768.jpg",640,480,true],"1536x1536":["https:\/\/arantv.az\/wp-content\/uploads\/2019\/01\/2018_ilham_aliyev_05.jpg",1200,900,false],"2048x2048":["https:\/\/arantv.az\/wp-content\/uploads\/2019\/01\/2018_ilham_aliyev_05.jpg",1200,900,false],"post-thumbnail":["https:\/\/arantv.az\/wp-content\/uploads\/2019\/01\/2018_ilham_aliyev_05-240x172.jpg",240,172,true],"advps-thumb-one":["https:\/\/arantv.az\/wp-content\/uploads\/2019\/01\/2018_ilham_aliyev_05-1200x620.jpg",1200,620,true]},"rttpg_author":{"display_name":"V\u00fcsal Rafiqo\u011flu","author_link":"https:\/\/arantv.az\/?author=2"},"rttpg_comment":0,"rttpg_category":"<a href=\"https:\/\/arantv.az\/?cat=8\" rel=\"category\">\u018fsas s\u0259hif\u0259<\/a>","rttpg_excerpt":"Bundan sonra da \u00e7al\u0131\u015faca\u011fam ki, Az\u0259rbaycan\u0131n inki\u015faf\u0131, xalq\u0131n rifah\u0131n\u0131n artmas\u0131 \u00fc\u00e7\u00fcn \u0259limd\u0259n g\u0259l\u0259ni \u0259sirg\u0259m\u0259yim. ARANTV.AZ az\u0259rtac-a istinad\u0259n bildirir ki, bunu Prezident \u0130lham \u018fliyev D\u00fcnya Az\u0259rbaycanl\u0131lar\u0131n\u0131n H\u0259mr\u0259ylik G\u00fcn\u00fc v\u0259 Yeni il m\u00fcnasib\u0259til\u0259 Az\u0259rbaycan xalq\u0131na t\u0259brikind\u0259 deyib. D\u00f6vl\u0259timizin ba\u015f\u00e7\u0131s\u0131 qeyd edib ki, bu il m\u0259cburi k\u00f6\u00e7k\u00fcnl\u0259r \u00fc\u00e7\u00fcn \u00e7ox b\u00f6y\u00fck i\u015fl\u0259r g\u00f6r\u00fcl\u00fcb. 5800 k\u00f6\u00e7k\u00fcn ail\u0259si \u00fc\u00e7\u00fcn yeni evl\u0259r,&hellip;","_links":{"self":[{"href":"https:\/\/arantv.az\/index.php?rest_route=\/wp\/v2\/posts\/30079"}],"collection":[{"href":"https:\/\/arantv.az\/index.php?rest_route=\/wp\/v2\/posts"}],"about":[{"href":"https:\/\/arantv.az\/index.php?rest_route=\/wp\/v2\/types\/post"}],"author":[{"embeddable":true,"href":"https:\/\/arantv.az\/index.php?rest_route=\/wp\/v2\/users\/2"}],"replies":[{"embeddable":true,"href":"https:\/\/arantv.az\/index.php?rest_route=%2Fwp%2Fv2%2Fcomments&post=30079"}],"version-history":[{"count":0,"href":"https:\/\/arantv.az\/index.php?rest_route=\/wp\/v2\/posts\/30079\/revisions"}],"wp:featuredmedia":[{"embeddable":true,"href":"https:\/\/arantv.az\/index.php?rest_route=\/wp\/v2\/media\/30080"}],"wp:attachment":[{"href":"https:\/\/arantv.az\/index.php?rest_route=%2Fwp%2Fv2%2Fmedia&parent=30079"}],"wp:term":[{"taxonomy":"category","embeddable":true,"href":"https:\/\/arantv.az\/index.php?rest_route=%2Fwp%2Fv2%2Fcategories&post=30079"},{"taxonomy":"post_tag","embeddable":true,"href":"https:\/\/arantv.az\/index.php?rest_route=%2Fwp%2Fv2%2Ftags&post=30079"}],"curies":[{"name":"wp","href":"https:\/\/api.w.org\/{rel}","templated":true}]}}