{"id":30083,"date":"2019-01-01T09:25:29","date_gmt":"2019-01-01T06:25:29","guid":{"rendered":"http:\/\/arantv.az\/?p=30083"},"modified":"2019-01-01T09:25:29","modified_gmt":"2019-01-01T06:25:29","slug":"prezident-ilham-%c9%99liyev-dunyada-g%c9%99rginlik-riskl%c9%99r-t%c9%99hdidl%c9%99r-artir-az%c9%99rbaycan-is%c9%99-sabitlik-m%c9%99kanidir","status":"publish","type":"post","link":"https:\/\/arantv.az\/?p=30083","title":{"rendered":"Prezident \u0130lham \u018fliyev: &#8220;D\u00fcnyada g\u0259rginlik, riskl\u0259r, t\u0259hdidl\u0259r art\u0131r, Az\u0259rbaycan is\u0259 sabitlik m\u0259kan\u0131d\u0131r&#8221;"},"content":{"rendered":"<p>D\u00fcnyada g\u0259rginlik, riskl\u0259r, t\u0259hdidl\u0259r art\u0131r, Az\u0259rbaycan is\u0259 sabitlik m\u0259kan\u0131d\u0131r.<\/p>\n<p><strong>ARANTV.AZ<\/strong> az\u0259rtac-a istinad\u0259n bildirir ki, bunu Prezident \u0130lham \u018fliyev D\u00fcnya Az\u0259rbaycanl\u0131lar\u0131n\u0131n H\u0259mr\u0259ylik G\u00fcn\u00fc v\u0259 Yeni il m\u00fcnasib\u0259til\u0259 Az\u0259rbaycan xalq\u0131na t\u0259brikind\u0259 deyib.<\/p>\n<p>D\u00f6vl\u0259timizin ba\u015f\u00e7\u0131s\u0131 qeyd edib: &#8220;Tam \u0259minlikl\u0259 dem\u0259k olar ki, 2018-ci il \u00f6lk\u0259miz \u00fc\u00e7\u00fcn u\u011furlu il olmu\u015fdur. \u00d6lk\u0259miz b\u00fct\u00fcn istiqam\u0259tl\u0259r \u00fczr\u0259 u\u011furla, s\u00fcr\u0259tl\u0259 inki\u015faf etmi\u015fdir. Az\u0259rbaycan g\u00fccl\u00fc \u00f6lk\u0259 kimi d\u00fcnya miqyas\u0131nda \u00f6z\u00fcn\u00fc t\u0259sdiql\u0259yib. Bizim beyn\u0259lxalq m\u00f6vqel\u0259rimiz daha da m\u00f6hk\u0259ml\u0259nib. M\u0259n bu il 16 xarici s\u0259f\u0259r etmi\u015f\u0259m. \u00d6lk\u0259miz\u0259 16 d\u00f6vl\u0259t v\u0259 h\u00f6kum\u0259t ba\u015f\u00e7\u0131s\u0131 s\u0259f\u0259r etmi\u015fdir v\u0259 bu, ikit\u0259r\u0259fli \u0259laq\u0259l\u0259rimizin n\u0259 q\u0259d\u0259r geni\u015f oldu\u011funu g\u00f6st\u0259rir. Eyni zamanda, beyn\u0259lxalq t\u0259\u015fkilatlar \u00e7\u0259r\u00e7iv\u0259sind\u0259 Az\u0259rbaycan u\u011furla f\u0259aliyy\u0259t g\u00f6st\u0259rmi\u015fdir. Biz beyn\u0259lxalq al\u0259md\u0259 layiqli yerimizi tuta bilmi\u015fik&#8221;.<\/p>\n<p>\u0130lham \u018fliyev bildirib ki, qon\u015fu \u00f6lk\u0259l\u0259rl\u0259 \u0259laq\u0259l\u0259rimiz daha y\u00fcks\u0259k s\u0259viyy\u0259y\u0259 qalx\u0131b: &#8220;Bu, h\u0259r bir \u00f6lk\u0259 \u00fc\u00e7\u00fcn \u00e7ox \u00f6n\u0259mlidir, o c\u00fcml\u0259d\u0259n Az\u0259rbaycan \u00fc\u00e7\u00fcn. Qon\u015fu d\u00f6vl\u0259tl\u0259rl\u0259 h\u0259m siyasi, h\u0259m iqtisadi v\u0259 dig\u0259r sah\u0259l\u0259rd\u0259 birg\u0259 apard\u0131\u011f\u0131m\u0131z i\u015fl\u0259r b\u00f6lg\u0259d\u0259 sabitliyi daha da m\u00f6hk\u0259ml\u0259ndirir. Sabitliy\u0259 g\u0259ldikd\u0259, dey\u0259 bil\u0259r\u0259m ki, d\u00fcnyada g\u0259rginlik, riskl\u0259r, t\u0259hdidl\u0259r art\u0131r, Az\u0259rbaycan is\u0259 sabitlik m\u0259kan\u0131d\u0131r. 2018-ci ild\u0259 xalq\u0131m\u0131z \u0259min-amanl\u0131q, sabitlik \u015f\u0259raitind\u0259 ya\u015fay\u0131b. Sabitliyin \u0259sas s\u0259b\u0259bi v\u0259 onun m\u0259nb\u0259yi xalq-iqtidar birliyidir&#8221;.<\/p>\n<p>Prezident deyib ki, Az\u0259rbaycan Avropa \u0130ttifaq\u0131 il\u0259 \u0259laq\u0259l\u0259rini daha da m\u00f6hk\u0259ml\u0259ndirib: &#8220;Bu il Avropa \u0130ttifaq\u0131 il\u0259 Az\u0259rbaycan aras\u0131nda imzalanm\u0131\u015f T\u0259r\u0259fda\u015fl\u0131q Prioritetl\u0259ri s\u0259n\u0259di bu m\u00fcnasib\u0259tl\u0259rin n\u0259 q\u0259d\u0259r y\u00fcks\u0259k s\u0259viyy\u0259d\u0259 olmas\u0131n\u0131n t\u0259zah\u00fcr\u00fcd\u00fcr. Bu s\u0259n\u0259dd\u0259 \u00f6lk\u0259mizin \u0259razi b\u00fct\u00f6vl\u00fcy\u00fc, suverenliyi, s\u0259rh\u0259dl\u0259rimizin toxunulmazl\u0131\u011f\u0131 haqq\u0131nda \u00e7ox ayd\u0131n fikirl\u0259r \u00f6z \u0259ksini tap\u0131b v\u0259 bir daha onu g\u00f6st\u0259rir ki, Avropa \u0130ttifaq\u0131 Erm\u0259nistan-Az\u0259rbaycan Da\u011fl\u0131q Qaraba\u011f m\u0259s\u0259l\u0259sinin h\u0259llind\u0259 d\u00fczg\u00fcn m\u00f6vqed\u0259dir.<\/p>\n<p>\u0130slam h\u0259mr\u0259yliyi m\u0259s\u0259l\u0259l\u0259rind\u0259 bizim rolumuz art\u0131r. \u0130slam \u018fm\u0259kda\u015fl\u0131q T\u0259\u015fkilat\u0131 bu sah\u0259d\u0259 apard\u0131\u011f\u0131m\u0131z siyas\u0259t\u0259 \u00e7ox y\u00fcks\u0259k qiym\u0259t verir v\u0259 tam \u0259minlikl\u0259 dem\u0259k olar ki, Az\u0259rbaycan m\u00fcs\u0259lman al\u0259mind\u0259 \u00f6z g\u00fccl\u00fc rolunu daha da g\u00fccl\u0259ndir\u0259 bilib. M\u00fcs\u0259lman \u00f6lk\u0259l\u0259ri t\u0259r\u0259find\u0259n biz\u0259 g\u00f6st\u0259ril\u0259n diqq\u0259t, h\u00f6rm\u0259t v\u0259 r\u0259\u011fb\u0259t g\u00f6st\u0259rir ki, Az\u0259rbaycan bu sah\u0259d\u0259 d\u0259 b\u00f6y\u00fck u\u011furlara nail olubdur&#8221;.<\/p>\n<p>D\u00f6vl\u0259t ba\u015f\u00e7\u0131s\u0131 xat\u0131rlad\u0131b ki, bu il X\u0259z\u0259r d\u0259nizinin h\u00fcquqi statusunun m\u00fc\u0259yy\u0259nl\u0259\u015fdirilm\u0259si m\u0259s\u0259l\u0259si \u00f6z h\u0259llini tapd\u0131: &#8220;Bu, hesab edir\u0259m ki, tarixi nailiyy\u0259tdir. \u00c7\u00fcnki bildiyiniz kimi, uzun ill\u0259r \u0259rzind\u0259 bu m\u0259s\u0259l\u0259 h\u0259ll olunmam\u0131\u015f qalm\u0131\u015fd\u0131. Ancaq bu, haz\u0131rda \u00f6z h\u0259llini tap\u0131b v\u0259 Az\u0259rbaycan bu m\u0259s\u0259l\u0259nin h\u0259llind\u0259 \u00f6z d\u0259y\u0259rli t\u00f6hf\u0259sini vermi\u015fdir&#8221;.<\/p>\n","protected":false},"excerpt":{"rendered":"<p>D\u00fcnyada g\u0259rginlik, riskl\u0259r, t\u0259hdidl\u0259r art\u0131r, Az\u0259rbaycan is\u0259 sabitlik m\u0259kan\u0131d\u0131r. ARANTV.AZ az\u0259rtac-a istinad\u0259n bildirir ki, bunu Prezident \u0130lham \u018fliyev D\u00fcnya Az\u0259rbaycanl\u0131lar\u0131n\u0131n H\u0259mr\u0259ylik G\u00fcn\u00fc v\u0259 Yeni il m\u00fcnasib\u0259til\u0259 Az\u0259rbaycan xalq\u0131na t\u0259brikind\u0259 deyib. D\u00f6vl\u0259timizin ba\u015f\u00e7\u0131s\u0131 qeyd edib: &#8220;Tam \u0259minlikl\u0259 dem\u0259k olar ki, 2018-ci il \u00f6lk\u0259miz \u00fc\u00e7\u00fcn u\u011furlu il olmu\u015fdur. \u00d6lk\u0259miz b\u00fct\u00fcn istiqam\u0259tl\u0259r \u00fczr\u0259 u\u011furla, s\u00fcr\u0259tl\u0259 inki\u015faf etmi\u015fdir. Az\u0259rbaycan g\u00fccl\u00fc \u00f6lk\u0259 kimi d\u00fcnya miqyas\u0131nda \u00f6z\u00fcn\u00fc t\u0259sdiql\u0259yib. Bizim beyn\u0259lxalq m\u00f6vqel\u0259rimiz daha da m\u00f6hk\u0259ml\u0259nib. M\u0259n bu il 16 xarici s\u0259f\u0259r etmi\u015f\u0259m. \u00d6lk\u0259miz\u0259 16 d\u00f6vl\u0259t v\u0259 h\u00f6kum\u0259t ba\u015f\u00e7\u0131s\u0131 s\u0259f\u0259r etmi\u015fdir v\u0259 bu, ikit\u0259r\u0259fli \u0259laq\u0259l\u0259rimizin n\u0259 q\u0259d\u0259r geni\u015f&hellip;<\/p>\n","protected":false},"author":2,"featured_media":30084,"comment_status":"closed","ping_status":"closed","sticky":false,"template":"","format":"standard","meta":{"om_disable_all_campaigns":false,"_monsterinsights_skip_tracking":false,"_monsterinsights_sitenote_active":false,"_monsterinsights_sitenote_note":"","_monsterinsights_sitenote_category":0},"categories":[8],"tags":[],"aioseo_notices":[],"gutentor_comment":0,"rttpg_featured_image_url":{"full":["https:\/\/arantv.az\/wp-content\/uploads\/2019\/01\/2018_ilham_aliyev_01.jpg",1200,900,false],"landscape":["https:\/\/arantv.az\/wp-content\/uploads\/2019\/01\/2018_ilham_aliyev_01.jpg",1200,900,false],"portraits":["https:\/\/arantv.az\/wp-content\/uploads\/2019\/01\/2018_ilham_aliyev_01.jpg",1200,900,false],"thumbnail":["https:\/\/arantv.az\/wp-content\/uploads\/2019\/01\/2018_ilham_aliyev_01-150x150.jpg",150,150,true],"medium":["https:\/\/arantv.az\/wp-content\/uploads\/2019\/01\/2018_ilham_aliyev_01-300x225.jpg",300,225,true],"large":["https:\/\/arantv.az\/wp-content\/uploads\/2019\/01\/2018_ilham_aliyev_01-1024x768.jpg",640,480,true],"1536x1536":["https:\/\/arantv.az\/wp-content\/uploads\/2019\/01\/2018_ilham_aliyev_01.jpg",1200,900,false],"2048x2048":["https:\/\/arantv.az\/wp-content\/uploads\/2019\/01\/2018_ilham_aliyev_01.jpg",1200,900,false],"post-thumbnail":["https:\/\/arantv.az\/wp-content\/uploads\/2019\/01\/2018_ilham_aliyev_01-240x172.jpg",240,172,true],"advps-thumb-one":["https:\/\/arantv.az\/wp-content\/uploads\/2019\/01\/2018_ilham_aliyev_01-1200x620.jpg",1200,620,true]},"rttpg_author":{"display_name":"V\u00fcsal Rafiqo\u011flu","author_link":"https:\/\/arantv.az\/?author=2"},"rttpg_comment":0,"rttpg_category":"<a href=\"https:\/\/arantv.az\/?cat=8\" rel=\"category\">\u018fsas s\u0259hif\u0259<\/a>","rttpg_excerpt":"D\u00fcnyada g\u0259rginlik, riskl\u0259r, t\u0259hdidl\u0259r art\u0131r, Az\u0259rbaycan is\u0259 sabitlik m\u0259kan\u0131d\u0131r. ARANTV.AZ az\u0259rtac-a istinad\u0259n bildirir ki, bunu Prezident \u0130lham \u018fliyev D\u00fcnya Az\u0259rbaycanl\u0131lar\u0131n\u0131n H\u0259mr\u0259ylik G\u00fcn\u00fc v\u0259 Yeni il m\u00fcnasib\u0259til\u0259 Az\u0259rbaycan xalq\u0131na t\u0259brikind\u0259 deyib. D\u00f6vl\u0259timizin ba\u015f\u00e7\u0131s\u0131 qeyd edib: &#8220;Tam \u0259minlikl\u0259 dem\u0259k olar ki, 2018-ci il \u00f6lk\u0259miz \u00fc\u00e7\u00fcn u\u011furlu il olmu\u015fdur. \u00d6lk\u0259miz b\u00fct\u00fcn istiqam\u0259tl\u0259r \u00fczr\u0259 u\u011furla, s\u00fcr\u0259tl\u0259 inki\u015faf etmi\u015fdir. Az\u0259rbaycan&hellip;","_links":{"self":[{"href":"https:\/\/arantv.az\/index.php?rest_route=\/wp\/v2\/posts\/30083"}],"collection":[{"href":"https:\/\/arantv.az\/index.php?rest_route=\/wp\/v2\/posts"}],"about":[{"href":"https:\/\/arantv.az\/index.php?rest_route=\/wp\/v2\/types\/post"}],"author":[{"embeddable":true,"href":"https:\/\/arantv.az\/index.php?rest_route=\/wp\/v2\/users\/2"}],"replies":[{"embeddable":true,"href":"https:\/\/arantv.az\/index.php?rest_route=%2Fwp%2Fv2%2Fcomments&post=30083"}],"version-history":[{"count":0,"href":"https:\/\/arantv.az\/index.php?rest_route=\/wp\/v2\/posts\/30083\/revisions"}],"wp:featuredmedia":[{"embeddable":true,"href":"https:\/\/arantv.az\/index.php?rest_route=\/wp\/v2\/media\/30084"}],"wp:attachment":[{"href":"https:\/\/arantv.az\/index.php?rest_route=%2Fwp%2Fv2%2Fmedia&parent=30083"}],"wp:term":[{"taxonomy":"category","embeddable":true,"href":"https:\/\/arantv.az\/index.php?rest_route=%2Fwp%2Fv2%2Fcategories&post=30083"},{"taxonomy":"post_tag","embeddable":true,"href":"https:\/\/arantv.az\/index.php?rest_route=%2Fwp%2Fv2%2Ftags&post=30083"}],"curies":[{"name":"wp","href":"https:\/\/api.w.org\/{rel}","templated":true}]}}