{"id":30086,"date":"2019-01-01T09:26:51","date_gmt":"2019-01-01T06:26:51","guid":{"rendered":"http:\/\/arantv.az\/?p=30086"},"modified":"2019-01-01T09:26:51","modified_gmt":"2019-01-01T06:26:51","slug":"prezident-ilham-%c9%99liyev-az%c9%99rbaycan-2018-ci-ild%c9%99-dagliq-qarabag-munaqis%c9%99sinin-h%c9%99lli-isind%c9%99-cox-ciddi-movqel%c9%99r%c9%99-malik-oldu","status":"publish","type":"post","link":"https:\/\/arantv.az\/?p=30086","title":{"rendered":"Prezident \u0130lham \u018fliyev: &#8220;Az\u0259rbaycan 2018-ci ild\u0259 Da\u011fl\u0131q Qaraba\u011f m\u00fcnaqi\u015f\u0259sinin h\u0259lli i\u015find\u0259 \u00e7ox ciddi m\u00f6vqel\u0259r\u0259 malik oldu&#8221;"},"content":{"rendered":"<p>Az\u0259rbaycan 2018-ci ild\u0259 Da\u011fl\u0131q Qaraba\u011f m\u00fcnaqi\u015f\u0259sinin h\u0259lli i\u015find\u0259 \u00e7ox ciddi m\u00f6vqel\u0259r\u0259 malik oldu.<\/p>\n<p><strong>ARANTV.AZ<\/strong> az\u0259rtac-a istinad\u0259n bildirir ki, bunu Prezident \u0130lham \u018fliyev D\u00fcnya Az\u0259rbaycanl\u0131lar\u0131n\u0131n H\u0259mr\u0259ylik G\u00fcn\u00fc v\u0259 Yeni il m\u00fcnasib\u0259til\u0259 Az\u0259rbaycan xalq\u0131na t\u0259brikind\u0259 deyib.<\/p>\n<p>\u0130lham \u018fliyev qeyd edib: &#8220;Erm\u0259nistan-Az\u0259rbaycan Da\u011fl\u0131q Qaraba\u011f m\u00fcnaqi\u015f\u0259sinin h\u0259lli i\u015find\u0259 biz prinsipial m\u00f6vqeyimizd\u0259 qal\u0131r\u0131q. Bizim m\u00f6vqeyimiz haqq-\u0259dal\u0259t m\u00f6vqeyidir. Bizim m\u00f6vqeyimiz beyn\u0259lxalq h\u00fcququn norma v\u0259 prinsipl\u0259rin\u0259 tam uy\u011fundur. Da\u011fl\u0131q Qaraba\u011f tarixi, \u0259z\u0259li Az\u0259rbaycan torpa\u011f\u0131d\u0131r. B\u00fct\u00fcn d\u00fcnya \u00f6lk\u0259mizin \u0259razi b\u00fct\u00f6vl\u00fcy\u00fcn\u00fc tan\u0131y\u0131r&#8221;.<\/p>\n<p>D\u00f6vl\u0259t ba\u015f\u00e7\u0131s\u0131 vur\u011fulay\u0131b ki, Erm\u0259nistan-Az\u0259rbaycan Da\u011fl\u0131q Qaraba\u011f m\u00fcnaqi\u015f\u0259si yaln\u0131z \u00f6lk\u0259mizin \u0259razi b\u00fct\u00f6vl\u00fcy\u00fc \u00e7\u0259r\u00e7iv\u0259sind\u0259 \u00f6z h\u0259llini tapmal\u0131d\u0131r: &#8220;BMT T\u0259hl\u00fck\u0259sizlik \u015euras\u0131n\u0131n q\u0259tnam\u0259l\u0259ri tam icra edilm\u0259lidir, i\u015f\u011fal\u00e7\u0131 q\u00fcvv\u0259l\u0259r qeyd-\u015f\u0259rtsiz bizim torpaqlar\u0131m\u0131zdan \u00e7\u0131xar\u0131lmal\u0131d\u0131r.<\/p>\n<p>Dey\u0259 bil\u0259r\u0259m ki, m\u00fcnaqi\u015f\u0259nin h\u0259lli i\u015find\u0259 Az\u0259rbaycan 2018-ci ild\u0259 \u00e7ox ciddi m\u00f6vqel\u0259r\u0259 malik oldu. Bildiyiniz kimi, Erm\u0259nistanda 20 il \u0259rzind\u0259 hakimiyy\u0259ti z\u0259bt etmi\u015f kriminal, r\u00fc\u015fv\u0259txor, xunta rejimi \u00e7\u00f6kd\u00fc v\u0259 bu, Erm\u0259nistan\u0131n Az\u0259rbaycana qar\u015f\u0131 apard\u0131\u011f\u0131 i\u015f\u011fal\u00e7\u0131 siyas\u0259tin tam iflas\u0131d\u0131r. Onu da dey\u0259 bil\u0259r\u0259m ki, bizim Erm\u0259nistana qar\u015f\u0131 apard\u0131\u011f\u0131m\u0131z \u00e7ox d\u00fc\u015f\u00fcn\u00fclm\u00fc\u015f, m\u0259qs\u0259dy\u00f6nl\u00fc v\u0259 prinsipial siyas\u0259timiz \u00f6z b\u0259hr\u0259sini verdi. Biz Erm\u0259nistan\u0131 b\u00fct\u00fcn regional v\u0259 beyn\u0259lxalq layih\u0259l\u0259rd\u0259n t\u0259crid ed\u0259 bilmi\u015fik, Erm\u0259nistan iqtisadiyyat\u0131n\u0131n \u00e7\u00f6km\u0259sind\u0259 bizim pay\u0131m\u0131z da kifay\u0259t q\u0259d\u0259r b\u00f6y\u00fckd\u00fcr. Hesab edir\u0259m ki, bu g\u00fcn m\u00fcnaqi\u015f\u0259nin h\u0259lli \u00fc\u00e7\u00fcn yeni v\u0259ziyy\u0259t yaran\u0131r&#8221;.<\/p>\n<p>Az\u0259rbaycan Prezidenti \u00fcmid etdiyini bildirib ki, 2019-cu ild\u0259 bu sah\u0259d\u0259 ir\u0259lil\u0259yi\u015f ola bil\u0259r: &#8220;Bununla yana\u015f\u0131, \u0259lb\u0259tt\u0259, hesab edir\u0259m ki, bizim g\u00fccl\u00fc h\u0259rbi potensial\u0131m\u0131z m\u00fcnaqi\u015f\u0259nin h\u0259lli \u00fc\u00e7\u00fcn \u0259sas amildir. Biz son ill\u0259r \u0259rzind\u0259 \u00f6z h\u0259rbi q\u00fcdr\u0259timizi b\u00f6y\u00fck d\u0259r\u0259c\u0259d\u0259 art\u0131ra bilmi\u015fik. Bu g\u00fcn Az\u0259rbaycan Ordusu d\u00fcnya miqyas\u0131nda g\u00fccl\u00fc ordular s\u0131ras\u0131ndad\u0131r. Bu il \u00f6lk\u0259mizd\u0259 iki d\u0259f\u0259 ke\u00e7irilmi\u015f h\u0259rbi parad bizim g\u00fcc\u00fcm\u00fcz\u00fc, bizim g\u00fccl\u00fc ordumuzun potensial\u0131n\u0131 g\u00f6st\u0259rir. \u018fn m\u00fcasir silahlarla, texnika il\u0259 t\u0259chiz edilmi\u015f Az\u0259rbaycan Ordusu \u00e7ox y\u00fcks\u0259k d\u00f6y\u00fc\u015f qabiliyy\u0259tin\u0259 malikdir v\u0259 biz bu il bunu bir daha t\u0259sdiq etdik. Az\u0259rbaycan Ordusu Az\u0259rbaycan-Erm\u0259nistan s\u0259rh\u0259dinin Nax\u00e7\u0131van istiqam\u0259tind\u0259 u\u011furlu \u0259m\u0259liyyat ke\u00e7ir\u0259r\u0259k 11 min hektar torpa\u011fa tam n\u0259zar\u0259t edir. Strateji y\u00fcks\u0259klikl\u0259rin \u0259ld\u0259 edilm\u0259si biz\u0259 imkan verir ki, Erm\u0259nistan \u0259razisind\u0259n ke\u00e7\u0259n \u00f6n\u0259mli kommunikasiyalara v\u0259 yollara tam n\u0259zar\u0259t ed\u0259k.<\/p>\n<p>Biz bundan sonra da \u00f6z h\u0259rbi q\u00fcdr\u0259timizi art\u0131raca\u011f\u0131q. Biz Erm\u0259nistan-Az\u0259rbaycan Da\u011fl\u0131q Qaraba\u011f m\u00fcnaqi\u015f\u0259sini s\u00fclh yolu il\u0259 h\u0259ll etm\u0259k ist\u0259yirik v\u0259 dan\u0131\u015f\u0131qlarda i\u015ftirak\u0131m\u0131z bunun \u0259yani s\u00fcbutudur. Ancaq h\u0259r k\u0259s bilir v\u0259 bilm\u0259lidir ki, m\u00fcnaqi\u015f\u0259nin h\u0259lli \u00fc\u00e7\u00fcn h\u0259rbi amil x\u00fcsusi rol oynay\u0131r v\u0259 bundan sonra da biz h\u0259rbi q\u00fcdr\u0259timizi art\u0131raca\u011f\u0131q&#8221;.<\/p>\n","protected":false},"excerpt":{"rendered":"<p>Az\u0259rbaycan 2018-ci ild\u0259 Da\u011fl\u0131q Qaraba\u011f m\u00fcnaqi\u015f\u0259sinin h\u0259lli i\u015find\u0259 \u00e7ox ciddi m\u00f6vqel\u0259r\u0259 malik oldu. ARANTV.AZ az\u0259rtac-a istinad\u0259n bildirir ki, bunu Prezident \u0130lham \u018fliyev D\u00fcnya Az\u0259rbaycanl\u0131lar\u0131n\u0131n H\u0259mr\u0259ylik G\u00fcn\u00fc v\u0259 Yeni il m\u00fcnasib\u0259til\u0259 Az\u0259rbaycan xalq\u0131na t\u0259brikind\u0259 deyib. \u0130lham \u018fliyev qeyd edib: &#8220;Erm\u0259nistan-Az\u0259rbaycan Da\u011fl\u0131q Qaraba\u011f m\u00fcnaqi\u015f\u0259sinin h\u0259lli i\u015find\u0259 biz prinsipial m\u00f6vqeyimizd\u0259 qal\u0131r\u0131q. Bizim m\u00f6vqeyimiz haqq-\u0259dal\u0259t m\u00f6vqeyidir. Bizim m\u00f6vqeyimiz beyn\u0259lxalq h\u00fcququn norma v\u0259 prinsipl\u0259rin\u0259 tam uy\u011fundur. Da\u011fl\u0131q Qaraba\u011f tarixi, \u0259z\u0259li Az\u0259rbaycan torpa\u011f\u0131d\u0131r. B\u00fct\u00fcn d\u00fcnya \u00f6lk\u0259mizin \u0259razi b\u00fct\u00f6vl\u00fcy\u00fcn\u00fc tan\u0131y\u0131r&#8221;. D\u00f6vl\u0259t ba\u015f\u00e7\u0131s\u0131 vur\u011fulay\u0131b ki, Erm\u0259nistan-Az\u0259rbaycan Da\u011fl\u0131q Qaraba\u011f m\u00fcnaqi\u015f\u0259si yaln\u0131z \u00f6lk\u0259mizin \u0259razi b\u00fct\u00f6vl\u00fcy\u00fc \u00e7\u0259r\u00e7iv\u0259sind\u0259 \u00f6z h\u0259llini tapmal\u0131d\u0131r: &#8220;BMT&hellip;<\/p>\n","protected":false},"author":2,"featured_media":30087,"comment_status":"closed","ping_status":"closed","sticky":false,"template":"","format":"standard","meta":{"om_disable_all_campaigns":false,"_monsterinsights_skip_tracking":false,"_monsterinsights_sitenote_active":false,"_monsterinsights_sitenote_note":"","_monsterinsights_sitenote_category":0},"categories":[8],"tags":[],"aioseo_notices":[],"gutentor_comment":0,"rttpg_featured_image_url":{"full":["https:\/\/arantv.az\/wp-content\/uploads\/2019\/01\/2018_ilham_aliyev_03.jpg",1200,900,false],"landscape":["https:\/\/arantv.az\/wp-content\/uploads\/2019\/01\/2018_ilham_aliyev_03.jpg",1200,900,false],"portraits":["https:\/\/arantv.az\/wp-content\/uploads\/2019\/01\/2018_ilham_aliyev_03.jpg",1200,900,false],"thumbnail":["https:\/\/arantv.az\/wp-content\/uploads\/2019\/01\/2018_ilham_aliyev_03-150x150.jpg",150,150,true],"medium":["https:\/\/arantv.az\/wp-content\/uploads\/2019\/01\/2018_ilham_aliyev_03-300x225.jpg",300,225,true],"large":["https:\/\/arantv.az\/wp-content\/uploads\/2019\/01\/2018_ilham_aliyev_03-1024x768.jpg",640,480,true],"1536x1536":["https:\/\/arantv.az\/wp-content\/uploads\/2019\/01\/2018_ilham_aliyev_03.jpg",1200,900,false],"2048x2048":["https:\/\/arantv.az\/wp-content\/uploads\/2019\/01\/2018_ilham_aliyev_03.jpg",1200,900,false],"post-thumbnail":["https:\/\/arantv.az\/wp-content\/uploads\/2019\/01\/2018_ilham_aliyev_03-240x172.jpg",240,172,true],"advps-thumb-one":["https:\/\/arantv.az\/wp-content\/uploads\/2019\/01\/2018_ilham_aliyev_03-1200x620.jpg",1200,620,true]},"rttpg_author":{"display_name":"V\u00fcsal Rafiqo\u011flu","author_link":"https:\/\/arantv.az\/?author=2"},"rttpg_comment":0,"rttpg_category":"<a href=\"https:\/\/arantv.az\/?cat=8\" rel=\"category\">\u018fsas s\u0259hif\u0259<\/a>","rttpg_excerpt":"Az\u0259rbaycan 2018-ci ild\u0259 Da\u011fl\u0131q Qaraba\u011f m\u00fcnaqi\u015f\u0259sinin h\u0259lli i\u015find\u0259 \u00e7ox ciddi m\u00f6vqel\u0259r\u0259 malik oldu. ARANTV.AZ az\u0259rtac-a istinad\u0259n bildirir ki, bunu Prezident \u0130lham \u018fliyev D\u00fcnya Az\u0259rbaycanl\u0131lar\u0131n\u0131n H\u0259mr\u0259ylik G\u00fcn\u00fc v\u0259 Yeni il m\u00fcnasib\u0259til\u0259 Az\u0259rbaycan xalq\u0131na t\u0259brikind\u0259 deyib. \u0130lham \u018fliyev qeyd edib: &#8220;Erm\u0259nistan-Az\u0259rbaycan Da\u011fl\u0131q Qaraba\u011f m\u00fcnaqi\u015f\u0259sinin h\u0259lli i\u015find\u0259 biz prinsipial m\u00f6vqeyimizd\u0259 qal\u0131r\u0131q. Bizim m\u00f6vqeyimiz haqq-\u0259dal\u0259t m\u00f6vqeyidir. Bizim m\u00f6vqeyimiz beyn\u0259lxalq&hellip;","_links":{"self":[{"href":"https:\/\/arantv.az\/index.php?rest_route=\/wp\/v2\/posts\/30086"}],"collection":[{"href":"https:\/\/arantv.az\/index.php?rest_route=\/wp\/v2\/posts"}],"about":[{"href":"https:\/\/arantv.az\/index.php?rest_route=\/wp\/v2\/types\/post"}],"author":[{"embeddable":true,"href":"https:\/\/arantv.az\/index.php?rest_route=\/wp\/v2\/users\/2"}],"replies":[{"embeddable":true,"href":"https:\/\/arantv.az\/index.php?rest_route=%2Fwp%2Fv2%2Fcomments&post=30086"}],"version-history":[{"count":0,"href":"https:\/\/arantv.az\/index.php?rest_route=\/wp\/v2\/posts\/30086\/revisions"}],"wp:featuredmedia":[{"embeddable":true,"href":"https:\/\/arantv.az\/index.php?rest_route=\/wp\/v2\/media\/30087"}],"wp:attachment":[{"href":"https:\/\/arantv.az\/index.php?rest_route=%2Fwp%2Fv2%2Fmedia&parent=30086"}],"wp:term":[{"taxonomy":"category","embeddable":true,"href":"https:\/\/arantv.az\/index.php?rest_route=%2Fwp%2Fv2%2Fcategories&post=30086"},{"taxonomy":"post_tag","embeddable":true,"href":"https:\/\/arantv.az\/index.php?rest_route=%2Fwp%2Fv2%2Ftags&post=30086"}],"curies":[{"name":"wp","href":"https:\/\/api.w.org\/{rel}","templated":true}]}}