{"id":30089,"date":"2019-01-01T09:30:15","date_gmt":"2019-01-01T06:30:15","guid":{"rendered":"http:\/\/arantv.az\/?p=30089"},"modified":"2019-01-01T09:30:15","modified_gmt":"2019-01-01T06:30:15","slug":"prezident-ilham-%c9%99liyev-2018-ci-il-az%c9%99rbaycan-ucun-ugurlu-il-olub","status":"publish","type":"post","link":"https:\/\/arantv.az\/?p=30089","title":{"rendered":"Prezident \u0130lham \u018fliyev: &#8220;2018-ci il Az\u0259rbaycan \u00fc\u00e7\u00fcn u\u011furlu il olub&#8221;"},"content":{"rendered":"<p>2018-ci il Az\u0259rbaycan \u00fc\u00e7\u00fcn u\u011furlu il olub.<\/p>\n<p><strong>ARANTV.AZ<\/strong> az\u0259rtac-a istinad\u0259n bildirir ki, bunu Prezident \u0130lham \u018fliyev D\u00fcnya Az\u0259rbaycanl\u0131lar\u0131n\u0131n H\u0259mr\u0259ylik G\u00fcn\u00fc v\u0259 Yeni il m\u00fcnasib\u0259til\u0259 Az\u0259rbaycan xalq\u0131na t\u0259brikind\u0259 deyib.<\/p>\n<p>D\u00f6vl\u0259timizin ba\u015f\u00e7\u0131s\u0131 qeyd edib: &#8220;\u018fziz h\u0259mv\u0259t\u0259nl\u0259r. 2018-ci il sona yax\u0131nla\u015f\u0131r. Tam \u0259minlikl\u0259 dem\u0259k olar ki, 2018-ci il \u00f6lk\u0259miz \u00fc\u00e7\u00fcn u\u011furlu il olmu\u015fdur. \u00d6lk\u0259miz b\u00fct\u00fcn istiqam\u0259tl\u0259r \u00fczr\u0259 u\u011furla, s\u00fcr\u0259tl\u0259 inki\u015faf etmi\u015fdir. Az\u0259rbaycan g\u00fccl\u00fc \u00f6lk\u0259 kimi d\u00fcnya miqyas\u0131nda \u00f6z\u00fcn\u00fc t\u0259sdiql\u0259yib. Bizim beyn\u0259lxalq m\u00f6vqel\u0259rimiz daha da m\u00f6hk\u0259ml\u0259nib. M\u0259n bu il 16 xarici s\u0259f\u0259r etmi\u015f\u0259m. \u00d6lk\u0259miz\u0259 16 d\u00f6vl\u0259t v\u0259 h\u00f6kum\u0259t ba\u015f\u00e7\u0131s\u0131 s\u0259f\u0259r etmi\u015fdir v\u0259 bu, ikit\u0259r\u0259fli \u0259laq\u0259l\u0259rimizin n\u0259 q\u0259d\u0259r geni\u015f oldu\u011funu g\u00f6st\u0259rir. Eyni zamanda, beyn\u0259lxalq t\u0259\u015fkilatlar \u00e7\u0259r\u00e7iv\u0259sind\u0259 Az\u0259rbaycan u\u011furla f\u0259aliyy\u0259t g\u00f6st\u0259rmi\u015fdir. Biz beyn\u0259lxalq al\u0259md\u0259 layiqli yerimizi tuta bilmi\u015fik.<\/p>\n<p>Qon\u015fu \u00f6lk\u0259l\u0259rl\u0259 \u0259laq\u0259l\u0259rimiz daha y\u00fcks\u0259k s\u0259viyy\u0259y\u0259 qalx\u0131b. Bu, h\u0259r bir \u00f6lk\u0259 \u00fc\u00e7\u00fcn \u00e7ox \u00f6n\u0259mlidir, o c\u00fcml\u0259d\u0259n Az\u0259rbaycan \u00fc\u00e7\u00fcn. Qon\u015fu d\u00f6vl\u0259tl\u0259rl\u0259 h\u0259m siyasi, h\u0259m iqtisadi v\u0259 dig\u0259r sah\u0259l\u0259rd\u0259 birg\u0259 apard\u0131\u011f\u0131m\u0131z i\u015fl\u0259r b\u00f6lg\u0259d\u0259 sabitliyi daha da m\u00f6hk\u0259ml\u0259ndirir. Sabitliy\u0259 g\u0259ldikd\u0259, dey\u0259 bil\u0259r\u0259m ki, d\u00fcnyada g\u0259rginlik, riskl\u0259r, t\u0259hdidl\u0259r art\u0131r, Az\u0259rbaycan is\u0259 sabitlik m\u0259kan\u0131d\u0131r. 2018-ci ild\u0259 xalq\u0131m\u0131z \u0259min-amanl\u0131q, sabitlik \u015f\u0259raitind\u0259 ya\u015fay\u0131b. Sabitliyin \u0259sas s\u0259b\u0259bi v\u0259 onun m\u0259nb\u0259yi xalq-iqtidar birliyidir.<\/p>\n<p>Biz Avropa \u0130ttifaq\u0131 il\u0259 \u0259laq\u0259l\u0259rimizi daha da m\u00f6hk\u0259ml\u0259ndirmi\u015fik. Bu il Avropa \u0130ttifaq\u0131 il\u0259 Az\u0259rbaycan aras\u0131nda imzalanm\u0131\u015f T\u0259r\u0259fda\u015fl\u0131q Prioritetl\u0259ri s\u0259n\u0259di bu m\u00fcnasib\u0259tl\u0259rin n\u0259 q\u0259d\u0259r y\u00fcks\u0259k s\u0259viyy\u0259d\u0259 olmas\u0131n\u0131n t\u0259zah\u00fcr\u00fcd\u00fcr. Bu s\u0259n\u0259dd\u0259 \u00f6lk\u0259mizin \u0259razi b\u00fct\u00f6vl\u00fcy\u00fc, suverenliyi, s\u0259rh\u0259dl\u0259rimizin toxunulmazl\u0131\u011f\u0131 haqq\u0131nda \u00e7ox ayd\u0131n fikirl\u0259r \u00f6z \u0259ksini tap\u0131b v\u0259 bir daha onu g\u00f6st\u0259rir ki, Avropa \u0130ttifaq\u0131 Erm\u0259nistan-Az\u0259rbaycan Da\u011fl\u0131q Qaraba\u011f m\u0259s\u0259l\u0259sinin h\u0259llind\u0259 d\u00fczg\u00fcn m\u00f6vqed\u0259dir.<\/p>\n<p>\u0130slam h\u0259mr\u0259yliyi m\u0259s\u0259l\u0259l\u0259rind\u0259 bizim rolumuz art\u0131r. \u0130slam \u018fm\u0259kda\u015fl\u0131q T\u0259\u015fkilat\u0131 bu sah\u0259d\u0259 apard\u0131\u011f\u0131m\u0131z siyas\u0259t\u0259 \u00e7ox y\u00fcks\u0259k qiym\u0259t verir v\u0259 tam \u0259minlikl\u0259 dem\u0259k olar ki, Az\u0259rbaycan m\u00fcs\u0259lman al\u0259mind\u0259 \u00f6z g\u00fccl\u00fc rolunu daha da g\u00fccl\u0259ndir\u0259 bilib. M\u00fcs\u0259lman \u00f6lk\u0259l\u0259ri t\u0259r\u0259find\u0259n biz\u0259 g\u00f6st\u0259ril\u0259n diqq\u0259t, h\u00f6rm\u0259t v\u0259 r\u0259\u011fb\u0259t g\u00f6st\u0259rir ki, Az\u0259rbaycan bu sah\u0259d\u0259 d\u0259 b\u00f6y\u00fck u\u011furlara nail olubdur.<\/p>\n<p>Bu il X\u0259z\u0259r d\u0259nizinin h\u00fcquqi statusunun m\u00fc\u0259yy\u0259nl\u0259\u015fdirilm\u0259si m\u0259s\u0259l\u0259si \u00f6z h\u0259llini tapd\u0131. Bu, hesab edir\u0259m ki, tarixi nailiyy\u0259tdir. \u00c7\u00fcnki bildiyiniz kimi, uzun ill\u0259r \u0259rzind\u0259 bu m\u0259s\u0259l\u0259 h\u0259ll olunmam\u0131\u015f qalm\u0131\u015fd\u0131. Ancaq bu, haz\u0131rda \u00f6z h\u0259llini tap\u0131b v\u0259 Az\u0259rbaycan bu m\u0259s\u0259l\u0259nin h\u0259llind\u0259 \u00f6z d\u0259y\u0259rli t\u00f6hf\u0259sini vermi\u015fdir.<\/p>\n<p>Erm\u0259nistan-Az\u0259rbaycan Da\u011fl\u0131q Qaraba\u011f m\u00fcnaqi\u015f\u0259sinin h\u0259lli i\u015find\u0259 biz prinsipial m\u00f6vqeyimizd\u0259 qal\u0131r\u0131q. Bizim m\u00f6vqeyimiz haqq-\u0259dal\u0259t m\u00f6vqeyidir. Bizim m\u00f6vqeyimiz beyn\u0259lxalq h\u00fcququn norma v\u0259 prinsipl\u0259rin\u0259 tam uy\u011fundur. Da\u011fl\u0131q Qaraba\u011f tarixi, \u0259z\u0259li Az\u0259rbaycan torpa\u011f\u0131d\u0131r. B\u00fct\u00fcn d\u00fcnya \u00f6lk\u0259mizin \u0259razi b\u00fct\u00f6vl\u00fcy\u00fcn\u00fc tan\u0131y\u0131r. Erm\u0259nistan-Az\u0259rbaycan Da\u011fl\u0131q Qaraba\u011f m\u00fcnaqi\u015f\u0259si yaln\u0131z \u00f6lk\u0259mizin \u0259razi b\u00fct\u00f6vl\u00fcy\u00fc \u00e7\u0259r\u00e7iv\u0259sind\u0259 \u00f6z h\u0259llini tapmal\u0131d\u0131r. BMT T\u0259hl\u00fck\u0259sizlik \u015euras\u0131n\u0131n q\u0259tnam\u0259l\u0259ri tam icra edilm\u0259lidir, i\u015f\u011fal\u00e7\u0131 q\u00fcvv\u0259l\u0259r qeyd-\u015f\u0259rtsiz bizim torpaqlar\u0131m\u0131zdan \u00e7\u0131xar\u0131lmal\u0131d\u0131r.<\/p>\n<p>Dey\u0259 bil\u0259r\u0259m ki, m\u00fcnaqi\u015f\u0259nin h\u0259lli i\u015find\u0259 Az\u0259rbaycan 2018-ci ild\u0259 \u00e7ox ciddi m\u00f6vqel\u0259r\u0259 malik oldu. Bildiyiniz kimi, Erm\u0259nistanda 20 il \u0259rzind\u0259 hakimiyy\u0259ti z\u0259bt etmi\u015f kriminal, r\u00fc\u015fv\u0259txor, xunta rejimi \u00e7\u00f6kd\u00fc v\u0259 bu, Erm\u0259nistan\u0131n Az\u0259rbaycana qar\u015f\u0131 apard\u0131\u011f\u0131 i\u015f\u011fal\u00e7\u0131 siyas\u0259tin tam iflas\u0131d\u0131r. Onu da dey\u0259 bil\u0259r\u0259m ki, bizim Erm\u0259nistana qar\u015f\u0131 apard\u0131\u011f\u0131m\u0131z \u00e7ox d\u00fc\u015f\u00fcn\u00fclm\u00fc\u015f, m\u0259qs\u0259dy\u00f6nl\u00fc v\u0259 prinsipial siyas\u0259timiz \u00f6z b\u0259hr\u0259sini verdi. Biz Erm\u0259nistan\u0131 b\u00fct\u00fcn regional v\u0259 beyn\u0259lxalq layih\u0259l\u0259rd\u0259n t\u0259crid ed\u0259 bilmi\u015fik, Erm\u0259nistan iqtisadiyyat\u0131n\u0131n \u00e7\u00f6km\u0259sind\u0259 bizim pay\u0131m\u0131z da kifay\u0259t q\u0259d\u0259r b\u00f6y\u00fckd\u00fcr. Hesab edir\u0259m ki, bu g\u00fcn m\u00fcnaqi\u015f\u0259nin h\u0259lli \u00fc\u00e7\u00fcn yeni v\u0259ziyy\u0259t yaran\u0131r. \u00dcmid edir\u0259m ki, 2019-cu ild\u0259 bu sah\u0259d\u0259 ir\u0259lil\u0259yi\u015f ola bil\u0259r.<\/p>\n<p>Bununla yana\u015f\u0131, \u0259lb\u0259tt\u0259, hesab edir\u0259m ki, bizim g\u00fccl\u00fc h\u0259rbi potensial\u0131m\u0131z m\u00fcnaqi\u015f\u0259nin h\u0259lli \u00fc\u00e7\u00fcn \u0259sas amildir. Biz son ill\u0259r \u0259rzind\u0259 \u00f6z h\u0259rbi q\u00fcdr\u0259timizi b\u00f6y\u00fck d\u0259r\u0259c\u0259d\u0259 art\u0131ra bilmi\u015fik. Bu g\u00fcn Az\u0259rbaycan Ordusu d\u00fcnya miqyas\u0131nda g\u00fccl\u00fc ordular s\u0131ras\u0131ndad\u0131r. Bu il \u00f6lk\u0259mizd\u0259 iki d\u0259f\u0259 ke\u00e7irilmi\u015f h\u0259rbi parad bizim g\u00fcc\u00fcm\u00fcz\u00fc, bizim g\u00fccl\u00fc ordumuzun potensial\u0131n\u0131 g\u00f6st\u0259rir. \u018fn m\u00fcasir silahlarla, texnika il\u0259 t\u0259chiz edilmi\u015f Az\u0259rbaycan Ordusu \u00e7ox y\u00fcks\u0259k d\u00f6y\u00fc\u015f qabiliyy\u0259tin\u0259 malikdir v\u0259 biz bu il bunu bir daha t\u0259sdiq etdik. Az\u0259rbaycan Ordusu Az\u0259rbaycan-Erm\u0259nistan s\u0259rh\u0259dinin Nax\u00e7\u0131van istiqam\u0259tind\u0259 u\u011furlu \u0259m\u0259liyyat ke\u00e7ir\u0259r\u0259k 11 min hektar torpa\u011fa tam n\u0259zar\u0259t edir. Strateji y\u00fcks\u0259klikl\u0259rin \u0259ld\u0259 edilm\u0259si biz\u0259 imkan verir ki, Erm\u0259nistan \u0259razisind\u0259n ke\u00e7\u0259n \u00f6n\u0259mli kommunikasiyalara v\u0259 yollara tam n\u0259zar\u0259t ed\u0259k.<\/p>\n<p>Biz bundan sonra da \u00f6z h\u0259rbi q\u00fcdr\u0259timizi art\u0131raca\u011f\u0131q. Biz Erm\u0259nistan-Az\u0259rbaycan Da\u011fl\u0131q Qaraba\u011f m\u00fcnaqi\u015f\u0259sini s\u00fclh yolu il\u0259 h\u0259ll etm\u0259k ist\u0259yirik v\u0259 dan\u0131\u015f\u0131qlarda i\u015ftirak\u0131m\u0131z bunun \u0259yani s\u00fcbutudur. Ancaq h\u0259r k\u0259s bilir v\u0259 bilm\u0259lidir ki, m\u00fcnaqi\u015f\u0259nin h\u0259lli \u00fc\u00e7\u00fcn h\u0259rbi amil x\u00fcsusi rol oynay\u0131r v\u0259 bundan sonra da biz h\u0259rbi q\u00fcdr\u0259timizi art\u0131raca\u011f\u0131q.<\/p>\n<p>Bu il m\u0259cburi k\u00f6\u00e7k\u00fcnl\u0259r \u00fc\u00e7\u00fcn \u00e7ox b\u00f6y\u00fck i\u015fl\u0259r g\u00f6r\u00fcl\u00fcb. 5800 k\u00f6\u00e7k\u00fcn ail\u0259si \u00fc\u00e7\u00fcn yeni evl\u0259r, m\u0259nzill\u0259r tikilib v\u0259 onlara t\u0259qdim edilib. Bu, son ill\u0259rd\u0259 rekord g\u00f6st\u0259ricidir. \u015e\u0259hid ail\u0259l\u0259rin\u0259, Qaraba\u011f m\u00fcharib\u0259si \u0259lill\u0259rin\u0259 626 m\u0259nzil verilmi\u015fdir v\u0259 biz bu siyas\u0259ti g\u0259l\u0259n il d\u0259 davam etdir\u0259c\u0259yik.<\/p>\n<p>\u018flb\u0259tt\u0259 ki, b\u00fct\u00fcn bu i\u015fl\u0259ri g\u00f6rm\u0259k \u00fc\u00e7\u00fcn g\u00fccl\u00fc iqtisadiyyat olmal\u0131d\u0131r v\u0259 bu iqtisadiyyat var. Bu g\u00fcn Az\u0259rbaycan iqtisadi inki\u015faf bax\u0131m\u0131ndan he\u00e7 kimd\u0259n as\u0131l\u0131 deyil. Az\u0259rbaycan iqtisadiyyat\u0131 m\u00fcst\u0259qil iqtisadiyyatd\u0131r v\u0259 bizim m\u00fcst\u0259qil siyas\u0259timizi g\u00fccl\u0259ndir\u0259n amildir. Bu il \u00fcmumi daxili m\u0259hsul art\u0131r, qeyri-neft sektoru art\u0131r, s\u0259naye istehsal\u0131 art\u0131r, qeyri-neft s\u0259naye sektorunda is\u0259 art\u0131m 9 faizd\u0259n \u00e7oxdur. \u0130xrac\u0131m\u0131z t\u0259xmin\u0259n 40 faiz art\u0131b. \u00d6lk\u0259 iqtisadiyyat\u0131na 10 milyard dollar s\u0259rmay\u0259 qoyulubdur. D\u00fcnya Bank\u0131n\u0131n &#8220;Doing Business&#8221; proqram\u0131n\u0131n son hesablamalar\u0131nda Az\u0259rbaycan d\u00fcnya miqyas\u0131nda 25-ci yer\u0259 layiq g\u00f6r\u00fcl\u00fcb. Y\u0259ni, bu, onu g\u00f6st\u0259rir ki, apard\u0131\u011f\u0131m\u0131z islahatlar, \u015f\u0259ffafl\u0131q, ciddi iqtisadi islahatlar \u00f6z n\u0259tic\u0259sini verir v\u0259 D\u00fcnya Bank\u0131 bunu y\u00fcks\u0259k qiym\u0259tl\u0259ndirir.<\/p>\n<p>Biz m\u00fcasir texnologiyalara b\u00f6y\u00fck \u0259h\u0259miyy\u0259t veririk. Bu il bizim \u00fc\u00e7\u00fcnc\u00fc peykimiz orbit\u0259 burax\u0131lm\u0131\u015fd\u0131r. Bu, b\u00f6y\u00fck hadis\u0259dir. Az\u0259rbaycan d\u00fcnyan\u0131n m\u0259hdud sayda olan kosmik klubunun \u00fczv\u00fcd\u00fcr v\u0259 bu sah\u0259d\u0259 \u00f6z m\u00f6vqel\u0259rimizi m\u00f6hk\u0259ml\u0259ndiririk.<\/p>\n<p>Bu il C\u0259nub Qaz D\u0259hlizinin r\u0259smi a\u00e7\u0131l\u0131\u015f\u0131 olmu\u015fdur. May ay\u0131nda biz bu m\u00f6ht\u0259\u015f\u0259m t\u0259dbiri qeyd etmi\u015fdik. Bu, b\u00f6y\u00fck tarixi nailiyy\u0259tdir. Eyni zamanda, bu ilin iyun ay\u0131nda TANAP layih\u0259si d\u0259 r\u0259smi olaraq a\u00e7\u0131ld\u0131 v\u0259 bel\u0259likl\u0259, C\u0259nub Qaz D\u0259hlizinin tam ba\u015fa \u00e7atmas\u0131 \u00fc\u00e7\u00fcn \u00e7ox g\u00f6z\u0259l imkanlar yarand\u0131. Bu, bizim tarixi nailiyy\u0259timizdir v\u0259 Az\u0259rbaycan xalq\u0131 bundan sonra onillikl\u0259r \u0259rzind\u0259 bu layih\u0259l\u0259rin faydas\u0131n\u0131 g\u00f6r\u0259c\u0259k.<\/p>\n<p>Bu il \u018fl\u0259t Ticar\u0259t Liman\u0131n\u0131n a\u00e7\u0131l\u0131\u015f\u0131n\u0131 qeyd etdik. Bu da tarixi layih\u0259dir. Az\u0259rbaycan n\u0259inki regionun, Avrasiyan\u0131n \u00e7ox \u00f6n\u0259mli n\u0259qliyyat m\u0259rk\u0259zin\u0259 \u00e7evrilir. \u015eimal-C\u0259nub, \u015e\u0259rq-Q\u0259rb d\u0259hlizl\u0259ri bizim \u0259razimizd\u0259n ke\u00e7ir. \u00c7ox g\u00fccl\u00fc n\u0259qliyyat infrastrukturu biz\u0259 imkan ver\u0259c\u0259k ki, tranzit imkanlar\u0131m\u0131zdan \u00e7ox b\u00f6y\u00fck s\u0259m\u0259r\u0259 il\u0259 istifad\u0259 ed\u0259 bil\u0259k.<\/p>\n<p>Bildiyiniz kimi, ilin \u0259vv\u0259lind\u0259 m\u0259nim S\u0259r\u0259ncam\u0131mla 2018-ci il &#8220;Az\u0259rbaycan Xalq C\u00fcmhuriyy\u0259ti \u0130li&#8221; elan edilmi\u015fdir. Biz Az\u0259rbaycan Xalq C\u00fcmhuriyy\u0259tinin 100 illiyini h\u0259m \u00f6lk\u0259mizd\u0259, h\u0259m d\u0259 bir \u00e7ox xarici \u00f6lk\u0259l\u0259rd\u0259 b\u00f6y\u00fck t\u0259nt\u0259n\u0259 il\u0259 qeyd etmi\u015fik. Bug\u00fcnk\u00fc Az\u0259rbaycan Az\u0259rbaycan Xalq C\u00fcmhuriyy\u0259tinin varisidir. Az\u0259rbaycan he\u00e7 vaxt tarixd\u0259 bu q\u0259d\u0259r g\u00fccl\u00fc, bu q\u0259d\u0259r m\u00fcst\u0259qil, bu q\u0259d\u0259r azad olmam\u0131\u015fd\u0131r.<\/p>\n<p>Bu il \u00f6lk\u0259mizd\u0259 prezident se\u00e7kil\u0259ri ke\u00e7irilmi\u015fdir. Az\u0259rbaycan xalq\u0131 bir daha m\u0259n\u0259 y\u00fcks\u0259k etimad g\u00f6st\u0259rmi\u015fdir, m\u0259nim f\u0259aliyy\u0259tim\u0259 y\u00fcks\u0259k qiym\u0259t vermi\u015fdir. M\u0259n son 15 il \u0259rzind\u0259 Prezident kimi \u00e7al\u0131\u015fm\u0131\u015fam ki, xalqa l\u0259yaq\u0259tl\u0259 xidm\u0259t edim. Bundan sonra da \u00e7al\u0131\u015faca\u011fam ki, Az\u0259rbaycan\u0131n inki\u015faf\u0131, Az\u0259rbaycan\u0131n g\u00fccl\u0259ndirilm\u0259si, xalq\u0131n rifah\u0131n\u0131n artmas\u0131 \u00fc\u00e7\u00fcn \u0259limd\u0259n g\u0259l\u0259ni \u0259sirg\u0259m\u0259yim. M\u0259nim bir amal\u0131m var: g\u00fccl\u00fc Az\u0259rbaycan d\u00f6vl\u0259ti qurmaq v\u0259 xalqa l\u0259yaq\u0259tl\u0259 xidm\u0259t etm\u0259k.<\/p>\n<p>Bu g\u00fcn D\u00fcnya Az\u0259rbaycanl\u0131lar\u0131n\u0131n H\u0259mr\u0259ylik G\u00fcn\u00fcd\u00fcr. Bu f\u00fcrs\u0259td\u0259n istifad\u0259 ed\u0259r\u0259k, d\u00fcnyada ya\u015fayan b\u00fct\u00fcn az\u0259rbaycanl\u0131lara, soyda\u015flar\u0131m\u0131za \u00f6z salamlar\u0131m\u0131 \u00e7atd\u0131r\u0131ram, onlara u\u011furlar arzulay\u0131ram.<\/p>\n<p>\u018fziz h\u0259mv\u0259t\u0259nl\u0259r, \u0259ziz bac\u0131lar v\u0259 qarda\u015flar.<\/p>\n<p>M\u0259n sizi Yeni il bayram\u0131 v\u0259 D\u00fcnya Az\u0259rbaycanl\u0131lar\u0131n\u0131n H\u0259mr\u0259ylik G\u00fcn\u00fc m\u00fcnasib\u0259til\u0259 \u00fcr\u0259kd\u0259n t\u0259brik edir\u0259m.<\/p>\n<p>Bayram\u0131n\u0131z m\u00fcbar\u0259k olsun!&#8221;<\/p>\n","protected":false},"excerpt":{"rendered":"<p>2018-ci il Az\u0259rbaycan \u00fc\u00e7\u00fcn u\u011furlu il olub. ARANTV.AZ az\u0259rtac-a istinad\u0259n bildirir ki, bunu Prezident \u0130lham \u018fliyev D\u00fcnya Az\u0259rbaycanl\u0131lar\u0131n\u0131n H\u0259mr\u0259ylik G\u00fcn\u00fc v\u0259 Yeni il m\u00fcnasib\u0259til\u0259 Az\u0259rbaycan xalq\u0131na t\u0259brikind\u0259 deyib. D\u00f6vl\u0259timizin ba\u015f\u00e7\u0131s\u0131 qeyd edib: &#8220;\u018fziz h\u0259mv\u0259t\u0259nl\u0259r. 2018-ci il sona yax\u0131nla\u015f\u0131r. Tam \u0259minlikl\u0259 dem\u0259k olar ki, 2018-ci il \u00f6lk\u0259miz \u00fc\u00e7\u00fcn u\u011furlu il olmu\u015fdur. \u00d6lk\u0259miz b\u00fct\u00fcn istiqam\u0259tl\u0259r \u00fczr\u0259 u\u011furla, s\u00fcr\u0259tl\u0259 inki\u015faf etmi\u015fdir. Az\u0259rbaycan g\u00fccl\u00fc \u00f6lk\u0259 kimi d\u00fcnya miqyas\u0131nda \u00f6z\u00fcn\u00fc t\u0259sdiql\u0259yib. Bizim beyn\u0259lxalq m\u00f6vqel\u0259rimiz daha da m\u00f6hk\u0259ml\u0259nib. M\u0259n bu il 16 xarici s\u0259f\u0259r etmi\u015f\u0259m. \u00d6lk\u0259miz\u0259 16 d\u00f6vl\u0259t v\u0259 h\u00f6kum\u0259t ba\u015f\u00e7\u0131s\u0131 s\u0259f\u0259r etmi\u015fdir v\u0259 bu, ikit\u0259r\u0259fli&hellip;<\/p>\n","protected":false},"author":2,"featured_media":30090,"comment_status":"closed","ping_status":"closed","sticky":false,"template":"","format":"standard","meta":{"om_disable_all_campaigns":false,"_monsterinsights_skip_tracking":false,"_monsterinsights_sitenote_active":false,"_monsterinsights_sitenote_note":"","_monsterinsights_sitenote_category":0},"categories":[8],"tags":[],"aioseo_notices":[],"gutentor_comment":0,"rttpg_featured_image_url":{"full":["https:\/\/arantv.az\/wp-content\/uploads\/2019\/01\/2018_ilham_aliyev_02.jpg",1200,900,false],"landscape":["https:\/\/arantv.az\/wp-content\/uploads\/2019\/01\/2018_ilham_aliyev_02.jpg",1200,900,false],"portraits":["https:\/\/arantv.az\/wp-content\/uploads\/2019\/01\/2018_ilham_aliyev_02.jpg",1200,900,false],"thumbnail":["https:\/\/arantv.az\/wp-content\/uploads\/2019\/01\/2018_ilham_aliyev_02-150x150.jpg",150,150,true],"medium":["https:\/\/arantv.az\/wp-content\/uploads\/2019\/01\/2018_ilham_aliyev_02-300x225.jpg",300,225,true],"large":["https:\/\/arantv.az\/wp-content\/uploads\/2019\/01\/2018_ilham_aliyev_02-1024x768.jpg",640,480,true],"1536x1536":["https:\/\/arantv.az\/wp-content\/uploads\/2019\/01\/2018_ilham_aliyev_02.jpg",1200,900,false],"2048x2048":["https:\/\/arantv.az\/wp-content\/uploads\/2019\/01\/2018_ilham_aliyev_02.jpg",1200,900,false],"post-thumbnail":["https:\/\/arantv.az\/wp-content\/uploads\/2019\/01\/2018_ilham_aliyev_02-240x172.jpg",240,172,true],"advps-thumb-one":["https:\/\/arantv.az\/wp-content\/uploads\/2019\/01\/2018_ilham_aliyev_02-1200x620.jpg",1200,620,true]},"rttpg_author":{"display_name":"V\u00fcsal Rafiqo\u011flu","author_link":"https:\/\/arantv.az\/?author=2"},"rttpg_comment":0,"rttpg_category":"<a href=\"https:\/\/arantv.az\/?cat=8\" rel=\"category\">\u018fsas s\u0259hif\u0259<\/a>","rttpg_excerpt":"2018-ci il Az\u0259rbaycan \u00fc\u00e7\u00fcn u\u011furlu il olub. ARANTV.AZ az\u0259rtac-a istinad\u0259n bildirir ki, bunu Prezident \u0130lham \u018fliyev D\u00fcnya Az\u0259rbaycanl\u0131lar\u0131n\u0131n H\u0259mr\u0259ylik G\u00fcn\u00fc v\u0259 Yeni il m\u00fcnasib\u0259til\u0259 Az\u0259rbaycan xalq\u0131na t\u0259brikind\u0259 deyib. D\u00f6vl\u0259timizin ba\u015f\u00e7\u0131s\u0131 qeyd edib: &#8220;\u018fziz h\u0259mv\u0259t\u0259nl\u0259r. 2018-ci il sona yax\u0131nla\u015f\u0131r. Tam \u0259minlikl\u0259 dem\u0259k olar ki, 2018-ci il \u00f6lk\u0259miz \u00fc\u00e7\u00fcn u\u011furlu il olmu\u015fdur. \u00d6lk\u0259miz b\u00fct\u00fcn istiqam\u0259tl\u0259r \u00fczr\u0259 u\u011furla,&hellip;","_links":{"self":[{"href":"https:\/\/arantv.az\/index.php?rest_route=\/wp\/v2\/posts\/30089"}],"collection":[{"href":"https:\/\/arantv.az\/index.php?rest_route=\/wp\/v2\/posts"}],"about":[{"href":"https:\/\/arantv.az\/index.php?rest_route=\/wp\/v2\/types\/post"}],"author":[{"embeddable":true,"href":"https:\/\/arantv.az\/index.php?rest_route=\/wp\/v2\/users\/2"}],"replies":[{"embeddable":true,"href":"https:\/\/arantv.az\/index.php?rest_route=%2Fwp%2Fv2%2Fcomments&post=30089"}],"version-history":[{"count":0,"href":"https:\/\/arantv.az\/index.php?rest_route=\/wp\/v2\/posts\/30089\/revisions"}],"wp:featuredmedia":[{"embeddable":true,"href":"https:\/\/arantv.az\/index.php?rest_route=\/wp\/v2\/media\/30090"}],"wp:attachment":[{"href":"https:\/\/arantv.az\/index.php?rest_route=%2Fwp%2Fv2%2Fmedia&parent=30089"}],"wp:term":[{"taxonomy":"category","embeddable":true,"href":"https:\/\/arantv.az\/index.php?rest_route=%2Fwp%2Fv2%2Fcategories&post=30089"},{"taxonomy":"post_tag","embeddable":true,"href":"https:\/\/arantv.az\/index.php?rest_route=%2Fwp%2Fv2%2Ftags&post=30089"}],"curies":[{"name":"wp","href":"https:\/\/api.w.org\/{rel}","templated":true}]}}