{"id":30097,"date":"2019-01-01T09:57:29","date_gmt":"2019-01-01T06:57:29","guid":{"rendered":"http:\/\/arantv.az\/?p=30097"},"modified":"2019-01-01T09:57:29","modified_gmt":"2019-01-01T06:57:29","slug":"%c9%99haliy%c9%99-sad-x%c9%99b%c9%99r-bu-gund%c9%99n-pensiyalar-artirildi","status":"publish","type":"post","link":"https:\/\/arantv.az\/?p=30097","title":{"rendered":"\u018fhaliy\u0259 \u015eAD X\u018fB\u018fR &#8211; Bu g\u00fcnd\u0259n pensiyalar art\u0131r\u0131ld\u0131"},"content":{"rendered":"<p>Bu il Az\u0259rbaycanda ehtiyac meyar\u0131 143 manat, ya\u015fay\u0131\u015f minimumu is\u0259 \u00f6lk\u0259 \u00fczr\u0259 180 manat olacaq.<\/p>\n<div id=\"AdributorNativeVideo0\" class=\"AdributorNativeVideo\"><\/div>\n<p><b>ARANTV.AZ\u00a0<\/b>\u00a0x\u0259b\u0259r verir ki, bu il \u00fcnvanl\u0131 d\u00f6vl\u0259t sosial yard\u0131m\u0131n\u0131n t\u0259yin edilm\u0259si m\u0259qs\u0259dil\u0259 2019-cu il \u00fc\u00e7\u00fcn ehtiyac meyar\u0131n\u0131n h\u0259ddi 143 manat m\u0259bl\u0259\u011find\u0259 t\u0259sdiq olunub. 2019-cu il \u00fc\u00e7\u00fcn ya\u015fay\u0131\u015f minimumu is\u0259 \u00f6lk\u0259 \u00fczr\u0259 180 manat, \u0259m\u0259k qabiliyy\u0259tli \u0259hali \u00fc\u00e7\u00fcn 191 manat, pensiya\u00e7\u0131lar \u00fc\u00e7\u00fcn 149 manat, u\u015faqlar \u00fc\u00e7\u00fcn 160 manat m\u0259bl\u0259\u011find\u0259 m\u00fc\u0259yy\u0259n edilib.big.az<\/p>\n<p>&nbsp;<\/p>\n","protected":false},"excerpt":{"rendered":"<p>Bu il Az\u0259rbaycanda ehtiyac meyar\u0131 143 manat, ya\u015fay\u0131\u015f minimumu is\u0259 \u00f6lk\u0259 \u00fczr\u0259 180 manat olacaq. ARANTV.AZ\u00a0\u00a0x\u0259b\u0259r verir ki, bu il \u00fcnvanl\u0131 d\u00f6vl\u0259t sosial yard\u0131m\u0131n\u0131n t\u0259yin edilm\u0259si m\u0259qs\u0259dil\u0259 2019-cu il \u00fc\u00e7\u00fcn ehtiyac meyar\u0131n\u0131n h\u0259ddi 143 manat m\u0259bl\u0259\u011find\u0259 t\u0259sdiq olunub. 2019-cu il \u00fc\u00e7\u00fcn ya\u015fay\u0131\u015f minimumu is\u0259 \u00f6lk\u0259 \u00fczr\u0259 180 manat, \u0259m\u0259k qabiliyy\u0259tli \u0259hali \u00fc\u00e7\u00fcn 191 manat, pensiya\u00e7\u0131lar \u00fc\u00e7\u00fcn 149 manat, u\u015faqlar \u00fc\u00e7\u00fcn 160 manat m\u0259bl\u0259\u011find\u0259 m\u00fc\u0259yy\u0259n edilib.big.az &nbsp;<\/p>\n","protected":false},"author":2,"featured_media":30098,"comment_status":"closed","ping_status":"closed","sticky":false,"template":"","format":"standard","meta":{"om_disable_all_campaigns":false,"_monsterinsights_skip_tracking":false,"_monsterinsights_sitenote_active":false,"_monsterinsights_sitenote_note":"","_monsterinsights_sitenote_category":0},"categories":[1],"tags":[],"aioseo_notices":[],"gutentor_comment":0,"rttpg_featured_image_url":{"full":["https:\/\/arantv.az\/wp-content\/uploads\/2019\/01\/1_41546320851.jpg",600,400,false],"landscape":["https:\/\/arantv.az\/wp-content\/uploads\/2019\/01\/1_41546320851.jpg",600,400,false],"portraits":["https:\/\/arantv.az\/wp-content\/uploads\/2019\/01\/1_41546320851.jpg",600,400,false],"thumbnail":["https:\/\/arantv.az\/wp-content\/uploads\/2019\/01\/1_41546320851-150x150.jpg",150,150,true],"medium":["https:\/\/arantv.az\/wp-content\/uploads\/2019\/01\/1_41546320851-300x200.jpg",300,200,true],"large":["https:\/\/arantv.az\/wp-content\/uploads\/2019\/01\/1_41546320851.jpg",600,400,false],"1536x1536":["https:\/\/arantv.az\/wp-content\/uploads\/2019\/01\/1_41546320851.jpg",600,400,false],"2048x2048":["https:\/\/arantv.az\/wp-content\/uploads\/2019\/01\/1_41546320851.jpg",600,400,false],"post-thumbnail":["https:\/\/arantv.az\/wp-content\/uploads\/2019\/01\/1_41546320851-240x172.jpg",240,172,true],"advps-thumb-one":["https:\/\/arantv.az\/wp-content\/uploads\/2019\/01\/1_41546320851.jpg",600,400,false]},"rttpg_author":{"display_name":"V\u00fcsal Rafiqo\u011flu","author_link":"https:\/\/arantv.az\/?author=2"},"rttpg_comment":0,"rttpg_category":"<a href=\"https:\/\/arantv.az\/?cat=1\" rel=\"category\">C\u0259miyy\u0259t<\/a>","rttpg_excerpt":"Bu il Az\u0259rbaycanda ehtiyac meyar\u0131 143 manat, ya\u015fay\u0131\u015f minimumu is\u0259 \u00f6lk\u0259 \u00fczr\u0259 180 manat olacaq. ARANTV.AZ\u00a0\u00a0x\u0259b\u0259r verir ki, bu il \u00fcnvanl\u0131 d\u00f6vl\u0259t sosial yard\u0131m\u0131n\u0131n t\u0259yin edilm\u0259si m\u0259qs\u0259dil\u0259 2019-cu il \u00fc\u00e7\u00fcn ehtiyac meyar\u0131n\u0131n h\u0259ddi 143 manat m\u0259bl\u0259\u011find\u0259 t\u0259sdiq olunub. 2019-cu il \u00fc\u00e7\u00fcn ya\u015fay\u0131\u015f minimumu is\u0259 \u00f6lk\u0259 \u00fczr\u0259 180 manat, \u0259m\u0259k qabiliyy\u0259tli \u0259hali \u00fc\u00e7\u00fcn 191 manat, pensiya\u00e7\u0131lar&hellip;","_links":{"self":[{"href":"https:\/\/arantv.az\/index.php?rest_route=\/wp\/v2\/posts\/30097"}],"collection":[{"href":"https:\/\/arantv.az\/index.php?rest_route=\/wp\/v2\/posts"}],"about":[{"href":"https:\/\/arantv.az\/index.php?rest_route=\/wp\/v2\/types\/post"}],"author":[{"embeddable":true,"href":"https:\/\/arantv.az\/index.php?rest_route=\/wp\/v2\/users\/2"}],"replies":[{"embeddable":true,"href":"https:\/\/arantv.az\/index.php?rest_route=%2Fwp%2Fv2%2Fcomments&post=30097"}],"version-history":[{"count":0,"href":"https:\/\/arantv.az\/index.php?rest_route=\/wp\/v2\/posts\/30097\/revisions"}],"wp:featuredmedia":[{"embeddable":true,"href":"https:\/\/arantv.az\/index.php?rest_route=\/wp\/v2\/media\/30098"}],"wp:attachment":[{"href":"https:\/\/arantv.az\/index.php?rest_route=%2Fwp%2Fv2%2Fmedia&parent=30097"}],"wp:term":[{"taxonomy":"category","embeddable":true,"href":"https:\/\/arantv.az\/index.php?rest_route=%2Fwp%2Fv2%2Fcategories&post=30097"},{"taxonomy":"post_tag","embeddable":true,"href":"https:\/\/arantv.az\/index.php?rest_route=%2Fwp%2Fv2%2Ftags&post=30097"}],"curies":[{"name":"wp","href":"https:\/\/api.w.org\/{rel}","templated":true}]}}