{"id":301420,"date":"2021-02-25T14:57:41","date_gmt":"2021-02-25T11:57:41","guid":{"rendered":"http:\/\/arantv.az\/?p=301420"},"modified":"2021-02-25T14:57:41","modified_gmt":"2021-02-25T11:57:41","slug":"dyp-d%c9%99n-x%c9%99b%c9%99rdarliq-sabah-paytaxtin-b%c9%99zi-yollarinda-n%c9%99qliyyatin-h%c9%99r%c9%99k%c9%99ti-m%c9%99hdudlasdirilacaq-r%c9%99smi","status":"publish","type":"post","link":"https:\/\/arantv.az\/?p=301420","title":{"rendered":"DYP-d\u0259n X\u018fB\u018fRDARLIQ: Sabah paytaxt\u0131n b\u0259zi yollar\u0131nda n\u0259qliyyat\u0131n h\u0259r\u0259k\u0259ti m\u0259hdudla\u015fd\u0131r\u0131lacaq &#8211; R\u018fSM\u0130"},"content":{"rendered":"<p>Xocal\u0131 soyq\u0131r\u0131m\u0131 faci\u0259sinin 29-cu ild\u00f6n\u00fcm\u00fc il\u0259 \u0259laq\u0259dar sabah paytaxt\u0131n b\u0259zi yollar\u0131nda n\u0259qliyyat vasit\u0259l\u0259rinin h\u0259r\u0259k\u0259tin\u0259 m\u0259hdudiyy\u0259t qoyulacaq.<\/p>\n<p>Bu bar\u0259d\u0259 Oxu.Az-a a\u00e7\u0131qlamas\u0131nda Bak\u0131 \u015e\u0259h\u0259r Ba\u015f Polis \u0130dar\u0259sinin D\u00f6vl\u0259t Yol Polisi \u0130dar\u0259sinin b\u00f6lm\u0259 r\u0259isi, polis polkovniki Vaqif \u018fs\u0259dov deyib.<\/p>\n<p>Onun s\u00f6zl\u0259rin\u0259 g\u00f6r\u0259, sabah s\u0259h\u0259r saat 08:00-dan etibar\u0259n X\u0259tai rayonu Xocal\u0131 prospekti \u201cAna f\u0259ryad\u0131\u201d abid\u0259si qar\u015f\u0131s\u0131nda ke\u00e7iril\u0259c\u0259k y\u00fcr\u00fc\u015f t\u0259dbirinin t\u0259hl\u00fck\u0259siz t\u0259\u015fkil edilm\u0259si m\u0259qs\u0259dil\u0259 Xocal\u0131 prospekti il\u0259 n\u0259qliyyat vasit\u0259l\u0259rinin h\u0259r\u0259k\u0259tin\u0259 m\u0259hdudiyy\u0259t qoyulacaq:<\/p>\n<p>\u201cEl\u0259c\u0259 d\u0259 paralel olaraq paytaxt\u0131n Xocal\u0131 prospekti il\u0259 k\u0259si\u015f\u0259n v\u0259 bu prospekt\u0259 biti\u015f\u0259n b\u00fct\u00fcn k\u00fc\u00e7\u0259 v\u0259 prospektl\u0259rd\u0259 avtomobill\u0259rin h\u0259r\u0259k\u0259tin\u0259 m\u0259hdudiyy\u0259t qoyulacaq. Buna g\u00f6r\u0259 d\u0259 n\u0259qliyyat vasit\u0259l\u0259rinin alternativ yollardan istifad\u0259 etm\u0259l\u0259ri t\u00f6vsiy\u0259 olunur.<\/p>\n<p>Bel\u0259 ki, sabah \u201cAna f\u0259ryad\u0131\u201d abid\u0259si istiqam\u0259tin\u0259 do\u011fru Yusif S\u0259f\u0259rov, N\u0259c\u0259fqulu R\u0259fiyev, Nobel prospekti v\u0259 10-cu Zavod dair\u0259sind\u0259n, el\u0259c\u0259 d\u0259 Xocal\u0131 prospekti il\u0259 k\u0259si\u015f\u0259n b\u00fct\u00fcn k\u00fc\u00e7\u0259l\u0259rd\u0259 h\u0259r\u0259k\u0259t ed\u0259n avtomobill\u0259rin istiqam\u0259ti d\u0259yi\u015fdirilir. Sadalanan istiqam\u0259tl\u0259rd\u0259 n\u0259qliyyat\u0131n h\u0259r\u0259k\u0259tinin m\u0259hdudla\u015fd\u0131r\u0131lmas\u0131 sabah s\u0259h\u0259r saat 08:00-dan \u0259n son ziyar\u0259t\u00e7i \u00e7\u0131xana q\u0259d\u0259r davam ed\u0259c\u0259k.<\/p>\n<p>Xocal\u0131 soyq\u0131r\u0131m\u0131n\u0131n 29-cu ild\u00f6n\u00fcm\u00fc il\u0259 \u0259laq\u0259dar \u201cAna f\u0259ryad\u0131\u201d abid\u0259sini ziyar\u0259t ed\u0259nl\u0259rin t\u0259hl\u00fck\u0259sizliyini t\u0259min etm\u0259k m\u0259qs\u0259dil\u0259 polis \u0259m\u0259kda\u015flar\u0131 g\u00fccl\u0259ndirilmi\u015f i\u015f rejimind\u0259 \u00e7al\u0131\u015facaqlar. \u00d6t\u0259n ill\u0259rd\u0259n f\u0259rqli olaraq insanlar\u0131n haz\u0131rda \u00f6lk\u0259 \u0259razisind\u0259 koronavirus pandemiyas\u0131 il\u0259 \u0259laq\u0259dar t\u0259tbiq edil\u0259n karantin rejimini n\u0259z\u0259r\u0259 almalar\u0131, sosial m\u0259saf\u0259ni g\u00f6zl\u0259m\u0259k v\u0259 qoruyucu vasit\u0259l\u0259rd\u0259n istifad\u0259 etm\u0259kl\u0259 be\u015f n\u0259f\u0259rd\u0259n ibar\u0259t qrup \u015f\u0259klind\u0259 ziyar\u0259t etm\u0259l\u0259ri xahi\u015f olunur.<\/p>\n<p>\u0130zdiham\u0131n yaranmamas\u0131 \u00fc\u00e7\u00fcn insanlar N\u0259c\u0259fqulu R\u0259fiyev k\u00fc\u00e7\u0259sind\u0259n ba\u015flayaraq \u201cAna f\u0259ryad\u0131\u201d abid\u0259sini ziyar\u0259t etdikd\u0259n sonra \u201c\u015eah \u0130smay\u0131l X\u0259tai\u201d metrostansiyas\u0131n\u0131n qar\u015f\u0131s\u0131 il\u0259 Natiq \u018fliyev k\u00fc\u00e7\u0259sinin k\u0259si\u015fm\u0259si istiqam\u0259tind\u0259 h\u0259r\u0259k\u0259ti davam etdirm\u0259l\u0259ri t\u00f6vsiy\u0259 olunur\u201d.<\/p>\n<p>\u201cZiyar\u0259t\u00e7il\u0259rd\u0259n \u015f\u0259xsi n\u0259qliyyat vasit\u0259l\u0259rind\u0259n deyil, ictimai n\u0259qliyyatdan istifad\u0259 etm\u0259l\u0259ri xahi\u015f olunur\u201d, &#8211; dey\u0259 V.\u018fs\u0259dov qeyd edib.<\/p>\n","protected":false},"excerpt":{"rendered":"<p>Xocal\u0131 soyq\u0131r\u0131m\u0131 faci\u0259sinin 29-cu ild\u00f6n\u00fcm\u00fc il\u0259 \u0259laq\u0259dar sabah paytaxt\u0131n b\u0259zi yollar\u0131nda n\u0259qliyyat vasit\u0259l\u0259rinin h\u0259r\u0259k\u0259tin\u0259 m\u0259hdudiyy\u0259t qoyulacaq. Bu bar\u0259d\u0259 Oxu.Az-a a\u00e7\u0131qlamas\u0131nda Bak\u0131 \u015e\u0259h\u0259r Ba\u015f Polis \u0130dar\u0259sinin D\u00f6vl\u0259t Yol Polisi \u0130dar\u0259sinin b\u00f6lm\u0259 r\u0259isi, polis polkovniki Vaqif \u018fs\u0259dov deyib. Onun s\u00f6zl\u0259rin\u0259 g\u00f6r\u0259, sabah s\u0259h\u0259r saat 08:00-dan etibar\u0259n X\u0259tai rayonu Xocal\u0131 prospekti \u201cAna f\u0259ryad\u0131\u201d abid\u0259si qar\u015f\u0131s\u0131nda ke\u00e7iril\u0259c\u0259k y\u00fcr\u00fc\u015f t\u0259dbirinin t\u0259hl\u00fck\u0259siz t\u0259\u015fkil edilm\u0259si m\u0259qs\u0259dil\u0259 Xocal\u0131 prospekti il\u0259 n\u0259qliyyat vasit\u0259l\u0259rinin h\u0259r\u0259k\u0259tin\u0259 m\u0259hdudiyy\u0259t qoyulacaq: \u201cEl\u0259c\u0259 d\u0259 paralel olaraq paytaxt\u0131n Xocal\u0131 prospekti il\u0259 k\u0259si\u015f\u0259n v\u0259 bu prospekt\u0259 biti\u015f\u0259n b\u00fct\u00fcn k\u00fc\u00e7\u0259 v\u0259 prospektl\u0259rd\u0259 avtomobill\u0259rin h\u0259r\u0259k\u0259tin\u0259 m\u0259hdudiyy\u0259t qoyulacaq. Buna g\u00f6r\u0259&hellip;<\/p>\n","protected":false},"author":2,"featured_media":301421,"comment_status":"closed","ping_status":"closed","sticky":false,"template":"","format":"standard","meta":{"om_disable_all_campaigns":false,"_monsterinsights_skip_tracking":false,"_monsterinsights_sitenote_active":false,"_monsterinsights_sitenote_note":"","_monsterinsights_sitenote_category":0},"categories":[26],"tags":[],"aioseo_notices":[],"gutentor_comment":0,"rttpg_featured_image_url":{"full":["https:\/\/arantv.az\/wp-content\/uploads\/2021\/02\/polis3_551.jpg",620,349,false],"landscape":["https:\/\/arantv.az\/wp-content\/uploads\/2021\/02\/polis3_551.jpg",620,349,false],"portraits":["https:\/\/arantv.az\/wp-content\/uploads\/2021\/02\/polis3_551.jpg",620,349,false],"thumbnail":["https:\/\/arantv.az\/wp-content\/uploads\/2021\/02\/polis3_551-150x150.jpg",150,150,true],"medium":["https:\/\/arantv.az\/wp-content\/uploads\/2021\/02\/polis3_551-300x169.jpg",300,169,true],"large":["https:\/\/arantv.az\/wp-content\/uploads\/2021\/02\/polis3_551.jpg",620,349,false],"1536x1536":["https:\/\/arantv.az\/wp-content\/uploads\/2021\/02\/polis3_551.jpg",620,349,false],"2048x2048":["https:\/\/arantv.az\/wp-content\/uploads\/2021\/02\/polis3_551.jpg",620,349,false],"post-thumbnail":["https:\/\/arantv.az\/wp-content\/uploads\/2021\/02\/polis3_551-240x172.jpg",240,172,true],"advps-thumb-one":["https:\/\/arantv.az\/wp-content\/uploads\/2021\/02\/polis3_551.jpg",620,349,false]},"rttpg_author":{"display_name":"V\u00fcsal Rafiqo\u011flu","author_link":"https:\/\/arantv.az\/?author=2"},"rttpg_comment":0,"rttpg_category":"<a href=\"https:\/\/arantv.az\/?cat=26\" rel=\"category\">Sosial<\/a>","rttpg_excerpt":"Xocal\u0131 soyq\u0131r\u0131m\u0131 faci\u0259sinin 29-cu ild\u00f6n\u00fcm\u00fc il\u0259 \u0259laq\u0259dar sabah paytaxt\u0131n b\u0259zi yollar\u0131nda n\u0259qliyyat vasit\u0259l\u0259rinin h\u0259r\u0259k\u0259tin\u0259 m\u0259hdudiyy\u0259t qoyulacaq. Bu bar\u0259d\u0259 Oxu.Az-a a\u00e7\u0131qlamas\u0131nda Bak\u0131 \u015e\u0259h\u0259r Ba\u015f Polis \u0130dar\u0259sinin D\u00f6vl\u0259t Yol Polisi \u0130dar\u0259sinin b\u00f6lm\u0259 r\u0259isi, polis polkovniki Vaqif \u018fs\u0259dov deyib. Onun s\u00f6zl\u0259rin\u0259 g\u00f6r\u0259, sabah s\u0259h\u0259r saat 08:00-dan etibar\u0259n X\u0259tai rayonu Xocal\u0131 prospekti \u201cAna f\u0259ryad\u0131\u201d abid\u0259si qar\u015f\u0131s\u0131nda ke\u00e7iril\u0259c\u0259k y\u00fcr\u00fc\u015f t\u0259dbirinin&hellip;","_links":{"self":[{"href":"https:\/\/arantv.az\/index.php?rest_route=\/wp\/v2\/posts\/301420"}],"collection":[{"href":"https:\/\/arantv.az\/index.php?rest_route=\/wp\/v2\/posts"}],"about":[{"href":"https:\/\/arantv.az\/index.php?rest_route=\/wp\/v2\/types\/post"}],"author":[{"embeddable":true,"href":"https:\/\/arantv.az\/index.php?rest_route=\/wp\/v2\/users\/2"}],"replies":[{"embeddable":true,"href":"https:\/\/arantv.az\/index.php?rest_route=%2Fwp%2Fv2%2Fcomments&post=301420"}],"version-history":[{"count":0,"href":"https:\/\/arantv.az\/index.php?rest_route=\/wp\/v2\/posts\/301420\/revisions"}],"wp:featuredmedia":[{"embeddable":true,"href":"https:\/\/arantv.az\/index.php?rest_route=\/wp\/v2\/media\/301421"}],"wp:attachment":[{"href":"https:\/\/arantv.az\/index.php?rest_route=%2Fwp%2Fv2%2Fmedia&parent=301420"}],"wp:term":[{"taxonomy":"category","embeddable":true,"href":"https:\/\/arantv.az\/index.php?rest_route=%2Fwp%2Fv2%2Fcategories&post=301420"},{"taxonomy":"post_tag","embeddable":true,"href":"https:\/\/arantv.az\/index.php?rest_route=%2Fwp%2Fv2%2Ftags&post=301420"}],"curies":[{"name":"wp","href":"https:\/\/api.w.org\/{rel}","templated":true}]}}