{"id":301432,"date":"2021-02-25T15:03:30","date_gmt":"2021-02-25T12:03:30","guid":{"rendered":"http:\/\/arantv.az\/?p=301432"},"modified":"2021-02-25T15:03:30","modified_gmt":"2021-02-25T12:03:30","slug":"yuks%c9%99k-dagliq-%c9%99razil%c9%99rd%c9%99-qarolcm%c9%99-isl%c9%99rin%c9%99-baslanilacaq","status":"publish","type":"post","link":"https:\/\/arantv.az\/?p=301432","title":{"rendered":"Y\u00fcks\u0259k da\u011fl\u0131q \u0259razil\u0259rd\u0259 qar\u00f6l\u00e7m\u0259 i\u015fl\u0259rin\u0259 ba\u015flan\u0131lacaq"},"content":{"rendered":"<p>\u00d6lk\u0259 \u0259razisind\u0259 qar-su ehtiyatlar\u0131n\u0131n m\u00fc\u0259yy\u0259nl\u0259\u015fdirilm\u0259si, su resurslar\u0131n\u0131n qiym\u0259tl\u0259ndirilm\u0259si m\u0259qs\u0259dil\u0259 Milli Hidrometeorologiya Xidm\u0259tinin m\u00fct\u0259x\u0259ssisl\u0259ri t\u0259r\u0259find\u0259n B\u00f6y\u00fck v\u0259 Ki\u00e7ik Qafqaz\u0131n y\u00fcks\u0259k da\u011fl\u0131q \u0259razil\u0259rind\u0259 mart ay\u0131n\u0131n ilk g\u00fcnl\u0259rind\u0259n etibar\u0259n qar\u00f6l\u00e7m\u0259 i\u015fl\u0259rinin apar\u0131lmas\u0131na ba\u015flan\u0131lacaq.<\/p>\n<p>Xidm\u0259tin Hidrologiya\u00a0M\u0259rk\u0259zinin direktoru Asif Verdiyev bildirib ki, qar\u00f6l\u00e7m\u0259 i\u015fl\u0259ri 25 mar\u015frut \u00fczr\u0259 4 qrupdan ibar\u0259t ekspedisiya t\u0259r\u0259find\u0259n h\u0259yata ke\u00e7iril\u0259c\u0259k v\u0259 qar \u00f6rt\u00fcy\u00fcn\u00fcn h\u00fcnd\u00fcrl\u00fcy\u00fc, \u00e7\u0259kisi, s\u0131xl\u0131\u011f\u0131, sululu\u011fu t\u0259yin olunacaq:<\/p>\n<p>\u201cQar\u00f6l\u00e7m\u0259 i\u015fl\u0259ri B\u00f6y\u00fck Qafqaz\u0131n Balak\u0259n, Zaqatala, Qax, \u015e\u0259ki, O\u011fuz, Q\u0259b\u0259l\u0259 rayonlar\u0131n\u0131n \u0259razil\u0259rind\u0259n axan Balak\u0259n\u00e7ay, Katex\u00e7ay, Tala\u00e7ay, K\u00fcrm\u00fck\u00e7ay, \u015ein\u00e7ay, Ki\u015f\u00e7ay, Bum\u00e7ay, D\u0259miraparan\u00e7ay, Quba v\u0259 Qusar rayonlar\u0131n\u0131n \u0259razil\u0259rind\u0259n axan Qusar\u00e7ay, Qudiyal\u00e7ay, V\u0259lv\u0259l\u0259\u00e7ay, Ki\u00e7ik Qafqaz\u0131n G\u0259d\u0259b\u0259y, Da\u015fk\u0259s\u0259n, G\u00f6yg\u00f6l rayonlar\u0131n\u0131n \u0259razil\u0259rind\u0259n axan \u015e\u0259mkir\u00e7ay, Z\u0259y\u0259m\u00e7ay, G\u0259nc\u0259\u00e7ay, K\u00fcr\u0259k\u00e7ay v\u0259 K\u0259lb\u0259c\u0259r, La\u00e7\u0131n rayonlar\u0131n\u0131n \u0259razil\u0259rind\u0259n axan T\u0259rt\u0259r\u00e7ay, H\u0259k\u0259ri\u00e7ay \u00e7aylar\u0131n\u0131n h\u00f6vz\u0259l\u0259rind\u0259 apar\u0131lacaq\u201d.<\/p>\n","protected":false},"excerpt":{"rendered":"<p>\u00d6lk\u0259 \u0259razisind\u0259 qar-su ehtiyatlar\u0131n\u0131n m\u00fc\u0259yy\u0259nl\u0259\u015fdirilm\u0259si, su resurslar\u0131n\u0131n qiym\u0259tl\u0259ndirilm\u0259si m\u0259qs\u0259dil\u0259 Milli Hidrometeorologiya Xidm\u0259tinin m\u00fct\u0259x\u0259ssisl\u0259ri t\u0259r\u0259find\u0259n B\u00f6y\u00fck v\u0259 Ki\u00e7ik Qafqaz\u0131n y\u00fcks\u0259k da\u011fl\u0131q \u0259razil\u0259rind\u0259 mart ay\u0131n\u0131n ilk g\u00fcnl\u0259rind\u0259n etibar\u0259n qar\u00f6l\u00e7m\u0259 i\u015fl\u0259rinin apar\u0131lmas\u0131na ba\u015flan\u0131lacaq. Xidm\u0259tin Hidrologiya\u00a0M\u0259rk\u0259zinin direktoru Asif Verdiyev bildirib ki, qar\u00f6l\u00e7m\u0259 i\u015fl\u0259ri 25 mar\u015frut \u00fczr\u0259 4 qrupdan ibar\u0259t ekspedisiya t\u0259r\u0259find\u0259n h\u0259yata ke\u00e7iril\u0259c\u0259k v\u0259 qar \u00f6rt\u00fcy\u00fcn\u00fcn h\u00fcnd\u00fcrl\u00fcy\u00fc, \u00e7\u0259kisi, s\u0131xl\u0131\u011f\u0131, sululu\u011fu t\u0259yin olunacaq: \u201cQar\u00f6l\u00e7m\u0259 i\u015fl\u0259ri B\u00f6y\u00fck Qafqaz\u0131n Balak\u0259n, Zaqatala, Qax, \u015e\u0259ki, O\u011fuz, Q\u0259b\u0259l\u0259 rayonlar\u0131n\u0131n \u0259razil\u0259rind\u0259n axan Balak\u0259n\u00e7ay, Katex\u00e7ay, Tala\u00e7ay, K\u00fcrm\u00fck\u00e7ay, \u015ein\u00e7ay, Ki\u015f\u00e7ay, Bum\u00e7ay, D\u0259miraparan\u00e7ay, Quba v\u0259 Qusar rayonlar\u0131n\u0131n \u0259razil\u0259rind\u0259n axan Qusar\u00e7ay, Qudiyal\u00e7ay, V\u0259lv\u0259l\u0259\u00e7ay, Ki\u00e7ik Qafqaz\u0131n&hellip;<\/p>\n","protected":false},"author":2,"featured_media":301433,"comment_status":"closed","ping_status":"closed","sticky":false,"template":"","format":"standard","meta":{"om_disable_all_campaigns":false,"_monsterinsights_skip_tracking":false,"_monsterinsights_sitenote_active":false,"_monsterinsights_sitenote_note":"","_monsterinsights_sitenote_category":0},"categories":[26],"tags":[],"aioseo_notices":[],"gutentor_comment":0,"rttpg_featured_image_url":{"full":["https:\/\/arantv.az\/wp-content\/uploads\/2021\/02\/vsfb.jpg",590,443,false],"landscape":["https:\/\/arantv.az\/wp-content\/uploads\/2021\/02\/vsfb.jpg",590,443,false],"portraits":["https:\/\/arantv.az\/wp-content\/uploads\/2021\/02\/vsfb.jpg",590,443,false],"thumbnail":["https:\/\/arantv.az\/wp-content\/uploads\/2021\/02\/vsfb-150x150.jpg",150,150,true],"medium":["https:\/\/arantv.az\/wp-content\/uploads\/2021\/02\/vsfb-300x225.jpg",300,225,true],"large":["https:\/\/arantv.az\/wp-content\/uploads\/2021\/02\/vsfb.jpg",590,443,false],"1536x1536":["https:\/\/arantv.az\/wp-content\/uploads\/2021\/02\/vsfb.jpg",590,443,false],"2048x2048":["https:\/\/arantv.az\/wp-content\/uploads\/2021\/02\/vsfb.jpg",590,443,false],"post-thumbnail":["https:\/\/arantv.az\/wp-content\/uploads\/2021\/02\/vsfb-240x172.jpg",240,172,true],"advps-thumb-one":["https:\/\/arantv.az\/wp-content\/uploads\/2021\/02\/vsfb.jpg",590,443,false]},"rttpg_author":{"display_name":"V\u00fcsal Rafiqo\u011flu","author_link":"https:\/\/arantv.az\/?author=2"},"rttpg_comment":0,"rttpg_category":"<a href=\"https:\/\/arantv.az\/?cat=26\" rel=\"category\">Sosial<\/a>","rttpg_excerpt":"\u00d6lk\u0259 \u0259razisind\u0259 qar-su ehtiyatlar\u0131n\u0131n m\u00fc\u0259yy\u0259nl\u0259\u015fdirilm\u0259si, su resurslar\u0131n\u0131n qiym\u0259tl\u0259ndirilm\u0259si m\u0259qs\u0259dil\u0259 Milli Hidrometeorologiya Xidm\u0259tinin m\u00fct\u0259x\u0259ssisl\u0259ri t\u0259r\u0259find\u0259n B\u00f6y\u00fck v\u0259 Ki\u00e7ik Qafqaz\u0131n y\u00fcks\u0259k da\u011fl\u0131q \u0259razil\u0259rind\u0259 mart ay\u0131n\u0131n ilk g\u00fcnl\u0259rind\u0259n etibar\u0259n qar\u00f6l\u00e7m\u0259 i\u015fl\u0259rinin apar\u0131lmas\u0131na ba\u015flan\u0131lacaq. Xidm\u0259tin Hidrologiya\u00a0M\u0259rk\u0259zinin direktoru Asif Verdiyev bildirib ki, qar\u00f6l\u00e7m\u0259 i\u015fl\u0259ri 25 mar\u015frut \u00fczr\u0259 4 qrupdan ibar\u0259t ekspedisiya t\u0259r\u0259find\u0259n h\u0259yata ke\u00e7iril\u0259c\u0259k v\u0259 qar \u00f6rt\u00fcy\u00fcn\u00fcn h\u00fcnd\u00fcrl\u00fcy\u00fc, \u00e7\u0259kisi, s\u0131xl\u0131\u011f\u0131,&hellip;","_links":{"self":[{"href":"https:\/\/arantv.az\/index.php?rest_route=\/wp\/v2\/posts\/301432"}],"collection":[{"href":"https:\/\/arantv.az\/index.php?rest_route=\/wp\/v2\/posts"}],"about":[{"href":"https:\/\/arantv.az\/index.php?rest_route=\/wp\/v2\/types\/post"}],"author":[{"embeddable":true,"href":"https:\/\/arantv.az\/index.php?rest_route=\/wp\/v2\/users\/2"}],"replies":[{"embeddable":true,"href":"https:\/\/arantv.az\/index.php?rest_route=%2Fwp%2Fv2%2Fcomments&post=301432"}],"version-history":[{"count":0,"href":"https:\/\/arantv.az\/index.php?rest_route=\/wp\/v2\/posts\/301432\/revisions"}],"wp:featuredmedia":[{"embeddable":true,"href":"https:\/\/arantv.az\/index.php?rest_route=\/wp\/v2\/media\/301433"}],"wp:attachment":[{"href":"https:\/\/arantv.az\/index.php?rest_route=%2Fwp%2Fv2%2Fmedia&parent=301432"}],"wp:term":[{"taxonomy":"category","embeddable":true,"href":"https:\/\/arantv.az\/index.php?rest_route=%2Fwp%2Fv2%2Fcategories&post=301432"},{"taxonomy":"post_tag","embeddable":true,"href":"https:\/\/arantv.az\/index.php?rest_route=%2Fwp%2Fv2%2Ftags&post=301432"}],"curies":[{"name":"wp","href":"https:\/\/api.w.org\/{rel}","templated":true}]}}