{"id":301440,"date":"2021-02-25T15:06:06","date_gmt":"2021-02-25T12:06:06","guid":{"rendered":"http:\/\/arantv.az\/?p=301440"},"modified":"2021-02-25T15:06:06","modified_gmt":"2021-02-25T12:06:06","slug":"c%c9%99brayilda-mulki-s%c9%99xs-minaya-dusdu-r%c9%99smi","status":"publish","type":"post","link":"https:\/\/arantv.az\/?p=301440","title":{"rendered":"C\u0259bray\u0131lda m\u00fclki \u015f\u0259xs minaya d\u00fc\u015fd\u00fc &#8211; R\u018fSM\u0130"},"content":{"rendered":"<p>Fevral\u0131n 25-d\u0259 saat 14 rad\u0259l\u0259rind\u0259 C\u0259bray\u0131l rayonunda \u015f\u0259xsin minaya d\u00fc\u015f\u0259r\u0259k x\u0259sar\u0259t almas\u0131 il\u0259 ba\u011fl\u0131 C\u0259bray\u0131l Rayon Prokurorlu\u011funa g\u0259l\u0259n m\u0259lumat \u0259sas\u0131nda ara\u015fd\u0131rma apar\u0131l\u0131b.<\/p>\n<p>Bu bar\u0259d\u0259 Oxu.Az-a C\u0259bray\u0131l Rayon Prokurorlu\u011fundan m\u0259lumat verilib.<\/p>\n<p>Bildirilib ki, C\u0259bray\u0131l rayon sakini 1964-c\u00fc il t\u0259v\u0259ll\u00fcdl\u00fc Mirz\u0259liyev G\u00fclo\u011flan \u0130mran o\u011flunun i\u015f\u011faldan azad edilmi\u015f C\u0259bray\u0131l rayonun Mehdili k\u0259ndi \u0259razisind\u0259 minaya d\u00fc\u015f\u0259r\u0259k x\u0259sar\u0259tl\u0259r al\u0131b.<\/p>\n<p>Ara\u015fd\u0131rmalarla G\u00fclo\u011flan Mirz\u0259liyevin k\u0259nd-t\u0259s\u0259rr\u00fcfat f\u0259aliyy\u0259ti il\u0259 m\u0259\u015f\u011ful olark\u0259n qeyd edil\u0259n \u0259razid\u0259 piyada \u0259leyhin\u0259 minaya d\u00fc\u015fm\u0259si n\u0259tic\u0259sind\u0259 m\u00fcxt\u0259lif d\u0259r\u0259c\u0259li b\u0259d\u0259n x\u0259sar\u0259tl\u0259ri almas\u0131 mu\u0308\u0259yy\u0259n edilib.<\/p>\n<p>Faktla bag\u0306l\u0131 C\u0259bray\u0131l rayon prokurorlug\u0306u t\u0259r\u0259find\u0259n ara\u015fd\u0131rma apar\u0131l\u0131r.<\/p>\n","protected":false},"excerpt":{"rendered":"<p>Fevral\u0131n 25-d\u0259 saat 14 rad\u0259l\u0259rind\u0259 C\u0259bray\u0131l rayonunda \u015f\u0259xsin minaya d\u00fc\u015f\u0259r\u0259k x\u0259sar\u0259t almas\u0131 il\u0259 ba\u011fl\u0131 C\u0259bray\u0131l Rayon Prokurorlu\u011funa g\u0259l\u0259n m\u0259lumat \u0259sas\u0131nda ara\u015fd\u0131rma apar\u0131l\u0131b. Bu bar\u0259d\u0259 Oxu.Az-a C\u0259bray\u0131l Rayon Prokurorlu\u011fundan m\u0259lumat verilib. Bildirilib ki, C\u0259bray\u0131l rayon sakini 1964-c\u00fc il t\u0259v\u0259ll\u00fcdl\u00fc Mirz\u0259liyev G\u00fclo\u011flan \u0130mran o\u011flunun i\u015f\u011faldan azad edilmi\u015f C\u0259bray\u0131l rayonun Mehdili k\u0259ndi \u0259razisind\u0259 minaya d\u00fc\u015f\u0259r\u0259k x\u0259sar\u0259tl\u0259r al\u0131b. Ara\u015fd\u0131rmalarla G\u00fclo\u011flan Mirz\u0259liyevin k\u0259nd-t\u0259s\u0259rr\u00fcfat f\u0259aliyy\u0259ti il\u0259 m\u0259\u015f\u011ful olark\u0259n qeyd edil\u0259n \u0259razid\u0259 piyada \u0259leyhin\u0259 minaya d\u00fc\u015fm\u0259si n\u0259tic\u0259sind\u0259 m\u00fcxt\u0259lif d\u0259r\u0259c\u0259li b\u0259d\u0259n x\u0259sar\u0259tl\u0259ri almas\u0131 mu\u0308\u0259yy\u0259n edilib. Faktla bag\u0306l\u0131 C\u0259bray\u0131l rayon prokurorlug\u0306u t\u0259r\u0259find\u0259n ara\u015fd\u0131rma apar\u0131l\u0131r.<\/p>\n","protected":false},"author":2,"featured_media":301441,"comment_status":"closed","ping_status":"closed","sticky":false,"template":"","format":"standard","meta":{"om_disable_all_campaigns":false,"_monsterinsights_skip_tracking":false,"_monsterinsights_sitenote_active":false,"_monsterinsights_sitenote_note":"","_monsterinsights_sitenote_category":0},"categories":[5],"tags":[],"aioseo_notices":[],"gutentor_comment":0,"rttpg_featured_image_url":{"full":["https:\/\/arantv.az\/wp-content\/uploads\/2021\/02\/1539329453_mina.jpg",620,349,false],"landscape":["https:\/\/arantv.az\/wp-content\/uploads\/2021\/02\/1539329453_mina.jpg",620,349,false],"portraits":["https:\/\/arantv.az\/wp-content\/uploads\/2021\/02\/1539329453_mina.jpg",620,349,false],"thumbnail":["https:\/\/arantv.az\/wp-content\/uploads\/2021\/02\/1539329453_mina-150x150.jpg",150,150,true],"medium":["https:\/\/arantv.az\/wp-content\/uploads\/2021\/02\/1539329453_mina-300x169.jpg",300,169,true],"large":["https:\/\/arantv.az\/wp-content\/uploads\/2021\/02\/1539329453_mina.jpg",620,349,false],"1536x1536":["https:\/\/arantv.az\/wp-content\/uploads\/2021\/02\/1539329453_mina.jpg",620,349,false],"2048x2048":["https:\/\/arantv.az\/wp-content\/uploads\/2021\/02\/1539329453_mina.jpg",620,349,false],"post-thumbnail":["https:\/\/arantv.az\/wp-content\/uploads\/2021\/02\/1539329453_mina-240x172.jpg",240,172,true],"advps-thumb-one":["https:\/\/arantv.az\/wp-content\/uploads\/2021\/02\/1539329453_mina.jpg",620,349,false]},"rttpg_author":{"display_name":"V\u00fcsal Rafiqo\u011flu","author_link":"https:\/\/arantv.az\/?author=2"},"rttpg_comment":0,"rttpg_category":"<a href=\"https:\/\/arantv.az\/?cat=5\" rel=\"category\">Hadis\u0259<\/a>","rttpg_excerpt":"Fevral\u0131n 25-d\u0259 saat 14 rad\u0259l\u0259rind\u0259 C\u0259bray\u0131l rayonunda \u015f\u0259xsin minaya d\u00fc\u015f\u0259r\u0259k x\u0259sar\u0259t almas\u0131 il\u0259 ba\u011fl\u0131 C\u0259bray\u0131l Rayon Prokurorlu\u011funa g\u0259l\u0259n m\u0259lumat \u0259sas\u0131nda ara\u015fd\u0131rma apar\u0131l\u0131b. Bu bar\u0259d\u0259 Oxu.Az-a C\u0259bray\u0131l Rayon Prokurorlu\u011fundan m\u0259lumat verilib. Bildirilib ki, C\u0259bray\u0131l rayon sakini 1964-c\u00fc il t\u0259v\u0259ll\u00fcdl\u00fc Mirz\u0259liyev G\u00fclo\u011flan \u0130mran o\u011flunun i\u015f\u011faldan azad edilmi\u015f C\u0259bray\u0131l rayonun Mehdili k\u0259ndi \u0259razisind\u0259 minaya d\u00fc\u015f\u0259r\u0259k x\u0259sar\u0259tl\u0259r al\u0131b. Ara\u015fd\u0131rmalarla&hellip;","_links":{"self":[{"href":"https:\/\/arantv.az\/index.php?rest_route=\/wp\/v2\/posts\/301440"}],"collection":[{"href":"https:\/\/arantv.az\/index.php?rest_route=\/wp\/v2\/posts"}],"about":[{"href":"https:\/\/arantv.az\/index.php?rest_route=\/wp\/v2\/types\/post"}],"author":[{"embeddable":true,"href":"https:\/\/arantv.az\/index.php?rest_route=\/wp\/v2\/users\/2"}],"replies":[{"embeddable":true,"href":"https:\/\/arantv.az\/index.php?rest_route=%2Fwp%2Fv2%2Fcomments&post=301440"}],"version-history":[{"count":0,"href":"https:\/\/arantv.az\/index.php?rest_route=\/wp\/v2\/posts\/301440\/revisions"}],"wp:featuredmedia":[{"embeddable":true,"href":"https:\/\/arantv.az\/index.php?rest_route=\/wp\/v2\/media\/301441"}],"wp:attachment":[{"href":"https:\/\/arantv.az\/index.php?rest_route=%2Fwp%2Fv2%2Fmedia&parent=301440"}],"wp:term":[{"taxonomy":"category","embeddable":true,"href":"https:\/\/arantv.az\/index.php?rest_route=%2Fwp%2Fv2%2Fcategories&post=301440"},{"taxonomy":"post_tag","embeddable":true,"href":"https:\/\/arantv.az\/index.php?rest_route=%2Fwp%2Fv2%2Ftags&post=301440"}],"curies":[{"name":"wp","href":"https:\/\/api.w.org\/{rel}","templated":true}]}}