{"id":301448,"date":"2021-02-25T15:08:09","date_gmt":"2021-02-25T12:08:09","guid":{"rendered":"http:\/\/arantv.az\/?p=301448"},"modified":"2021-02-25T15:08:09","modified_gmt":"2021-02-25T12:08:09","slug":"covid-19-dan-sagalan-usaqlarda-uzunmudd%c9%99tli-saglamliq-probleml%c9%99ri-musahid%c9%99-edilib","status":"publish","type":"post","link":"https:\/\/arantv.az\/?p=301448","title":{"rendered":"COVID-19-dan sa\u011falan u\u015faqlarda uzunm\u00fcdd\u0259tli sa\u011flaml\u0131q probleml\u0259ri m\u00fc\u015fahid\u0259 edilib"},"content":{"rendered":"<p>COVID-19 infeksiyas\u0131n\u0131 ke\u00e7ir\u0259n u\u015faqlar\u0131n yar\u0131s\u0131nda az\u0131 d\u00f6rd ay he\u00e7 olmasa bir simptom m\u00fc\u015fahid\u0259 olunur.<\/p>\n<p>\u201c\u0130zvestiya\u201d x\u0259b\u0259r verir ki, aliml\u0259r apard\u0131qlar\u0131 t\u0259dqiqatlardan sonra bunu m\u00fc\u0259yy\u0259n edibl\u0259r.<\/p>\n<p>Koronavirusun \u0259n \u00e7ox g\u00f6r\u00fcl\u0259n f\u0259sadlar\u0131 aras\u0131nda yuxusuzluq, n\u0259f\u0259s darl\u0131\u011f\u0131, yor\u011funluq, \u0259z\u0259l\u0259l\u0259rd\u0259 v\u0259 oynaqlarda a\u011fr\u0131,\u00a0diqq\u0259t poz\u011funlu\u011fu g\u00f6st\u0259rilib.<\/p>\n<p>Bildirilir ki, Beyn\u0259lxalq Sa\u011flaml\u0131q T\u0259dqiqatlar\u0131 \u0130nstitutunun aliml\u0259ri u\u015faqlarda COVID-19 simptomlar\u0131n\u0131n varl\u0131\u011f\u0131n\u0131 v\u0259 m\u00fcdd\u0259tini ara\u015fd\u0131r\u0131b. N\u0259tic\u0259d\u0259\u00a0infeksiyan\u0131n ba\u015flanmas\u0131ndan d\u00f6rd ay sonra u\u015faqlar\u0131n 42 faizinin tamamil\u0259 sa\u011fald\u0131\u011f\u0131 m\u00fc\u0259yy\u0259n edilib. Bundan ba\u015fqa u\u015faqlar\u0131n 1\/3-i x\u0259st\u0259liyin 1-2 \u0259lam\u0259tind\u0259n \u015fikay\u0259t edib, 1\/4-d\u0259 is\u0259 \u00fc\u00e7d\u0259n \u00e7ox simptom oldu\u011fu ortaya \u00e7\u0131x\u0131b.<\/p>\n","protected":false},"excerpt":{"rendered":"<p>COVID-19 infeksiyas\u0131n\u0131 ke\u00e7ir\u0259n u\u015faqlar\u0131n yar\u0131s\u0131nda az\u0131 d\u00f6rd ay he\u00e7 olmasa bir simptom m\u00fc\u015fahid\u0259 olunur. \u201c\u0130zvestiya\u201d x\u0259b\u0259r verir ki, aliml\u0259r apard\u0131qlar\u0131 t\u0259dqiqatlardan sonra bunu m\u00fc\u0259yy\u0259n edibl\u0259r. Koronavirusun \u0259n \u00e7ox g\u00f6r\u00fcl\u0259n f\u0259sadlar\u0131 aras\u0131nda yuxusuzluq, n\u0259f\u0259s darl\u0131\u011f\u0131, yor\u011funluq, \u0259z\u0259l\u0259l\u0259rd\u0259 v\u0259 oynaqlarda a\u011fr\u0131,\u00a0diqq\u0259t poz\u011funlu\u011fu g\u00f6st\u0259rilib. Bildirilir ki, Beyn\u0259lxalq Sa\u011flaml\u0131q T\u0259dqiqatlar\u0131 \u0130nstitutunun aliml\u0259ri u\u015faqlarda COVID-19 simptomlar\u0131n\u0131n varl\u0131\u011f\u0131n\u0131 v\u0259 m\u00fcdd\u0259tini ara\u015fd\u0131r\u0131b. N\u0259tic\u0259d\u0259\u00a0infeksiyan\u0131n ba\u015flanmas\u0131ndan d\u00f6rd ay sonra u\u015faqlar\u0131n 42 faizinin tamamil\u0259 sa\u011fald\u0131\u011f\u0131 m\u00fc\u0259yy\u0259n edilib. Bundan ba\u015fqa u\u015faqlar\u0131n 1\/3-i x\u0259st\u0259liyin 1-2 \u0259lam\u0259tind\u0259n \u015fikay\u0259t edib, 1\/4-d\u0259 is\u0259 \u00fc\u00e7d\u0259n \u00e7ox simptom oldu\u011fu ortaya \u00e7\u0131x\u0131b.<\/p>\n","protected":false},"author":2,"featured_media":301449,"comment_status":"closed","ping_status":"closed","sticky":false,"template":"","format":"standard","meta":{"om_disable_all_campaigns":false,"_monsterinsights_skip_tracking":false,"_monsterinsights_sitenote_active":false,"_monsterinsights_sitenote_note":"","_monsterinsights_sitenote_category":0},"categories":[7],"tags":[],"aioseo_notices":[],"gutentor_comment":0,"rttpg_featured_image_url":{"full":["https:\/\/arantv.az\/wp-content\/uploads\/2021\/02\/61921791-dijete-djecak-zastitna-maska-1140x694.jpg",620,377,false],"landscape":["https:\/\/arantv.az\/wp-content\/uploads\/2021\/02\/61921791-dijete-djecak-zastitna-maska-1140x694.jpg",620,377,false],"portraits":["https:\/\/arantv.az\/wp-content\/uploads\/2021\/02\/61921791-dijete-djecak-zastitna-maska-1140x694.jpg",620,377,false],"thumbnail":["https:\/\/arantv.az\/wp-content\/uploads\/2021\/02\/61921791-dijete-djecak-zastitna-maska-1140x694-150x150.jpg",150,150,true],"medium":["https:\/\/arantv.az\/wp-content\/uploads\/2021\/02\/61921791-dijete-djecak-zastitna-maska-1140x694-300x182.jpg",300,182,true],"large":["https:\/\/arantv.az\/wp-content\/uploads\/2021\/02\/61921791-dijete-djecak-zastitna-maska-1140x694.jpg",620,377,false],"1536x1536":["https:\/\/arantv.az\/wp-content\/uploads\/2021\/02\/61921791-dijete-djecak-zastitna-maska-1140x694.jpg",620,377,false],"2048x2048":["https:\/\/arantv.az\/wp-content\/uploads\/2021\/02\/61921791-dijete-djecak-zastitna-maska-1140x694.jpg",620,377,false],"post-thumbnail":["https:\/\/arantv.az\/wp-content\/uploads\/2021\/02\/61921791-dijete-djecak-zastitna-maska-1140x694-240x172.jpg",240,172,true],"advps-thumb-one":["https:\/\/arantv.az\/wp-content\/uploads\/2021\/02\/61921791-dijete-djecak-zastitna-maska-1140x694.jpg",620,377,false]},"rttpg_author":{"display_name":"V\u00fcsal Rafiqo\u011flu","author_link":"https:\/\/arantv.az\/?author=2"},"rttpg_comment":0,"rttpg_category":"<a href=\"https:\/\/arantv.az\/?cat=7\" rel=\"category\">D\u00fcnya<\/a>","rttpg_excerpt":"COVID-19 infeksiyas\u0131n\u0131 ke\u00e7ir\u0259n u\u015faqlar\u0131n yar\u0131s\u0131nda az\u0131 d\u00f6rd ay he\u00e7 olmasa bir simptom m\u00fc\u015fahid\u0259 olunur. \u201c\u0130zvestiya\u201d x\u0259b\u0259r verir ki, aliml\u0259r apard\u0131qlar\u0131 t\u0259dqiqatlardan sonra bunu m\u00fc\u0259yy\u0259n edibl\u0259r. Koronavirusun \u0259n \u00e7ox g\u00f6r\u00fcl\u0259n f\u0259sadlar\u0131 aras\u0131nda yuxusuzluq, n\u0259f\u0259s darl\u0131\u011f\u0131, yor\u011funluq, \u0259z\u0259l\u0259l\u0259rd\u0259 v\u0259 oynaqlarda a\u011fr\u0131,\u00a0diqq\u0259t poz\u011funlu\u011fu g\u00f6st\u0259rilib. Bildirilir ki, Beyn\u0259lxalq Sa\u011flaml\u0131q T\u0259dqiqatlar\u0131 \u0130nstitutunun aliml\u0259ri u\u015faqlarda COVID-19 simptomlar\u0131n\u0131n varl\u0131\u011f\u0131n\u0131 v\u0259 m\u00fcdd\u0259tini ara\u015fd\u0131r\u0131b.&hellip;","_links":{"self":[{"href":"https:\/\/arantv.az\/index.php?rest_route=\/wp\/v2\/posts\/301448"}],"collection":[{"href":"https:\/\/arantv.az\/index.php?rest_route=\/wp\/v2\/posts"}],"about":[{"href":"https:\/\/arantv.az\/index.php?rest_route=\/wp\/v2\/types\/post"}],"author":[{"embeddable":true,"href":"https:\/\/arantv.az\/index.php?rest_route=\/wp\/v2\/users\/2"}],"replies":[{"embeddable":true,"href":"https:\/\/arantv.az\/index.php?rest_route=%2Fwp%2Fv2%2Fcomments&post=301448"}],"version-history":[{"count":0,"href":"https:\/\/arantv.az\/index.php?rest_route=\/wp\/v2\/posts\/301448\/revisions"}],"wp:featuredmedia":[{"embeddable":true,"href":"https:\/\/arantv.az\/index.php?rest_route=\/wp\/v2\/media\/301449"}],"wp:attachment":[{"href":"https:\/\/arantv.az\/index.php?rest_route=%2Fwp%2Fv2%2Fmedia&parent=301448"}],"wp:term":[{"taxonomy":"category","embeddable":true,"href":"https:\/\/arantv.az\/index.php?rest_route=%2Fwp%2Fv2%2Fcategories&post=301448"},{"taxonomy":"post_tag","embeddable":true,"href":"https:\/\/arantv.az\/index.php?rest_route=%2Fwp%2Fv2%2Ftags&post=301448"}],"curies":[{"name":"wp","href":"https:\/\/api.w.org\/{rel}","templated":true}]}}