{"id":301464,"date":"2021-02-25T15:19:47","date_gmt":"2021-02-25T12:19:47","guid":{"rendered":"http:\/\/arantv.az\/?p=301464"},"modified":"2021-02-25T15:19:47","modified_gmt":"2021-02-25T12:19:47","slug":"v%c9%99t%c9%99n-muharib%c9%99si-istirakcisina-v%c9%99zif%c9%99-verildi","status":"publish","type":"post","link":"https:\/\/arantv.az\/?p=301464","title":{"rendered":"V\u0259t\u0259n m\u00fcharib\u0259si i\u015ftirak\u00e7\u0131s\u0131na v\u0259zif\u0259 verildi"},"content":{"rendered":"<p><strong>Az\u0259rbaycan Respublikas\u0131n\u0131n Prezidentinin m\u00fcvafiq F\u0259rman\u0131n\u0131n icras\u0131 \u00e7\u0259r\u00e7iv\u0259sind\u0259 yeni yarad\u0131lm\u0131\u015f V\u0259t\u0259n m\u00fcharib\u0259si i\u015ftirak\u00e7\u0131lar\u0131 v\u0259 \u015f\u0259hid ail\u0259l\u0259ri il\u0259 i\u015fin t\u0259\u015fkili \u015f\u00f6b\u0259sinin m\u00fcdiri v\u0259zif\u0259sin\u0259 S\u0259bail Rayon \u0130cra Hakimiyy\u0259tind\u0259 t\u0259yinat olub.\u00a0<\/strong><\/p>\n<p><strong>ARANTV.AZ<\/strong> APA-ya\u00a0istinad\u0259n bildirir ki,\u00a0S\u0259bail Rayon \u0130cra Hakimiyy\u0259ti ba\u015f\u00e7\u0131s\u0131n\u0131n \u0259mri il\u0259 qeyd olunan \u015f\u00f6b\u0259nin m\u00fcdiri v\u0259zif\u0259sin\u0259 V\u0259t\u0259n m\u00fcharib\u0259sinin i\u015ftirak\u00e7\u0131s\u0131, F\u00fczuli, C\u0259bray\u0131l v\u0259 Xocav\u0259nd rayonlar\u0131 istiqam\u0259tind\u0259 ged\u0259n d\u00f6y\u00fc\u015fl\u0259rd\u0259 i\u015ftirak etmi\u015f Orxan X\u0259qani o\u011flu Ayd\u0131nov t\u0259yin edilib.<\/p>\n<p>Qeyd edirik ki, Orxan Ayd\u0131nov 2016-c\u0131 ild\u0259n S\u0259bail R\u0130H BA-n\u0131n \u0130ctimai-siyasi v\u0259 humanitar m\u0259s\u0259l\u0259l\u0259r \u015f\u00f6b\u0259sinin ba\u015f m\u0259sl\u0259h\u0259t\u00e7isi v\u0259zif\u0259sind\u0259 i\u015fl\u0259yib.<\/p>\n","protected":false},"excerpt":{"rendered":"<p>Az\u0259rbaycan Respublikas\u0131n\u0131n Prezidentinin m\u00fcvafiq F\u0259rman\u0131n\u0131n icras\u0131 \u00e7\u0259r\u00e7iv\u0259sind\u0259 yeni yarad\u0131lm\u0131\u015f V\u0259t\u0259n m\u00fcharib\u0259si i\u015ftirak\u00e7\u0131lar\u0131 v\u0259 \u015f\u0259hid ail\u0259l\u0259ri il\u0259 i\u015fin t\u0259\u015fkili \u015f\u00f6b\u0259sinin m\u00fcdiri v\u0259zif\u0259sin\u0259 S\u0259bail Rayon \u0130cra Hakimiyy\u0259tind\u0259 t\u0259yinat olub.\u00a0 ARANTV.AZ APA-ya\u00a0istinad\u0259n bildirir ki,\u00a0S\u0259bail Rayon \u0130cra Hakimiyy\u0259ti ba\u015f\u00e7\u0131s\u0131n\u0131n \u0259mri il\u0259 qeyd olunan \u015f\u00f6b\u0259nin m\u00fcdiri v\u0259zif\u0259sin\u0259 V\u0259t\u0259n m\u00fcharib\u0259sinin i\u015ftirak\u00e7\u0131s\u0131, F\u00fczuli, C\u0259bray\u0131l v\u0259 Xocav\u0259nd rayonlar\u0131 istiqam\u0259tind\u0259 ged\u0259n d\u00f6y\u00fc\u015fl\u0259rd\u0259 i\u015ftirak etmi\u015f Orxan X\u0259qani o\u011flu Ayd\u0131nov t\u0259yin edilib. Qeyd edirik ki, Orxan Ayd\u0131nov 2016-c\u0131 ild\u0259n S\u0259bail R\u0130H BA-n\u0131n \u0130ctimai-siyasi v\u0259 humanitar m\u0259s\u0259l\u0259l\u0259r \u015f\u00f6b\u0259sinin ba\u015f m\u0259sl\u0259h\u0259t\u00e7isi v\u0259zif\u0259sind\u0259 i\u015fl\u0259yib.<\/p>\n","protected":false},"author":2,"featured_media":301465,"comment_status":"closed","ping_status":"closed","sticky":false,"template":"","format":"standard","meta":{"om_disable_all_campaigns":false,"_monsterinsights_skip_tracking":false,"_monsterinsights_sitenote_active":false,"_monsterinsights_sitenote_note":"","_monsterinsights_sitenote_category":0},"categories":[26],"tags":[],"aioseo_notices":[],"gutentor_comment":0,"rttpg_featured_image_url":{"full":["https:\/\/arantv.az\/wp-content\/uploads\/2021\/02\/925708.jpg",800,600,false],"landscape":["https:\/\/arantv.az\/wp-content\/uploads\/2021\/02\/925708.jpg",800,600,false],"portraits":["https:\/\/arantv.az\/wp-content\/uploads\/2021\/02\/925708.jpg",800,600,false],"thumbnail":["https:\/\/arantv.az\/wp-content\/uploads\/2021\/02\/925708-150x150.jpg",150,150,true],"medium":["https:\/\/arantv.az\/wp-content\/uploads\/2021\/02\/925708-300x225.jpg",300,225,true],"large":["https:\/\/arantv.az\/wp-content\/uploads\/2021\/02\/925708.jpg",640,480,false],"1536x1536":["https:\/\/arantv.az\/wp-content\/uploads\/2021\/02\/925708.jpg",800,600,false],"2048x2048":["https:\/\/arantv.az\/wp-content\/uploads\/2021\/02\/925708.jpg",800,600,false],"post-thumbnail":["https:\/\/arantv.az\/wp-content\/uploads\/2021\/02\/925708-240x172.jpg",240,172,true],"advps-thumb-one":["https:\/\/arantv.az\/wp-content\/uploads\/2021\/02\/925708.jpg",800,600,false]},"rttpg_author":{"display_name":"V\u00fcsal Rafiqo\u011flu","author_link":"https:\/\/arantv.az\/?author=2"},"rttpg_comment":0,"rttpg_category":"<a href=\"https:\/\/arantv.az\/?cat=26\" rel=\"category\">Sosial<\/a>","rttpg_excerpt":"Az\u0259rbaycan Respublikas\u0131n\u0131n Prezidentinin m\u00fcvafiq F\u0259rman\u0131n\u0131n icras\u0131 \u00e7\u0259r\u00e7iv\u0259sind\u0259 yeni yarad\u0131lm\u0131\u015f V\u0259t\u0259n m\u00fcharib\u0259si i\u015ftirak\u00e7\u0131lar\u0131 v\u0259 \u015f\u0259hid ail\u0259l\u0259ri il\u0259 i\u015fin t\u0259\u015fkili \u015f\u00f6b\u0259sinin m\u00fcdiri v\u0259zif\u0259sin\u0259 S\u0259bail Rayon \u0130cra Hakimiyy\u0259tind\u0259 t\u0259yinat olub.\u00a0 ARANTV.AZ APA-ya\u00a0istinad\u0259n bildirir ki,\u00a0S\u0259bail Rayon \u0130cra Hakimiyy\u0259ti ba\u015f\u00e7\u0131s\u0131n\u0131n \u0259mri il\u0259 qeyd olunan \u015f\u00f6b\u0259nin m\u00fcdiri v\u0259zif\u0259sin\u0259 V\u0259t\u0259n m\u00fcharib\u0259sinin i\u015ftirak\u00e7\u0131s\u0131, F\u00fczuli, C\u0259bray\u0131l v\u0259 Xocav\u0259nd rayonlar\u0131 istiqam\u0259tind\u0259 ged\u0259n d\u00f6y\u00fc\u015fl\u0259rd\u0259 i\u015ftirak etmi\u015f&hellip;","_links":{"self":[{"href":"https:\/\/arantv.az\/index.php?rest_route=\/wp\/v2\/posts\/301464"}],"collection":[{"href":"https:\/\/arantv.az\/index.php?rest_route=\/wp\/v2\/posts"}],"about":[{"href":"https:\/\/arantv.az\/index.php?rest_route=\/wp\/v2\/types\/post"}],"author":[{"embeddable":true,"href":"https:\/\/arantv.az\/index.php?rest_route=\/wp\/v2\/users\/2"}],"replies":[{"embeddable":true,"href":"https:\/\/arantv.az\/index.php?rest_route=%2Fwp%2Fv2%2Fcomments&post=301464"}],"version-history":[{"count":0,"href":"https:\/\/arantv.az\/index.php?rest_route=\/wp\/v2\/posts\/301464\/revisions"}],"wp:featuredmedia":[{"embeddable":true,"href":"https:\/\/arantv.az\/index.php?rest_route=\/wp\/v2\/media\/301465"}],"wp:attachment":[{"href":"https:\/\/arantv.az\/index.php?rest_route=%2Fwp%2Fv2%2Fmedia&parent=301464"}],"wp:term":[{"taxonomy":"category","embeddable":true,"href":"https:\/\/arantv.az\/index.php?rest_route=%2Fwp%2Fv2%2Fcategories&post=301464"},{"taxonomy":"post_tag","embeddable":true,"href":"https:\/\/arantv.az\/index.php?rest_route=%2Fwp%2Fv2%2Ftags&post=301464"}],"curies":[{"name":"wp","href":"https:\/\/api.w.org\/{rel}","templated":true}]}}