{"id":301472,"date":"2021-02-25T15:29:12","date_gmt":"2021-02-25T12:29:12","guid":{"rendered":"http:\/\/arantv.az\/?p=301472"},"modified":"2021-02-25T15:29:12","modified_gmt":"2021-02-25T12:29:12","slug":"tam-q%c9%99tiyy%c9%99tl%c9%99-dey%c9%99-bil%c9%99rik-ki-biz-ist%c9%99diyimiz%c9%99-az-itkil%c9%99rl%c9%99-nail-olduq","status":"publish","type":"post","link":"https:\/\/arantv.az\/?p=301472","title":{"rendered":"Tam q\u0259tiyy\u0259tl\u0259 dey\u0259 bil\u0259rik ki, biz ist\u0259diyimiz\u0259 az itkil\u0259rl\u0259 nail olduq"},"content":{"rendered":"<p><em>&#8220;\u0130kinci Qaraba\u011f m\u00fcharib\u0259sind\u0259 3 min\u0259 yax\u0131n \u015f\u0259hidimiz olub. M\u0259n, o c\u00fcml\u0259d\u0259n bunlar\u0131n aras\u0131nda m\u00fclki v\u0259t\u0259nda\u015flar\u0131 da n\u0259z\u0259rd\u0259 tuturam. Allah b\u00fct\u00fcn \u015f\u0259hidl\u0259rimiz\u0259 r\u0259hm\u0259t el\u0259sin. Allah siz\u0259, onlar\u0131n yax\u0131nlar\u0131na s\u0259bir versin. \u015e\u0259hidl\u0259rimizin ruhu qar\u015f\u0131s\u0131nda ba\u015f \u0259yirik. Bildirm\u0259liy\u0259m ki, \u015f\u0259hidl\u0259rimizin qan\u0131 yerd\u0259 qalmay\u0131b. Biz Birinci Qaraba\u011f m\u00fcharib\u0259sinin \u015f\u0259hidl\u0259rinin, \u0130kinci Qaraba\u011f m\u00fcharib\u0259sinin \u015f\u0259hidl\u0259rinin qan\u0131n\u0131 ald\u0131q. D\u00fc\u015fm\u0259nd\u0259n intiqam\u0131m\u0131z\u0131 ald\u0131q, \u0259razi b\u00fct\u00f6vl\u00fcy\u00fcm\u00fcz\u00fc b\u0259rpa etdik v\u0259 \u015f\u0259hidl\u0259rimizin \u0259ziz xatir\u0259sini q\u0259lbimizd\u0259 \u0259b\u0259di ya\u015fadaca\u011f\u0131q&#8221;.<\/em><\/p>\n<p><strong>ARANTV.AZ x\u0259b\u0259r verir ki, bunu Prezident \u0130lham \u018fliyev fevral\u0131n 25-d\u0259 Bak\u0131n\u0131n Ramana q\u0259s\u0259b\u0259sind\u0259ki ya\u015fay\u0131\u015f kompleksind\u0259 \u015f\u0259hid ail\u0259l\u0259ri v\u0259 m\u00fcharib\u0259 \u0259lill\u0259rin\u0259 m\u0259nzill\u0259rin t\u0259qdim olunmas\u0131 m\u0259rasimind\u0259 deyib.<\/strong><\/p>\n<p><em>&#8220;Birinci Qaraba\u011f m\u00fcharib\u0259sind\u0259 12 mind\u0259n \u00e7ox \u015f\u0259hidimiz olmu\u015fdur v\u0259 4 min\u0259 yax\u0131n h\u0259rb\u00e7imiz itkin d\u00fc\u015fm\u00fc\u015fd\u00fcr, t\u0259qrib\u0259n 16 min itkimiz olmu\u015fdur v\u0259 torpaqlar\u0131m\u0131z i\u015f\u011fal alt\u0131na d\u00fc\u015fm\u00fc\u015fd\u00fcr. \u0130kinci Qaraba\u011f m\u00fcharib\u0259sind\u0259 \u015f\u0259hidl\u0259rimizin say\u0131 m\u00fcharib\u0259nin miqyas\u0131na g\u00f6r\u0259 h\u0259ddind\u0259n art\u0131q azd\u0131r. \u018flb\u0259tt\u0259, h\u0259r bir \u015f\u0259hidimizin xatir\u0259si bizim \u00fc\u00e7\u00fcn \u0259zizdir. H\u0259r bir insan\u0131n h\u0259yat\u0131 qiym\u0259tsizdir. Ancaq n\u0259z\u0259r\u0259 alsaq ki, geni\u015fmiqyasl\u0131 m\u00fcharib\u0259 apar\u0131l\u0131b v\u0259 ilk g\u00fcnl\u0259rd\u0259n \u0259ks-h\u00fccum \u0259m\u0259liyyat\u0131, \u0259slind\u0259, h\u00fccum \u0259m\u0259liyyat\u0131na \u00e7evrilmi\u015fdir. Erm\u0259nil\u0259rin otuz il \u0259rzind\u0259 qurduqlar\u0131 istehkamlar\u0131, 5-6 x\u0259tt m\u00fcdafi\u0259 istehkamlar\u0131n\u0131 v\u0259 o b\u00f6lg\u0259nin relyefini n\u0259z\u0259r\u0259 alsaq, tam q\u0259tiyy\u0259tl\u0259 dey\u0259 bil\u0259rik ki, biz ist\u0259diyimiz\u0259 az itkil\u0259rl\u0259 nail olduq. H\u0259tta d\u00fcnyan\u0131n apar\u0131c\u0131 \u00f6lk\u0259l\u0259rinin h\u0259rbi ekspertl\u0259ri t\u0259\u0259cc\u00fcb edirl\u0259r ki, biz torpaqlar\u0131m\u0131z\u0131 i\u015f\u011fal\u00e7\u0131lardan bel\u0259 az itkil\u0259rl\u0259 azad etdik. N\u0259y\u0259 g\u00f6r\u0259? \u00c7\u00fcnki b\u00fct\u00fcn \u0259m\u0259liyyatlar planla\u015fd\u0131r\u0131landa \u0259n vacib amill\u0259rd\u0259n biri itkil\u0259rin az olmas\u0131 idi. H\u0259r g\u00fcn \u0259m\u0259liyyat plan\u0131n\u0131 t\u0259sdiq ed\u0259rk\u0259n o amil \u00f6n planda idi.<\/em><\/p>\n<p><em>M\u00fcharib\u0259 itkisiz olmur. Bizim m\u00fcharib\u0259miz azadl\u0131q m\u00fcharib\u0259si idi, \u0259dal\u0259tli m\u00fcharib\u0259 idi. Erm\u0259nistan i\u015f\u011fal\u00e7\u0131l\u0131q m\u00fcharib\u0259si apar\u0131rd\u0131. Haqq-\u0259dal\u0259t bizim t\u0259r\u0259fimizd\u0259dir. Ona g\u00f6r\u0259 bizim h\u0259rb\u00e7il\u0259rimiz \u015f\u0259hidlik zirv\u0259sin\u0259 ucalaraq V\u0259t\u0259n qar\u015f\u0131s\u0131nda \u00f6z v\u0259t\u0259nda\u015fl\u0131q borcunu \u015f\u0259r\u0259fl\u0259 yerin\u0259 yetirmi\u015fl\u0259r. Minl\u0259rl\u0259 h\u0259rb\u00e7imiz y\u00fcks\u0259k d\u00f6vl\u0259t orden v\u0259 medallar\u0131 il\u0259 t\u0259ltif edilmi\u015fdir. Onlar\u0131n q\u0259hr\u0259manl\u0131\u011f\u0131, \u015f\u00fcca\u0259ti, f\u0259dakarl\u0131\u011f\u0131 h\u0259r bir az\u0259rbaycanl\u0131 \u00fc\u00e7\u00fcn \u00f6rn\u0259k olmal\u0131d\u0131r, g\u0259nc n\u0259sil \u00fc\u00e7\u00fcn \u00f6rn\u0259k olmal\u0131d\u0131r v\u0259 olacaq&#8221;,<\/em>\u00a0&#8211; d\u00f6vl\u0259t ba\u015f\u00e7\u0131s\u0131 bildirib.<\/p>\n","protected":false},"excerpt":{"rendered":"<p>&#8220;\u0130kinci Qaraba\u011f m\u00fcharib\u0259sind\u0259 3 min\u0259 yax\u0131n \u015f\u0259hidimiz olub. M\u0259n, o c\u00fcml\u0259d\u0259n bunlar\u0131n aras\u0131nda m\u00fclki v\u0259t\u0259nda\u015flar\u0131 da n\u0259z\u0259rd\u0259 tuturam. Allah b\u00fct\u00fcn \u015f\u0259hidl\u0259rimiz\u0259 r\u0259hm\u0259t el\u0259sin. Allah siz\u0259, onlar\u0131n yax\u0131nlar\u0131na s\u0259bir versin. \u015e\u0259hidl\u0259rimizin ruhu qar\u015f\u0131s\u0131nda ba\u015f \u0259yirik. Bildirm\u0259liy\u0259m ki, \u015f\u0259hidl\u0259rimizin qan\u0131 yerd\u0259 qalmay\u0131b. Biz Birinci Qaraba\u011f m\u00fcharib\u0259sinin \u015f\u0259hidl\u0259rinin, \u0130kinci Qaraba\u011f m\u00fcharib\u0259sinin \u015f\u0259hidl\u0259rinin qan\u0131n\u0131 ald\u0131q. D\u00fc\u015fm\u0259nd\u0259n intiqam\u0131m\u0131z\u0131 ald\u0131q, \u0259razi b\u00fct\u00f6vl\u00fcy\u00fcm\u00fcz\u00fc b\u0259rpa etdik v\u0259 \u015f\u0259hidl\u0259rimizin \u0259ziz xatir\u0259sini q\u0259lbimizd\u0259 \u0259b\u0259di ya\u015fadaca\u011f\u0131q&#8221;. ARANTV.AZ x\u0259b\u0259r verir ki, bunu Prezident \u0130lham \u018fliyev fevral\u0131n 25-d\u0259 Bak\u0131n\u0131n Ramana q\u0259s\u0259b\u0259sind\u0259ki ya\u015fay\u0131\u015f kompleksind\u0259 \u015f\u0259hid ail\u0259l\u0259ri v\u0259 m\u00fcharib\u0259 \u0259lill\u0259rin\u0259 m\u0259nzill\u0259rin t\u0259qdim olunmas\u0131 m\u0259rasimind\u0259 deyib.&hellip;<\/p>\n","protected":false},"author":2,"featured_media":301473,"comment_status":"closed","ping_status":"closed","sticky":false,"template":"","format":"standard","meta":{"om_disable_all_campaigns":false,"_monsterinsights_skip_tracking":false,"_monsterinsights_sitenote_active":false,"_monsterinsights_sitenote_note":"","_monsterinsights_sitenote_category":0},"categories":[4],"tags":[],"aioseo_notices":[],"gutentor_comment":0,"rttpg_featured_image_url":{"full":["https:\/\/arantv.az\/wp-content\/uploads\/2021\/02\/43d762ca16142557321302757221102146.jpg",975,540,false],"landscape":["https:\/\/arantv.az\/wp-content\/uploads\/2021\/02\/43d762ca16142557321302757221102146.jpg",975,540,false],"portraits":["https:\/\/arantv.az\/wp-content\/uploads\/2021\/02\/43d762ca16142557321302757221102146.jpg",975,540,false],"thumbnail":["https:\/\/arantv.az\/wp-content\/uploads\/2021\/02\/43d762ca16142557321302757221102146-150x150.jpg",150,150,true],"medium":["https:\/\/arantv.az\/wp-content\/uploads\/2021\/02\/43d762ca16142557321302757221102146-300x166.jpg",300,166,true],"large":["https:\/\/arantv.az\/wp-content\/uploads\/2021\/02\/43d762ca16142557321302757221102146.jpg",640,354,false],"1536x1536":["https:\/\/arantv.az\/wp-content\/uploads\/2021\/02\/43d762ca16142557321302757221102146.jpg",975,540,false],"2048x2048":["https:\/\/arantv.az\/wp-content\/uploads\/2021\/02\/43d762ca16142557321302757221102146.jpg",975,540,false],"post-thumbnail":["https:\/\/arantv.az\/wp-content\/uploads\/2021\/02\/43d762ca16142557321302757221102146-240x172.jpg",240,172,true],"advps-thumb-one":["https:\/\/arantv.az\/wp-content\/uploads\/2021\/02\/43d762ca16142557321302757221102146.jpg",975,540,false]},"rttpg_author":{"display_name":"V\u00fcsal Rafiqo\u011flu","author_link":"https:\/\/arantv.az\/?author=2"},"rttpg_comment":0,"rttpg_category":"<a href=\"https:\/\/arantv.az\/?cat=4\" rel=\"category\">Siyas\u0259t<\/a>","rttpg_excerpt":"&#8220;\u0130kinci Qaraba\u011f m\u00fcharib\u0259sind\u0259 3 min\u0259 yax\u0131n \u015f\u0259hidimiz olub. M\u0259n, o c\u00fcml\u0259d\u0259n bunlar\u0131n aras\u0131nda m\u00fclki v\u0259t\u0259nda\u015flar\u0131 da n\u0259z\u0259rd\u0259 tuturam. Allah b\u00fct\u00fcn \u015f\u0259hidl\u0259rimiz\u0259 r\u0259hm\u0259t el\u0259sin. Allah siz\u0259, onlar\u0131n yax\u0131nlar\u0131na s\u0259bir versin. \u015e\u0259hidl\u0259rimizin ruhu qar\u015f\u0131s\u0131nda ba\u015f \u0259yirik. Bildirm\u0259liy\u0259m ki, \u015f\u0259hidl\u0259rimizin qan\u0131 yerd\u0259 qalmay\u0131b. Biz Birinci Qaraba\u011f m\u00fcharib\u0259sinin \u015f\u0259hidl\u0259rinin, \u0130kinci Qaraba\u011f m\u00fcharib\u0259sinin \u015f\u0259hidl\u0259rinin qan\u0131n\u0131 ald\u0131q. D\u00fc\u015fm\u0259nd\u0259n intiqam\u0131m\u0131z\u0131 ald\u0131q, \u0259razi&hellip;","_links":{"self":[{"href":"https:\/\/arantv.az\/index.php?rest_route=\/wp\/v2\/posts\/301472"}],"collection":[{"href":"https:\/\/arantv.az\/index.php?rest_route=\/wp\/v2\/posts"}],"about":[{"href":"https:\/\/arantv.az\/index.php?rest_route=\/wp\/v2\/types\/post"}],"author":[{"embeddable":true,"href":"https:\/\/arantv.az\/index.php?rest_route=\/wp\/v2\/users\/2"}],"replies":[{"embeddable":true,"href":"https:\/\/arantv.az\/index.php?rest_route=%2Fwp%2Fv2%2Fcomments&post=301472"}],"version-history":[{"count":0,"href":"https:\/\/arantv.az\/index.php?rest_route=\/wp\/v2\/posts\/301472\/revisions"}],"wp:featuredmedia":[{"embeddable":true,"href":"https:\/\/arantv.az\/index.php?rest_route=\/wp\/v2\/media\/301473"}],"wp:attachment":[{"href":"https:\/\/arantv.az\/index.php?rest_route=%2Fwp%2Fv2%2Fmedia&parent=301472"}],"wp:term":[{"taxonomy":"category","embeddable":true,"href":"https:\/\/arantv.az\/index.php?rest_route=%2Fwp%2Fv2%2Fcategories&post=301472"},{"taxonomy":"post_tag","embeddable":true,"href":"https:\/\/arantv.az\/index.php?rest_route=%2Fwp%2Fv2%2Ftags&post=301472"}],"curies":[{"name":"wp","href":"https:\/\/api.w.org\/{rel}","templated":true}]}}