{"id":301476,"date":"2021-02-25T15:30:52","date_gmt":"2021-02-25T12:30:52","guid":{"rendered":"http:\/\/arantv.az\/?p=301476"},"modified":"2021-02-25T15:30:52","modified_gmt":"2021-02-25T12:30:52","slug":"vuqar-r%c9%99himzad%c9%99-xocali-soyqirimi-qurbanlarinin-ruhu-dunyani-haqqin-s%c9%99sin%c9%99-s%c9%99s-verm%c9%99y%c9%99-cagirir","status":"publish","type":"post","link":"https:\/\/arantv.az\/?p=301476","title":{"rendered":"V\u00fcqar R\u0259himzad\u0259: Xocal\u0131 soyq\u0131r\u0131m\u0131 qurbanlar\u0131n\u0131n ruhu d\u00fcnyan\u0131 haqq\u0131n s\u0259sin\u0259 s\u0259s verm\u0259y\u0259 \u00e7a\u011f\u0131r\u0131r"},"content":{"rendered":"<p>\u201cXX \u0259srin \u0259n d\u0259h\u015f\u0259tli soyq\u0131r\u0131m\u0131 olan Xocal\u0131 faci\u0259sind\u0259n 29 il \u00f6t\u00fcr. \u0130ll\u0259r ke\u00e7dikc\u0259 faci\u0259nin ba\u015fverm\u0259 s\u0259b\u0259bl\u0259ri, \u0259sl mahiyy\u0259ti daha ayd\u0131n \u015f\u0259kild\u0259 \u00fcz\u0259 \u00e7\u0131x\u0131r, d\u00fcnya ictimaiyy\u0259tin\u0259 bu d\u0259h\u015f\u0259tli q\u0259tliam\u0131n d\u00fczg\u00fcn d\u0259y\u0259rl\u0259ndirilm\u0259sin\u0259 bir \u00e7a\u011f\u0131r\u0131\u015f edilir. Uca s\u0259sl\u0259 b\u00fct\u00fcn sivil d\u00fcnyaya b\u0259yan edilir ki, erm\u0259ni \u015fovinist dair\u0259l\u0259rinin tarixin ayr\u0131-ayr\u0131 d\u00f6vrl\u0259rind\u0259 az\u0259rbaycanl\u0131lara qar\u015f\u0131 \u00f6z d\u0259d\u0259-baba torpaqlar\u0131m\u0131zda h\u0259yata ke\u00e7irdikl\u0259ri etnik t\u0259mizl\u0259m\u0259 siyas\u0259tinin t\u0259rkib hiss\u0259si olan Xocal\u0131 soyq\u0131r\u0131m\u0131 il\u0259 ba\u011fl\u0131 h\u0259qiq\u0259tl\u0259r susqunluqla qar\u015f\u0131lanmamal\u0131, insanl\u0131q \u0259leyhin\u0259 y\u00f6n\u0259ldilmi\u015f bu a\u011f\u0131r h\u0259rbi cinay\u0259t beyn\u0259lxalq s\u0259viyy\u0259d\u0259 \u00f6z h\u00fcquqi-siyasi qiym\u0259tini almal\u0131d\u0131r. Erm\u0259ni q\u0259sbkarlar\u0131n\u0131n Az\u0259rbaycan\u0131n d\u00f6vl\u0259t m\u00fcst\u0259qilliyini, \u0259razi b\u00fct\u00f6vl\u00fcy\u00fcn\u00fc h\u0259d\u0259f\u0259 alm\u0131\u015f m\u0259qs\u0259dy\u00f6nl\u00fc irtica\u00e7\u0131 siyas\u0259tinin n\u00f6vb\u0259ti qanl\u0131 s\u0259hif\u0259si olan bu q\u0259tliam b\u0259\u015f\u0259r tarixind\u0259 g\u00f6r\u00fcnm\u0259mi\u015f d\u0259h\u015f\u0259tl\u0259ri il\u0259 yadda qalan Xat\u0131n, Sonqmi, Ruanda kimi soyq\u0131r\u0131mlarla eyni s\u0131rada dayan\u0131r. Bir gec\u0259d\u0259 erm\u0259nil\u0259rin v\u0259 ke\u00e7mi\u015f SSR\u0130 ordusunun 366-c\u0131 motoat\u0131c\u0131 diviziyas\u0131n\u0131n ba\u015f\u0131pozuq h\u0259rb\u00e7il\u0259rinin i\u015ftirak\u0131 il\u0259 da\u011f\u0131d\u0131lan, yand\u0131r\u0131lan, silahs\u0131z, g\u00fcnahs\u0131z \u0259halisi ucdantutma q\u0259tl\u0259 yetiril\u0259n Xocal\u0131 faci\u0259si \u0259sl soyq\u0131r\u0131m\u0131 akt\u0131d\u0131r. Hadis\u0259l\u0259rin mahiyy\u0259tind\u0259 \u00f6t\u0259n \u0259srin 80-90-c\u0131 ill\u0259rind\u0259 ke\u00e7mi\u015f ittifaqa r\u0259hb\u0259rlik ed\u0259n erm\u0259nip\u0259r\u0259st Mixail Qorba\u00e7ovun Sovet \u0130ttifaq\u0131nda yenid\u0259nqurma v\u0259 a\u015fkarl\u0131q ad\u0131 alt\u0131nda h\u0259yata ke\u00e7irdiyi siyas\u0259tin da\u015fnaklar\u0131n n\u00f6vb\u0259ti deportasiya v\u0259 soyq\u0131r\u0131mlar\u0131n\u0131 ger\u00e7\u0259kl\u0259\u015fdirm\u0259sin\u0259 yaratd\u0131\u011f\u0131 imkanlar dayan\u0131r. SSR\u0130-ni da\u011f\u0131tmaq \u00fc\u00e7\u00fcn z\u0259if halqa kimi se\u00e7il\u0259n mill\u0259tl\u0259raras\u0131 qar\u015f\u0131durma yaratmaq plan\u0131 erm\u0259nil\u0259rin ist\u0259yi v\u0259 b\u0259dnam Qorba\u00e7ov kimil\u0259rinin havadarl\u0131\u011f\u0131 il\u0259 Az\u0259rbaycan\u0131n tarixi \u0259razisi olan Da\u011fl\u0131q Qaraba\u011fda ger\u00e7\u0259kl\u0259\u015fdirildi. Faci\u0259nin qar\u015f\u0131s\u0131n\u0131n al\u0131nmas\u0131 \u00fc\u00e7\u00fcn h\u0259min d\u00f6vrd\u0259 \u00f6lk\u0259miz\u0259 ba\u015f\u00e7\u0131l\u0131q ed\u0259n \u015f\u0259ri\u015ft\u0259siz v\u0259 antimilli \u201cr\u0259hb\u0259rl\u0259r\u201d d\u0259 z\u0259ruri t\u0259dbirl\u0259ri g\u00f6rm\u0259dil\u0259r, h\u0259tta faci\u0259 haqq\u0131nda real m\u0259lumatlar ictimaiyy\u0259td\u0259n gizl\u0259dildi.\u201d<\/p>\n<p><strong>\u00a0Bu fikirl\u0259ri Yeni Az\u0259rbaycan Partiyas\u0131 Siyasi \u015euras\u0131n\u0131n \u00fczv\u00fc, \u201c\u0130ki sahil\u201d q\u0259zetinin ba\u015f redaktoru, siyasi elml\u0259r doktoru V\u00fcqar R\u0259himzad\u0259 K\u0130V-\u0259 a\u00e7\u0131qlamas\u0131nda bildirib.<\/strong><\/p>\n<p>V.R\u0259himzad\u0259 qeyd edib ki, bir gec\u0259d\u0259 613 n\u0259f\u0259r dinc \u0259halinin, o c\u00fcml\u0259d\u0259n 63 u\u015fa\u011f\u0131n, 106 qad\u0131n\u0131n v\u0259h\u015fic\u0259sin\u0259 q\u0259tl\u0259 yetirilm\u0259si, 1257 n\u0259f\u0259r Xocal\u0131 sakininin erm\u0259nil\u0259r t\u0259r\u0259find\u0259n \u0259sir al\u0131nmas\u0131na, t\u0259hqirl\u0259r\u0259, \u0259zab-\u0259ziyy\u0259tl\u0259r\u0259 m\u0259ruz qalmas\u0131na bu g\u00fcn\u0259d\u0259k d\u00fcnyan\u0131n g\u00f6z yummas\u0131 birm\u0259nal\u0131 qar\u015f\u0131lana bilm\u0259z: \u201cD\u00fcnyan\u0131n apar\u0131c\u0131 d\u00f6vl\u0259tl\u0259ri, n\u00fcfuzlu beyn\u0259lxalq t\u0259\u015fkilatlar maraqlar\u0131ndan ir\u0259li g\u0259l\u0259n erm\u0259ni sevgisini bir k\u0259nara qoyub hadis\u0259l\u0259r\u0259 d\u00fczg\u00fcn yana\u015fsalar, tarixi faktlara m\u00fcraci\u0259t etm\u0259y\u0259, ara\u015fd\u0131rmalar aparma\u011fa maraq g\u00f6st\u0259rs\u0259l\u0259r Az\u0259rbaycan xalq\u0131n\u0131n son 200 ild\u0259 erm\u0259ni da\u015fnak-\u015fovinistl\u0259ri t\u0259r\u0259find\u0259n davaml\u0131 olaraq etnik t\u0259mizl\u0259m\u0259, soyq\u0131r\u0131m\u0131 siyas\u0259tin\u0259 m\u0259ruz qald\u0131qlar\u0131n\u0131 g\u00f6rm\u0259kl\u0259 yana\u015f\u0131, bu qanl\u0131 hadis\u0259l\u0259r\u0259 h\u00fcquqi-siyasi qiym\u0259t verm\u0259k haqq\u0131nda d\u00fc\u015f\u00fcn\u0259rl\u0259r. Amma \u00f6z\u00fcn\u00fc sivil adland\u0131ran d\u00fcnya birliyi, n\u00fcfuzlu beyn\u0259lxalq t\u0259\u015fkilatlar unudurlar ki, bir cinay\u0259tin c\u0259zas\u0131z qalmas\u0131 dig\u0259r cinay\u0259tl\u0259r\u0259 \u0259sas verir. Erm\u0259nil\u0259rin ill\u0259rdir \u201cb\u00f6y\u00fck Erm\u0259nistan\u201d sevdas\u0131ndan qaynaqlanan ssenaril\u0259rin\u0259 uy\u011fun olaraq 1988-ci ild\u0259 yenid\u0259n ba\u015f qald\u0131ran torpaq iddias\u0131 n\u0259tic\u0259sind\u0259 Erm\u0259nistan-Az\u0259rbaycan Da\u011fl\u0131q Qaraba\u011f m\u00fcnaqi\u015f\u0259si alovlanm\u0131\u015fd\u0131r. D\u00fcnyan\u0131n bir s\u0131ra d\u00f6vl\u0259tl\u0259ri 30 il\u0259 yax\u0131n m\u00fcdd\u0259td\u0259 i\u015f\u011fal\u00e7\u0131 d\u00f6vl\u0259t\u0259 d\u0259st\u0259kl\u0259ri il\u0259 ona vaxt qazanma\u011fa yard\u0131m\u00e7\u0131 oldular. Lakin onlar dan\u0131\u015f\u0131qlar\u0131n imitasiya namin\u0259 apar\u0131ld\u0131\u011f\u0131n\u0131 p\u0259rd\u0259l\u0259m\u0259y\u0259 \u00e7al\u0131\u015fsalar da h\u0259qiq\u0259ti gizl\u0259tm\u0259yin m\u00fcmk\u00fcns\u00fczl\u00fcy\u00fcn\u00fc 44 g\u00fcnl\u00fck \u0130kinci Qaraba\u011f m\u00fcharib\u0259sinin gedi\u015find\u0259 g\u00f6rd\u00fcl\u0259r. D\u00f6vl\u0259timizin ba\u015f\u00e7\u0131s\u0131, M\u00fcz\u0259ff\u0259r Ali Ba\u015f Komandan \u0130lham \u018fliyevin r\u0259hb\u0259rliyi il\u0259 r\u0259\u015fad\u0259tli Az\u0259rbaycan Ordusu yeni tarix yazaraq regionu, \u00fcmumilikd\u0259 d\u00fcnyan\u0131 erm\u0259ni fa\u015fizmind\u0259n xilas etdi. \u0130\u015f\u011fal\u00e7\u0131 Erm\u0259nistan v\u0259 ona havadarl\u0131q ed\u0259n d\u00f6vl\u0259tl\u0259r yeni reall\u0131qlarla bar\u0131\u015fmaq m\u0259cburiyy\u0259tind\u0259 qald\u0131lar. M\u0259hz bu q\u0259tiyy\u0259t, yenilm\u0259z siyasi irad\u0259 say\u0259sind\u0259 bu g\u00fcn art\u0131q dikt\u0259 ed\u0259n t\u0259r\u0259f Az\u0259rbaycand\u0131r.\u201d<\/p>\n<p>Ba\u015f redaktor bildirib ki, XX \u0259sr d\u00fcnya tarixinin \u0259n q\u0259ddar soyq\u0131r\u0131m\u0131 akt\u0131 olan Xocal\u0131 faci\u0259sin\u0259 h\u00fcquqi-siyasi qiym\u0259ti m\u00fcasir m\u00fcst\u0259qil Az\u0259rbaycan d\u00f6vl\u0259tinin qurucusu, ulu \u00f6nd\u0259r Heyd\u0259r \u018fliyev verib: \u201cHaz\u0131rda bu siyas\u0259t Prezident \u0130lham \u018fliyev t\u0259r\u0259find\u0259n u\u011furla davam etdirilir. Xocal\u0131 faci\u0259sinin ild\u00f6n\u00fcml\u0259rind\u0259 Azadl\u0131q meydan\u0131ndan Xocal\u0131 abid\u0259sin\u0259 q\u0259d\u0259r y\u00fcz minl\u0259rl\u0259 insan\u0131n i\u015ftirak\u0131 il\u0259 y\u00fcr\u00fc\u015f\u00fcn t\u0259\u015fkil olunmas\u0131 faci\u0259mizin unudulmad\u0131\u011f\u0131n\u0131, daim xalq\u0131m\u0131z\u0131n yadda\u015f\u0131nda, \u0259n \u0259sas\u0131 onun soyq\u0131r\u0131m\u0131 kimi tan\u0131d\u0131lmas\u0131n\u0131n qar\u015f\u0131m\u0131zda dayanan \u0259sas v\u0259zif\u0259 oldu\u011funu bir daha d\u00fcnya ictimaiyy\u0259tin\u0259 \u00e7atd\u0131r\u0131r. M\u00f6ht\u0259r\u0259m Prezidentimiz \u0130lham \u018fliyevin, Az\u0259rbaycan\u0131n Birinci vitse-prezidenti, Heyd\u0259r \u018fliyev Fondunun prezidenti Mehriban \u018fliyevan\u0131n birg\u0259 f\u0259aliyy\u0259tl\u0259ri n\u0259tic\u0259sind\u0259 bu istiqam\u0259td\u0259 m\u00fch\u00fcm i\u015fl\u0259r g\u00f6r\u00fcl\u00fcb v\u0259 g\u00f6r\u00fclm\u0259kd\u0259 davam edir. Heyd\u0259r \u018fliyev Fondunun vitse-prezidenti Leyla \u018fliyevan\u0131n 2008-ci ild\u0259 ba\u015flatd\u0131\u011f\u0131 \u201cXocal\u0131ya \u0259dal\u0259t!\u201d beyn\u0259lxalq kampaniyas\u0131 da bu istiqam\u0259td\u0259 g\u00f6r\u00fcl\u0259n i\u015fl\u0259r\u0259 \u00e7ox m\u00fch\u00fcm d\u0259st\u0259kdir.\u201d<\/p>\n<p>V.R\u0259himzad\u0259 qeyd edib ki, haz\u0131rda Xocal\u0131 soyq\u0131r\u0131m\u0131n\u0131n b\u00fct\u00fcn d\u00fcnyada tan\u0131nmas\u0131 Az\u0259rbaycan\u0131n xarici siyas\u0259tinin \u0259sas istiqam\u0259tl\u0259rind\u0259n biri kimi m\u00fc\u0259yy\u0259nl\u0259\u015fdirilib: \u201cXocal\u0131ya \u0259dal\u0259t!\u201d kampaniyas\u0131n\u0131n m\u0259qs\u0259di Xocal\u0131 faci\u0259sinin \u0259sl mahiyy\u0259tini, cinay\u0259tkarlar\u0131 v\u0259 onlar\u0131n havadarlar\u0131n\u0131 d\u00fcnyaya b\u0259yan etm\u0259k, ikili standart m\u00f6vqeyind\u0259 dayanm\u0131\u015f ayr\u0131-ayr\u0131 d\u00f6vl\u0259tl\u0259ri, b\u0259zi beyn\u0259lxalq t\u0259\u015fkilatlar\u0131 haqq\u0131n s\u0259sin\u0259 s\u0259s verm\u0259y\u0259 \u00e7a\u011f\u0131rmaqd\u0131r. Art\u0131q Xocal\u0131 faci\u0259sinin soyq\u0131r\u0131m\u0131 olmas\u0131 fakt\u0131 d\u00fcnyan\u0131n bir \u00e7ox \u00f6lk\u0259l\u0259rinin v\u0259 beyn\u0259lxalq t\u0259\u015fkilatlar\u0131n q\u0259rarlar\u0131nda, q\u0259tnam\u0259l\u0259rind\u0259 \u0259ksini tap\u0131r. Q\u0259bul olunmu\u015f beyn\u0259lxalq konvensiyalar, \u00fcmumb\u0259\u015f\u0259ri qanunlar Xocal\u0131 faci\u0259si kimi soyq\u0131r\u0131mlar\u0131n\u0131 pisl\u0259yir, yolverilm\u0259z oldu\u011funu bildirirl\u0259r. T\u0259\u0259ss\u00fcf ki, b\u00fct\u00fcn bunlar ka\u011f\u0131z \u00fcz\u0259rind\u0259 \u0259ksini tapan reall\u0131qlard\u0131r. \u018fsas olan b\u0259yanatlardan \u0259m\u0259li f\u0259aliyy\u0259t\u0259 ke\u00e7ilm\u0259si, Xocal\u0131 faci\u0259sini t\u00f6r\u0259d\u0259nl\u0259rin beyn\u0259lxalq m\u0259hk\u0259m\u0259 qar\u015f\u0131s\u0131nda cavab verm\u0259sidir. Az\u0259rbaycan nec\u0259 ki 44 g\u00fcnl\u00fck \u0130kinci Qaraba\u011f m\u00fcharib\u0259sind\u0259 d\u00f6vl\u0259timizin ba\u015f\u00e7\u0131s\u0131, M\u00fcz\u0259ff\u0259r Ali Ba\u015f Komandan \u0130lham \u018fliyevin q\u0259tiyy\u0259ti say\u0259sind\u0259 t\u0259kba\u015f\u0131na 30 il\u0259 yax\u0131n d\u00f6vrd\u0259 ka\u011f\u0131z \u00fcz\u0259rind\u0259 qalm\u0131\u015f q\u0259rar v\u0259 q\u0259tnam\u0259l\u0259ri icra ed\u0259r\u0259k d\u00fcnyaya siyasi irad\u0259sini, yenilm\u0259zliyini \u00e7atd\u0131rd\u0131, el\u0259c\u0259 d\u0259 Xocal\u0131 soyq\u0131r\u0131m\u0131n\u0131 t\u00f6r\u0259d\u0259nl\u0259rin beyn\u0259lxalq m\u0259hk\u0259m\u0259 qar\u015f\u0131s\u0131nda cavab ver\u0259c\u0259kl\u0259rin\u0259 v\u0259 layiqli c\u0259zalar\u0131n\u0131 alacaqlar\u0131na nail olacaq. O g\u00fcn m\u00fctl\u0259q g\u0259l\u0259c\u0259k!\u201d<\/p>\n","protected":false},"excerpt":{"rendered":"<p>\u201cXX \u0259srin \u0259n d\u0259h\u015f\u0259tli soyq\u0131r\u0131m\u0131 olan Xocal\u0131 faci\u0259sind\u0259n 29 il \u00f6t\u00fcr. \u0130ll\u0259r ke\u00e7dikc\u0259 faci\u0259nin ba\u015fverm\u0259 s\u0259b\u0259bl\u0259ri, \u0259sl mahiyy\u0259ti daha ayd\u0131n \u015f\u0259kild\u0259 \u00fcz\u0259 \u00e7\u0131x\u0131r, d\u00fcnya ictimaiyy\u0259tin\u0259 bu d\u0259h\u015f\u0259tli q\u0259tliam\u0131n d\u00fczg\u00fcn d\u0259y\u0259rl\u0259ndirilm\u0259sin\u0259 bir \u00e7a\u011f\u0131r\u0131\u015f edilir. Uca s\u0259sl\u0259 b\u00fct\u00fcn sivil d\u00fcnyaya b\u0259yan edilir ki, erm\u0259ni \u015fovinist dair\u0259l\u0259rinin tarixin ayr\u0131-ayr\u0131 d\u00f6vrl\u0259rind\u0259 az\u0259rbaycanl\u0131lara qar\u015f\u0131 \u00f6z d\u0259d\u0259-baba torpaqlar\u0131m\u0131zda h\u0259yata ke\u00e7irdikl\u0259ri etnik t\u0259mizl\u0259m\u0259 siyas\u0259tinin t\u0259rkib hiss\u0259si olan Xocal\u0131 soyq\u0131r\u0131m\u0131 il\u0259 ba\u011fl\u0131 h\u0259qiq\u0259tl\u0259r susqunluqla qar\u015f\u0131lanmamal\u0131, insanl\u0131q \u0259leyhin\u0259 y\u00f6n\u0259ldilmi\u015f bu a\u011f\u0131r h\u0259rbi cinay\u0259t beyn\u0259lxalq s\u0259viyy\u0259d\u0259 \u00f6z h\u00fcquqi-siyasi qiym\u0259tini almal\u0131d\u0131r. Erm\u0259ni q\u0259sbkarlar\u0131n\u0131n Az\u0259rbaycan\u0131n d\u00f6vl\u0259t m\u00fcst\u0259qilliyini, \u0259razi b\u00fct\u00f6vl\u00fcy\u00fcn\u00fc h\u0259d\u0259f\u0259 alm\u0131\u015f m\u0259qs\u0259dy\u00f6nl\u00fc&hellip;<\/p>\n","protected":false},"author":2,"featured_media":301477,"comment_status":"closed","ping_status":"closed","sticky":false,"template":"","format":"standard","meta":{"om_disable_all_campaigns":false,"_monsterinsights_skip_tracking":false,"_monsterinsights_sitenote_active":false,"_monsterinsights_sitenote_note":"","_monsterinsights_sitenote_category":0},"categories":[4],"tags":[],"aioseo_notices":[],"gutentor_comment":0,"rttpg_featured_image_url":{"full":["https:\/\/arantv.az\/wp-content\/uploads\/2021\/02\/bdb6920a159178118174866699910063716-1.jpg",975,540,false],"landscape":["https:\/\/arantv.az\/wp-content\/uploads\/2021\/02\/bdb6920a159178118174866699910063716-1.jpg",975,540,false],"portraits":["https:\/\/arantv.az\/wp-content\/uploads\/2021\/02\/bdb6920a159178118174866699910063716-1.jpg",975,540,false],"thumbnail":["https:\/\/arantv.az\/wp-content\/uploads\/2021\/02\/bdb6920a159178118174866699910063716-1-150x150.jpg",150,150,true],"medium":["https:\/\/arantv.az\/wp-content\/uploads\/2021\/02\/bdb6920a159178118174866699910063716-1-300x166.jpg",300,166,true],"large":["https:\/\/arantv.az\/wp-content\/uploads\/2021\/02\/bdb6920a159178118174866699910063716-1.jpg",640,354,false],"1536x1536":["https:\/\/arantv.az\/wp-content\/uploads\/2021\/02\/bdb6920a159178118174866699910063716-1.jpg",975,540,false],"2048x2048":["https:\/\/arantv.az\/wp-content\/uploads\/2021\/02\/bdb6920a159178118174866699910063716-1.jpg",975,540,false],"post-thumbnail":["https:\/\/arantv.az\/wp-content\/uploads\/2021\/02\/bdb6920a159178118174866699910063716-1-240x172.jpg",240,172,true],"advps-thumb-one":["https:\/\/arantv.az\/wp-content\/uploads\/2021\/02\/bdb6920a159178118174866699910063716-1.jpg",975,540,false]},"rttpg_author":{"display_name":"V\u00fcsal Rafiqo\u011flu","author_link":"https:\/\/arantv.az\/?author=2"},"rttpg_comment":0,"rttpg_category":"<a href=\"https:\/\/arantv.az\/?cat=4\" rel=\"category\">Siyas\u0259t<\/a>","rttpg_excerpt":"\u201cXX \u0259srin \u0259n d\u0259h\u015f\u0259tli soyq\u0131r\u0131m\u0131 olan Xocal\u0131 faci\u0259sind\u0259n 29 il \u00f6t\u00fcr. \u0130ll\u0259r ke\u00e7dikc\u0259 faci\u0259nin ba\u015fverm\u0259 s\u0259b\u0259bl\u0259ri, \u0259sl mahiyy\u0259ti daha ayd\u0131n \u015f\u0259kild\u0259 \u00fcz\u0259 \u00e7\u0131x\u0131r, d\u00fcnya ictimaiyy\u0259tin\u0259 bu d\u0259h\u015f\u0259tli q\u0259tliam\u0131n d\u00fczg\u00fcn d\u0259y\u0259rl\u0259ndirilm\u0259sin\u0259 bir \u00e7a\u011f\u0131r\u0131\u015f edilir. Uca s\u0259sl\u0259 b\u00fct\u00fcn sivil d\u00fcnyaya b\u0259yan edilir ki, erm\u0259ni \u015fovinist dair\u0259l\u0259rinin tarixin ayr\u0131-ayr\u0131 d\u00f6vrl\u0259rind\u0259 az\u0259rbaycanl\u0131lara qar\u015f\u0131 \u00f6z d\u0259d\u0259-baba torpaqlar\u0131m\u0131zda h\u0259yata ke\u00e7irdikl\u0259ri etnik&hellip;","_links":{"self":[{"href":"https:\/\/arantv.az\/index.php?rest_route=\/wp\/v2\/posts\/301476"}],"collection":[{"href":"https:\/\/arantv.az\/index.php?rest_route=\/wp\/v2\/posts"}],"about":[{"href":"https:\/\/arantv.az\/index.php?rest_route=\/wp\/v2\/types\/post"}],"author":[{"embeddable":true,"href":"https:\/\/arantv.az\/index.php?rest_route=\/wp\/v2\/users\/2"}],"replies":[{"embeddable":true,"href":"https:\/\/arantv.az\/index.php?rest_route=%2Fwp%2Fv2%2Fcomments&post=301476"}],"version-history":[{"count":0,"href":"https:\/\/arantv.az\/index.php?rest_route=\/wp\/v2\/posts\/301476\/revisions"}],"wp:featuredmedia":[{"embeddable":true,"href":"https:\/\/arantv.az\/index.php?rest_route=\/wp\/v2\/media\/301477"}],"wp:attachment":[{"href":"https:\/\/arantv.az\/index.php?rest_route=%2Fwp%2Fv2%2Fmedia&parent=301476"}],"wp:term":[{"taxonomy":"category","embeddable":true,"href":"https:\/\/arantv.az\/index.php?rest_route=%2Fwp%2Fv2%2Fcategories&post=301476"},{"taxonomy":"post_tag","embeddable":true,"href":"https:\/\/arantv.az\/index.php?rest_route=%2Fwp%2Fv2%2Ftags&post=301476"}],"curies":[{"name":"wp","href":"https:\/\/api.w.org\/{rel}","templated":true}]}}