{"id":301480,"date":"2021-02-25T15:31:46","date_gmt":"2021-02-25T12:31:46","guid":{"rendered":"http:\/\/arantv.az\/?p=301480"},"modified":"2021-02-25T15:31:46","modified_gmt":"2021-02-25T12:31:46","slug":"asan-xidm%c9%99tin-f%c9%99aliyy%c9%99ti-bmt-nin-qlobal-n%c9%99srind%c9%99","status":"publish","type":"post","link":"https:\/\/arantv.az\/?p=301480","title":{"rendered":"\u201cASAN xidm\u0259t\u201din f\u0259aliyy\u0259ti BMT-nin qlobal n\u0259\u015frind\u0259"},"content":{"rendered":"<div class=\"content lead font-weight-normal\">\n<p>Birl\u0259\u015fmi\u015f Mill\u0259tl\u0259r T\u0259\u015fkilat\u0131n\u0131n Avropa \u0130qtisadi Komissiyas\u0131 t\u0259r\u0259find\u0259n \u201cSubregional \u0130nnovasiya Siyas\u0259ti\u201d n\u0259\u015fri haz\u0131rlan\u0131b. S\u00f6z\u00fcged\u0259n n\u0259\u015fr \u015e\u0259rqi Avropa v\u0259 C\u0259nubi Qafqaz \u00f6lk\u0259l\u0259rinin innovasiya ekosisteml\u0259rinin t\u0259hlili v\u0259 m\u00f6vcud perspektivl\u0259r\u0259 h\u0259sr olunub.<\/p>\n<p><strong>ARANTV.AZ<\/strong>\u00a0 x\u0259b\u0259r verir ki, n\u0259\u015frd\u0259 Az\u0259rbaycan\u0131n son d\u00f6vrl\u0259r innovativ inki\u015faf v\u0259 r\u0259q\u0259msalla\u015fma sah\u0259sind\u0259 g\u00f6rd\u00fcy\u00fc i\u015fl\u0259r, innovasiya m\u0259rk\u0259zl\u0259rinin f\u0259aliyy\u0259ti, \u00e7\u0259tinlikl\u0259r v\u0259 inki\u015faf meyll\u0259ri \u00f6z \u0259ksini tap\u0131b.<\/p>\n<p>Az\u0259rbaycan Respublikas\u0131n\u0131n Prezidenti yan\u0131nda V\u0259t\u0259nda\u015flara Xidm\u0259t v\u0259 Sosial \u0130nnovasiyalar \u00fczr\u0259 D\u00f6vl\u0259t Agentliyinin tabeliyind\u0259 olan \u201cASAN xidm\u0259t\u201d m\u0259rk\u0259zl\u0259rinin \u00f6lk\u0259mizd\u0259 r\u0259q\u0259msal h\u00f6kum\u0259tin inki\u015faf\u0131na verdiyi t\u00f6fh\u0259l\u0259r qeyd edilib.<\/p>\n<p>N\u0259\u015frd\u0259 D\u00f6vl\u0259t Agentliyinin \u201cINNOLAND\u201d \u0130nkubasiya v\u0259 Akselerasiya M\u0259rk\u0259zi Az\u0259rbaycanda innovasiya sah\u0259sind\u0259 \u0259sas oyun\u00e7u kimi qiym\u0259tl\u0259ndirilib,\u00a0 M\u0259rk\u0259zin startaplar \u00fc\u00e7\u00fcn investisiya imkanlar\u0131ndan s\u00f6z a\u00e7\u0131l\u0131b. H\u0259m\u00e7inin \u201cSilikon Vadisi\u201dnd\u0259 a\u00e7\u0131lm\u0131\u015f Az\u0259rbaycan \u0130nnovasiya Evi bar\u0259d\u0259 m\u0259lumat \u0259ks olunub.<\/p>\n<p>Elektron h\u00f6kum\u0259tin inki\u015faf\u0131 v\u0259 r\u0259q\u0259msal h\u00f6kum\u0259t\u0259 ke\u00e7idi s\u00fcr\u0259tl\u0259ndirm\u0259k m\u0259qs\u0259dil\u0259 yarad\u0131lm\u0131\u015f Elektron H\u00f6kum\u0259tin \u0130nki\u015faf\u0131 M\u0259rk\u0259zinin d\u00f6vl\u0259t informasiya ehtiyatlar\u0131 v\u0259 sisteml\u0259rinin formala\u015fd\u0131r\u0131lmas\u0131, inteqrasiyas\u0131 v\u0259 effektiv idar\u0259 edilm\u0259si sah\u0259sind\u0259 \u0259laq\u0259l\u0259ndirici qurum funksiyalar\u0131n\u0131 yerin\u0259 yetirm\u0259si vur\u011fulan\u0131b . \u201cASAN Viza\u201d, \u201cASAN \u00d6d\u0259ni\u015f\u201d v\u0259 dig\u0259r r\u0259q\u0259msal h\u0259ll\u0259rin u\u011furlar\u0131 v\u0259 r\u0259q\u0259msal transformasiyan\u0131n \u0259hali aras\u0131nda t\u0259bli\u011fat\u0131n h\u0259yata ke\u00e7irilm\u0259si x\u00fcsusil\u0259 diqq\u0259t\u0259 \u00e7atd\u0131r\u0131l\u0131b.<\/p>\n<p>Xat\u0131rladaq ki, Birl\u0259\u015fmi\u015f Mill\u0259tl\u0259r T\u0259\u015fkilat\u0131n\u0131n Avropa \u0130qtisadi Komissiyas\u0131n\u0131n \u201cSubregional \u0130nnovasiya Siyas\u0259ti\u201d n\u0259\u015fri \u00f6lk\u0259l\u0259rin milli innovasiya sisteml\u0259rind\u0259ki g\u00fccl\u00fc v\u0259 z\u0259if t\u0259r\u0259fl\u0259rini m\u00fc\u0259yy\u0259nl\u0259\u015fdirm\u0259k, effektiv innovasiya siyas\u0259tl\u0259rini t\u0259\u015fviq etm\u0259k v\u0259 d\u0259st\u0259k mexanizml\u0259ri qurmaq, habel\u0259 onlar\u0131 s\u0259m\u0259r\u0259li idar\u0259 etm\u0259k \u00fc\u00e7\u00fcn h\u0259ll\u0259r t\u0259klif etm\u0259yi h\u0259d\u0259fl\u0259yir.<\/p>\n<p><a href=\"https:\/\/unece.org\/fileadmin\/DAM\/ceci\/icp\/Capacity_building\/IPO_launch\/IPO_2020_4_AZERBAIJAN.pdf\">N\u0259\u015fr\u0259 ke\u00e7id: https:\/\/unece.org\/fileadmin\/DAM\/ceci\/icp\/Capacity_building\/IPO_launch\/IPO_2020_4_AZERBAIJAN.pdf<\/a><\/p>\n<div class=\"clearfix\"><\/div>\n<\/div>\n<div class=\"sharing my-2 row no-gutters d-print-none\">\n<div class=\"col-md-3\"><a class=\"btn btn-block btn-success rounded-0\" href=\"https:\/\/wa.me\/?text=%E2%80%9CASAN%20xidm%C9%99t%E2%80%9Din%20f%C9%99aliyy%C9%99ti%20BMT-nin%20qlobal%20n%C9%99%C5%9Frind%C9%99%20%20http:\/\/ikisahil.az\/post\/200571-share\" target=\"_blank\" rel=\"noopener\"><i class=\"fab fa-whatsapp\"><\/i>\u00a0Whatsappla g\u00f6nd\u0259r<\/a><\/div>\n<div class=\"col-md-3\"><a class=\"btn btn-block btn-info rounded-0\" href=\"https:\/\/t.me\/share\/url?url=http:\/\/ikisahil.az\/post\/200571-share&amp;text=%E2%80%9CASAN%20xidm%C9%99t%E2%80%9Din%20f%C9%99aliyy%C9%99ti%20BMT-nin%20qlobal%20n%C9%99%C5%9Frind%C9%99\" target=\"_blank\" rel=\"noopener\"><i class=\"fab fa-telegram-plane\"><\/i>\u00a0Teleqramla g\u00f6nd\u0259r<\/a><\/div>\n<div class=\"col-md-3\"><a class=\"btn btn-block btn-primary rounded-0\" href=\"https:\/\/www.facebook.com\/sharer\/sharer.php?u=http:\/\/ikisahil.az\/post\/200571-share\" target=\"_blank\" rel=\"noopener\" data-url=\"http:\/\/ikisahil.az\/post\/200571-share\"><i class=\"fab fa-facebook\"><\/i>\u00a0Facebookda payla\u015f<\/a><\/div>\n<div class=\"col-md-3\"><a class=\"btn btn-block btn-info rounded-0\" href=\"https:\/\/twitter.com\/intent\/tweet?text=%E2%80%9CASAN%20xidm%C9%99t%E2%80%9Din%20f%C9%99aliyy%C9%99ti%20BMT-nin%20qlobal%20n%C9%99%C5%9Frind%C9%99%20http:\/\/ikisahil.az\/post\/200571-share\" target=\"_blank\" rel=\"noopener\"><i class=\"fab fa-twitter\"><\/i>\u00a0Twitterd\u0259 payla\u015f<\/a><\/div>\n<\/div>\n","protected":false},"excerpt":{"rendered":"<p>Birl\u0259\u015fmi\u015f Mill\u0259tl\u0259r T\u0259\u015fkilat\u0131n\u0131n Avropa \u0130qtisadi Komissiyas\u0131 t\u0259r\u0259find\u0259n \u201cSubregional \u0130nnovasiya Siyas\u0259ti\u201d n\u0259\u015fri haz\u0131rlan\u0131b. S\u00f6z\u00fcged\u0259n n\u0259\u015fr \u015e\u0259rqi Avropa v\u0259 C\u0259nubi Qafqaz \u00f6lk\u0259l\u0259rinin innovasiya ekosisteml\u0259rinin t\u0259hlili v\u0259 m\u00f6vcud perspektivl\u0259r\u0259 h\u0259sr olunub. ARANTV.AZ\u00a0 x\u0259b\u0259r verir ki, n\u0259\u015frd\u0259 Az\u0259rbaycan\u0131n son d\u00f6vrl\u0259r innovativ inki\u015faf v\u0259 r\u0259q\u0259msalla\u015fma sah\u0259sind\u0259 g\u00f6rd\u00fcy\u00fc i\u015fl\u0259r, innovasiya m\u0259rk\u0259zl\u0259rinin f\u0259aliyy\u0259ti, \u00e7\u0259tinlikl\u0259r v\u0259 inki\u015faf meyll\u0259ri \u00f6z \u0259ksini tap\u0131b. Az\u0259rbaycan Respublikas\u0131n\u0131n Prezidenti yan\u0131nda V\u0259t\u0259nda\u015flara Xidm\u0259t v\u0259 Sosial \u0130nnovasiyalar \u00fczr\u0259 D\u00f6vl\u0259t Agentliyinin tabeliyind\u0259 olan \u201cASAN xidm\u0259t\u201d m\u0259rk\u0259zl\u0259rinin \u00f6lk\u0259mizd\u0259 r\u0259q\u0259msal h\u00f6kum\u0259tin inki\u015faf\u0131na verdiyi t\u00f6fh\u0259l\u0259r qeyd edilib. N\u0259\u015frd\u0259 D\u00f6vl\u0259t Agentliyinin \u201cINNOLAND\u201d \u0130nkubasiya v\u0259 Akselerasiya M\u0259rk\u0259zi Az\u0259rbaycanda innovasiya sah\u0259sind\u0259 \u0259sas&hellip;<\/p>\n","protected":false},"author":2,"featured_media":301481,"comment_status":"closed","ping_status":"closed","sticky":false,"template":"","format":"standard","meta":{"om_disable_all_campaigns":false,"_monsterinsights_skip_tracking":false,"_monsterinsights_sitenote_active":false,"_monsterinsights_sitenote_note":"","_monsterinsights_sitenote_category":0},"categories":[26],"tags":[],"aioseo_notices":[],"gutentor_comment":0,"rttpg_featured_image_url":{"full":["https:\/\/arantv.az\/wp-content\/uploads\/2021\/02\/7a006957159119228468169831010504533-1.jpg",975,540,false],"landscape":["https:\/\/arantv.az\/wp-content\/uploads\/2021\/02\/7a006957159119228468169831010504533-1.jpg",975,540,false],"portraits":["https:\/\/arantv.az\/wp-content\/uploads\/2021\/02\/7a006957159119228468169831010504533-1.jpg",975,540,false],"thumbnail":["https:\/\/arantv.az\/wp-content\/uploads\/2021\/02\/7a006957159119228468169831010504533-1-150x150.jpg",150,150,true],"medium":["https:\/\/arantv.az\/wp-content\/uploads\/2021\/02\/7a006957159119228468169831010504533-1-300x166.jpg",300,166,true],"large":["https:\/\/arantv.az\/wp-content\/uploads\/2021\/02\/7a006957159119228468169831010504533-1.jpg",640,354,false],"1536x1536":["https:\/\/arantv.az\/wp-content\/uploads\/2021\/02\/7a006957159119228468169831010504533-1.jpg",975,540,false],"2048x2048":["https:\/\/arantv.az\/wp-content\/uploads\/2021\/02\/7a006957159119228468169831010504533-1.jpg",975,540,false],"post-thumbnail":["https:\/\/arantv.az\/wp-content\/uploads\/2021\/02\/7a006957159119228468169831010504533-1-240x172.jpg",240,172,true],"advps-thumb-one":["https:\/\/arantv.az\/wp-content\/uploads\/2021\/02\/7a006957159119228468169831010504533-1.jpg",975,540,false]},"rttpg_author":{"display_name":"V\u00fcsal Rafiqo\u011flu","author_link":"https:\/\/arantv.az\/?author=2"},"rttpg_comment":0,"rttpg_category":"<a href=\"https:\/\/arantv.az\/?cat=26\" rel=\"category\">Sosial<\/a>","rttpg_excerpt":"Birl\u0259\u015fmi\u015f Mill\u0259tl\u0259r T\u0259\u015fkilat\u0131n\u0131n Avropa \u0130qtisadi Komissiyas\u0131 t\u0259r\u0259find\u0259n \u201cSubregional \u0130nnovasiya Siyas\u0259ti\u201d n\u0259\u015fri haz\u0131rlan\u0131b. S\u00f6z\u00fcged\u0259n n\u0259\u015fr \u015e\u0259rqi Avropa v\u0259 C\u0259nubi Qafqaz \u00f6lk\u0259l\u0259rinin innovasiya ekosisteml\u0259rinin t\u0259hlili v\u0259 m\u00f6vcud perspektivl\u0259r\u0259 h\u0259sr olunub. ARANTV.AZ\u00a0 x\u0259b\u0259r verir ki, n\u0259\u015frd\u0259 Az\u0259rbaycan\u0131n son d\u00f6vrl\u0259r innovativ inki\u015faf v\u0259 r\u0259q\u0259msalla\u015fma sah\u0259sind\u0259 g\u00f6rd\u00fcy\u00fc i\u015fl\u0259r, innovasiya m\u0259rk\u0259zl\u0259rinin f\u0259aliyy\u0259ti, \u00e7\u0259tinlikl\u0259r v\u0259 inki\u015faf meyll\u0259ri \u00f6z \u0259ksini tap\u0131b. Az\u0259rbaycan Respublikas\u0131n\u0131n&hellip;","_links":{"self":[{"href":"https:\/\/arantv.az\/index.php?rest_route=\/wp\/v2\/posts\/301480"}],"collection":[{"href":"https:\/\/arantv.az\/index.php?rest_route=\/wp\/v2\/posts"}],"about":[{"href":"https:\/\/arantv.az\/index.php?rest_route=\/wp\/v2\/types\/post"}],"author":[{"embeddable":true,"href":"https:\/\/arantv.az\/index.php?rest_route=\/wp\/v2\/users\/2"}],"replies":[{"embeddable":true,"href":"https:\/\/arantv.az\/index.php?rest_route=%2Fwp%2Fv2%2Fcomments&post=301480"}],"version-history":[{"count":0,"href":"https:\/\/arantv.az\/index.php?rest_route=\/wp\/v2\/posts\/301480\/revisions"}],"wp:featuredmedia":[{"embeddable":true,"href":"https:\/\/arantv.az\/index.php?rest_route=\/wp\/v2\/media\/301481"}],"wp:attachment":[{"href":"https:\/\/arantv.az\/index.php?rest_route=%2Fwp%2Fv2%2Fmedia&parent=301480"}],"wp:term":[{"taxonomy":"category","embeddable":true,"href":"https:\/\/arantv.az\/index.php?rest_route=%2Fwp%2Fv2%2Fcategories&post=301480"},{"taxonomy":"post_tag","embeddable":true,"href":"https:\/\/arantv.az\/index.php?rest_route=%2Fwp%2Fv2%2Ftags&post=301480"}],"curies":[{"name":"wp","href":"https:\/\/api.w.org\/{rel}","templated":true}]}}