{"id":301548,"date":"2021-02-25T15:44:36","date_gmt":"2021-02-25T12:44:36","guid":{"rendered":"http:\/\/arantv.az\/?p=301548"},"modified":"2021-02-25T15:44:36","modified_gmt":"2021-02-25T12:44:36","slug":"ilham-%c9%99liyev-protezl%c9%99r-imkan-ver%c9%99c%c9%99k-ki-qazil%c9%99rimiz-normal-h%c9%99yata-qayitsinlar","status":"publish","type":"post","link":"https:\/\/arantv.az\/?p=301548","title":{"rendered":"\u0130lham \u018fliyev: \u201cProtezl\u0259r imkan ver\u0259c\u0259k ki, qazil\u0259rimiz normal h\u0259yata qay\u0131ts\u0131nlar\u201d"},"content":{"rendered":"<p>\u015ea\u011fan q\u0259s\u0259b\u0259sind\u0259 reabilitasiya m\u0259rk\u0259zinin \u0259sasl\u0131 t\u0259mird\u0259n sonra a\u00e7\u0131l\u0131\u015f\u0131 da olub. Orada da minl\u0259rl\u0259 qazi h\u0259r il m\u00fcalic\u0259 alacaq, reabilitasiyadan ke\u00e7\u0259c\u0259k, \u00f6z sa\u011flaml\u0131\u011f\u0131n\u0131 b\u0259rpa ed\u0259c\u0259k.<\/p>\n<div id=\"AdviadNativeVideo0\" class=\"AdviadNativeVideo\"><\/div>\n<p>Bu s\u00f6zl\u0259ri Prezident \u0130lham \u018fliyev bu g\u00fcn Bak\u0131n\u0131n Ramana q\u0259s\u0259b\u0259sind\u0259 \u015f\u0259hid ail\u0259l\u0259ri v\u0259 m\u00fcharib\u0259 \u0259lill\u0259rin\u0259 m\u0259nzill\u0259rin t\u0259qdim olunmas\u0131 m\u0259rasimind\u0259 \u00e7\u0131x\u0131\u015f\u0131 zaman\u0131 deyib:<\/p>\n<p>\u201cEyni zamanda, m\u00fcharib\u0259 d\u00f6vr\u00fcnd\u0259 \u0259lini, qolunu itirmi\u015f qazil\u0259rimiz \u00fc\u00e7\u00fcn d\u0259 \u0259n m\u00fcasir protezl\u0259r sifari\u015f edilib. M\u0259n\u0259 bu g\u00fcn veril\u0259n m\u0259lumata g\u00f6r\u0259, 300-d\u0259n \u00e7ox qazimiz bu protezl\u0259rl\u0259 t\u0259min edil\u0259c\u0259k. Bizim ayaqlar\u0131n\u0131 itirmi\u015f qazil\u0259rimizin art\u0131q bir ne\u00e7\u0259si bu protezl\u0259rl\u0259 t\u0259min edilib v\u0259 onlar normal h\u0259yata d\u00f6n\u0259 bilibl\u0259r. Bu protezl\u0259r d\u00fcnyan\u0131n apar\u0131c\u0131 \u015firk\u0259tl\u0259rinin m\u0259hsuludur, \u0259n m\u00fcasir protezl\u0259rdir. Bu protezl\u0259r imkan ver\u0259c\u0259k ki, bizim qazil\u0259rimiz normal h\u0259yata qay\u0131da bilsinl\u0259r\u201d.<\/p>\n","protected":false},"excerpt":{"rendered":"<p>\u015ea\u011fan q\u0259s\u0259b\u0259sind\u0259 reabilitasiya m\u0259rk\u0259zinin \u0259sasl\u0131 t\u0259mird\u0259n sonra a\u00e7\u0131l\u0131\u015f\u0131 da olub. Orada da minl\u0259rl\u0259 qazi h\u0259r il m\u00fcalic\u0259 alacaq, reabilitasiyadan ke\u00e7\u0259c\u0259k, \u00f6z sa\u011flaml\u0131\u011f\u0131n\u0131 b\u0259rpa ed\u0259c\u0259k. Bu s\u00f6zl\u0259ri Prezident \u0130lham \u018fliyev bu g\u00fcn Bak\u0131n\u0131n Ramana q\u0259s\u0259b\u0259sind\u0259 \u015f\u0259hid ail\u0259l\u0259ri v\u0259 m\u00fcharib\u0259 \u0259lill\u0259rin\u0259 m\u0259nzill\u0259rin t\u0259qdim olunmas\u0131 m\u0259rasimind\u0259 \u00e7\u0131x\u0131\u015f\u0131 zaman\u0131 deyib: \u201cEyni zamanda, m\u00fcharib\u0259 d\u00f6vr\u00fcnd\u0259 \u0259lini, qolunu itirmi\u015f qazil\u0259rimiz \u00fc\u00e7\u00fcn d\u0259 \u0259n m\u00fcasir protezl\u0259r sifari\u015f edilib. M\u0259n\u0259 bu g\u00fcn veril\u0259n m\u0259lumata g\u00f6r\u0259, 300-d\u0259n \u00e7ox qazimiz bu protezl\u0259rl\u0259 t\u0259min edil\u0259c\u0259k. Bizim ayaqlar\u0131n\u0131 itirmi\u015f qazil\u0259rimizin art\u0131q bir ne\u00e7\u0259si bu protezl\u0259rl\u0259 t\u0259min edilib v\u0259 onlar normal h\u0259yata d\u00f6n\u0259&hellip;<\/p>\n","protected":false},"author":2,"featured_media":301549,"comment_status":"closed","ping_status":"closed","sticky":false,"template":"","format":"standard","meta":{"om_disable_all_campaigns":false,"_monsterinsights_skip_tracking":false,"_monsterinsights_sitenote_active":false,"_monsterinsights_sitenote_note":"","_monsterinsights_sitenote_category":0},"categories":[4],"tags":[],"aioseo_notices":[],"gutentor_comment":0,"rttpg_featured_image_url":{"full":["https:\/\/arantv.az\/wp-content\/uploads\/2021\/02\/1614246823419596840_1000x669.jpg",620,433,false],"landscape":["https:\/\/arantv.az\/wp-content\/uploads\/2021\/02\/1614246823419596840_1000x669.jpg",620,433,false],"portraits":["https:\/\/arantv.az\/wp-content\/uploads\/2021\/02\/1614246823419596840_1000x669.jpg",620,433,false],"thumbnail":["https:\/\/arantv.az\/wp-content\/uploads\/2021\/02\/1614246823419596840_1000x669-150x150.jpg",150,150,true],"medium":["https:\/\/arantv.az\/wp-content\/uploads\/2021\/02\/1614246823419596840_1000x669-300x210.jpg",300,210,true],"large":["https:\/\/arantv.az\/wp-content\/uploads\/2021\/02\/1614246823419596840_1000x669.jpg",620,433,false],"1536x1536":["https:\/\/arantv.az\/wp-content\/uploads\/2021\/02\/1614246823419596840_1000x669.jpg",620,433,false],"2048x2048":["https:\/\/arantv.az\/wp-content\/uploads\/2021\/02\/1614246823419596840_1000x669.jpg",620,433,false],"post-thumbnail":["https:\/\/arantv.az\/wp-content\/uploads\/2021\/02\/1614246823419596840_1000x669-240x172.jpg",240,172,true],"advps-thumb-one":["https:\/\/arantv.az\/wp-content\/uploads\/2021\/02\/1614246823419596840_1000x669.jpg",620,433,false]},"rttpg_author":{"display_name":"V\u00fcsal Rafiqo\u011flu","author_link":"https:\/\/arantv.az\/?author=2"},"rttpg_comment":0,"rttpg_category":"<a href=\"https:\/\/arantv.az\/?cat=4\" rel=\"category\">Siyas\u0259t<\/a>","rttpg_excerpt":"\u015ea\u011fan q\u0259s\u0259b\u0259sind\u0259 reabilitasiya m\u0259rk\u0259zinin \u0259sasl\u0131 t\u0259mird\u0259n sonra a\u00e7\u0131l\u0131\u015f\u0131 da olub. Orada da minl\u0259rl\u0259 qazi h\u0259r il m\u00fcalic\u0259 alacaq, reabilitasiyadan ke\u00e7\u0259c\u0259k, \u00f6z sa\u011flaml\u0131\u011f\u0131n\u0131 b\u0259rpa ed\u0259c\u0259k. Bu s\u00f6zl\u0259ri Prezident \u0130lham \u018fliyev bu g\u00fcn Bak\u0131n\u0131n Ramana q\u0259s\u0259b\u0259sind\u0259 \u015f\u0259hid ail\u0259l\u0259ri v\u0259 m\u00fcharib\u0259 \u0259lill\u0259rin\u0259 m\u0259nzill\u0259rin t\u0259qdim olunmas\u0131 m\u0259rasimind\u0259 \u00e7\u0131x\u0131\u015f\u0131 zaman\u0131 deyib: \u201cEyni zamanda, m\u00fcharib\u0259 d\u00f6vr\u00fcnd\u0259 \u0259lini, qolunu itirmi\u015f qazil\u0259rimiz \u00fc\u00e7\u00fcn&hellip;","_links":{"self":[{"href":"https:\/\/arantv.az\/index.php?rest_route=\/wp\/v2\/posts\/301548"}],"collection":[{"href":"https:\/\/arantv.az\/index.php?rest_route=\/wp\/v2\/posts"}],"about":[{"href":"https:\/\/arantv.az\/index.php?rest_route=\/wp\/v2\/types\/post"}],"author":[{"embeddable":true,"href":"https:\/\/arantv.az\/index.php?rest_route=\/wp\/v2\/users\/2"}],"replies":[{"embeddable":true,"href":"https:\/\/arantv.az\/index.php?rest_route=%2Fwp%2Fv2%2Fcomments&post=301548"}],"version-history":[{"count":0,"href":"https:\/\/arantv.az\/index.php?rest_route=\/wp\/v2\/posts\/301548\/revisions"}],"wp:featuredmedia":[{"embeddable":true,"href":"https:\/\/arantv.az\/index.php?rest_route=\/wp\/v2\/media\/301549"}],"wp:attachment":[{"href":"https:\/\/arantv.az\/index.php?rest_route=%2Fwp%2Fv2%2Fmedia&parent=301548"}],"wp:term":[{"taxonomy":"category","embeddable":true,"href":"https:\/\/arantv.az\/index.php?rest_route=%2Fwp%2Fv2%2Fcategories&post=301548"},{"taxonomy":"post_tag","embeddable":true,"href":"https:\/\/arantv.az\/index.php?rest_route=%2Fwp%2Fv2%2Ftags&post=301548"}],"curies":[{"name":"wp","href":"https:\/\/api.w.org\/{rel}","templated":true}]}}