{"id":301580,"date":"2021-02-25T16:01:37","date_gmt":"2021-02-25T13:01:37","guid":{"rendered":"http:\/\/arantv.az\/?p=301580"},"modified":"2021-02-25T16:01:37","modified_gmt":"2021-02-25T13:01:37","slug":"hava-n%c9%99-vaxt-duz%c9%99l%c9%99c%c9%99k","status":"publish","type":"post","link":"https:\/\/arantv.az\/?p=301580","title":{"rendered":"Hava n\u0259 vaxt d\u00fcz\u0259l\u0259c\u0259k?"},"content":{"rendered":"<p>Fevral\u0131n 26-dan ay\u0131n sonunad\u0259k \u00f6lk\u0259 \u0259razisi nisb\u0259t\u0259n y\u00fcks\u0259k t\u0259zyiq sah\u0259sinin t\u0259siri alt\u0131nda olacaq. Oksigenl\u0259 z\u0259nginl\u0259\u015f\u0259n, \u0259sas\u0259n ya\u011fmursuz, m\u00fclayim k\u00fcl\u0259kli hava \u015f\u0259raiti \u00fcst\u00fcnl\u00fck t\u0259\u015fkil ed\u0259c\u0259k.<\/p>\n<p>Hidrometeoroloji Proqnozlar B\u00fcrosunun direktoru G\u00fcl\u015fad M\u0259mm\u0259dova bildirib ki, havan\u0131n temperaturu \u00f6t\u0259n g\u00fcnl\u0259 m\u00fcqayis\u0259d\u0259 y\u00fcks\u0259l\u0259c\u0259k v\u0259 g\u00fcnd\u00fcz saatlar\u0131nda paytaxtda 4-8 d\u0259r\u0259c\u0259 isti olacaq.<\/p>\n<p>Bu gec\u0259 havan\u0131n temperaturu 0-1 d\u0259r\u0259c\u0259 \u015faxta olsa da, fevral\u0131n 27-28-d\u0259 gec\u0259 saatlar\u0131nda m\u0259nfi temperatur g\u00f6zl\u0259nilmir.<\/p>\n<p>\u201cRayonlarda da fevral ay\u0131n\u0131n 28-i ax\u015famad\u0259k hava m\u00fclayim, \u0259sas\u0259n ya\u011fmursuz ke\u00e7\u0259c\u0259k, lakin b\u0259zi yerl\u0259rd\u0259 duman olacaq\u201d.<\/p>\n","protected":false},"excerpt":{"rendered":"<p>Fevral\u0131n 26-dan ay\u0131n sonunad\u0259k \u00f6lk\u0259 \u0259razisi nisb\u0259t\u0259n y\u00fcks\u0259k t\u0259zyiq sah\u0259sinin t\u0259siri alt\u0131nda olacaq. Oksigenl\u0259 z\u0259nginl\u0259\u015f\u0259n, \u0259sas\u0259n ya\u011fmursuz, m\u00fclayim k\u00fcl\u0259kli hava \u015f\u0259raiti \u00fcst\u00fcnl\u00fck t\u0259\u015fkil ed\u0259c\u0259k. Hidrometeoroloji Proqnozlar B\u00fcrosunun direktoru G\u00fcl\u015fad M\u0259mm\u0259dova bildirib ki, havan\u0131n temperaturu \u00f6t\u0259n g\u00fcnl\u0259 m\u00fcqayis\u0259d\u0259 y\u00fcks\u0259l\u0259c\u0259k v\u0259 g\u00fcnd\u00fcz saatlar\u0131nda paytaxtda 4-8 d\u0259r\u0259c\u0259 isti olacaq. Bu gec\u0259 havan\u0131n temperaturu 0-1 d\u0259r\u0259c\u0259 \u015faxta olsa da, fevral\u0131n 27-28-d\u0259 gec\u0259 saatlar\u0131nda m\u0259nfi temperatur g\u00f6zl\u0259nilmir. \u201cRayonlarda da fevral ay\u0131n\u0131n 28-i ax\u015famad\u0259k hava m\u00fclayim, \u0259sas\u0259n ya\u011fmursuz ke\u00e7\u0259c\u0259k, lakin b\u0259zi yerl\u0259rd\u0259 duman olacaq\u201d.<\/p>\n","protected":false},"author":2,"featured_media":114833,"comment_status":"closed","ping_status":"closed","sticky":false,"template":"","format":"standard","meta":{"om_disable_all_campaigns":false,"_monsterinsights_skip_tracking":false,"_monsterinsights_sitenote_active":false,"_monsterinsights_sitenote_note":"","_monsterinsights_sitenote_category":0},"categories":[22],"tags":[],"aioseo_notices":[],"gutentor_comment":0,"rttpg_featured_image_url":{"full":["https:\/\/arantv.az\/wp-content\/uploads\/2020\/01\/hava-b\u00c3\u00b6lg\u00c9_.jpg",620,414,false],"landscape":["https:\/\/arantv.az\/wp-content\/uploads\/2020\/01\/hava-b\u00c3\u00b6lg\u00c9_.jpg",620,414,false],"portraits":["https:\/\/arantv.az\/wp-content\/uploads\/2020\/01\/hava-b\u00c3\u00b6lg\u00c9_.jpg",620,414,false],"thumbnail":["https:\/\/arantv.az\/wp-content\/uploads\/2020\/01\/hava-b\u00c3\u00b6lg\u00c9_-150x150.jpg",150,150,true],"medium":["https:\/\/arantv.az\/wp-content\/uploads\/2020\/01\/hava-b\u00c3\u00b6lg\u00c9_-300x200.jpg",300,200,true],"large":["https:\/\/arantv.az\/wp-content\/uploads\/2020\/01\/hava-b\u00c3\u00b6lg\u00c9_.jpg",620,414,false],"1536x1536":["https:\/\/arantv.az\/wp-content\/uploads\/2020\/01\/hava-b\u00c3\u00b6lg\u00c9_.jpg",620,414,false],"2048x2048":["https:\/\/arantv.az\/wp-content\/uploads\/2020\/01\/hava-b\u00c3\u00b6lg\u00c9_.jpg",620,414,false],"post-thumbnail":["https:\/\/arantv.az\/wp-content\/uploads\/2020\/01\/hava-b\u00c3\u00b6lg\u00c9_-240x172.jpg",240,172,true],"advps-thumb-one":["https:\/\/arantv.az\/wp-content\/uploads\/2020\/01\/hava-b\u00c3\u00b6lg\u00c9_.jpg",620,414,false]},"rttpg_author":{"display_name":"V\u00fcsal Rafiqo\u011flu","author_link":"https:\/\/arantv.az\/?author=2"},"rttpg_comment":0,"rttpg_category":"<a href=\"https:\/\/arantv.az\/?cat=22\" rel=\"category\">Hava<\/a>","rttpg_excerpt":"Fevral\u0131n 26-dan ay\u0131n sonunad\u0259k \u00f6lk\u0259 \u0259razisi nisb\u0259t\u0259n y\u00fcks\u0259k t\u0259zyiq sah\u0259sinin t\u0259siri alt\u0131nda olacaq. Oksigenl\u0259 z\u0259nginl\u0259\u015f\u0259n, \u0259sas\u0259n ya\u011fmursuz, m\u00fclayim k\u00fcl\u0259kli hava \u015f\u0259raiti \u00fcst\u00fcnl\u00fck t\u0259\u015fkil ed\u0259c\u0259k. Hidrometeoroloji Proqnozlar B\u00fcrosunun direktoru G\u00fcl\u015fad M\u0259mm\u0259dova bildirib ki, havan\u0131n temperaturu \u00f6t\u0259n g\u00fcnl\u0259 m\u00fcqayis\u0259d\u0259 y\u00fcks\u0259l\u0259c\u0259k v\u0259 g\u00fcnd\u00fcz saatlar\u0131nda paytaxtda 4-8 d\u0259r\u0259c\u0259 isti olacaq. Bu gec\u0259 havan\u0131n temperaturu 0-1 d\u0259r\u0259c\u0259 \u015faxta olsa da,&hellip;","_links":{"self":[{"href":"https:\/\/arantv.az\/index.php?rest_route=\/wp\/v2\/posts\/301580"}],"collection":[{"href":"https:\/\/arantv.az\/index.php?rest_route=\/wp\/v2\/posts"}],"about":[{"href":"https:\/\/arantv.az\/index.php?rest_route=\/wp\/v2\/types\/post"}],"author":[{"embeddable":true,"href":"https:\/\/arantv.az\/index.php?rest_route=\/wp\/v2\/users\/2"}],"replies":[{"embeddable":true,"href":"https:\/\/arantv.az\/index.php?rest_route=%2Fwp%2Fv2%2Fcomments&post=301580"}],"version-history":[{"count":0,"href":"https:\/\/arantv.az\/index.php?rest_route=\/wp\/v2\/posts\/301580\/revisions"}],"wp:featuredmedia":[{"embeddable":true,"href":"https:\/\/arantv.az\/index.php?rest_route=\/wp\/v2\/media\/114833"}],"wp:attachment":[{"href":"https:\/\/arantv.az\/index.php?rest_route=%2Fwp%2Fv2%2Fmedia&parent=301580"}],"wp:term":[{"taxonomy":"category","embeddable":true,"href":"https:\/\/arantv.az\/index.php?rest_route=%2Fwp%2Fv2%2Fcategories&post=301580"},{"taxonomy":"post_tag","embeddable":true,"href":"https:\/\/arantv.az\/index.php?rest_route=%2Fwp%2Fv2%2Ftags&post=301580"}],"curies":[{"name":"wp","href":"https:\/\/api.w.org\/{rel}","templated":true}]}}