{"id":30171,"date":"2019-01-01T12:57:31","date_gmt":"2019-01-01T09:57:31","guid":{"rendered":"http:\/\/arantv.az\/?p=30171"},"modified":"2019-01-01T12:57:31","modified_gmt":"2019-01-01T09:57:31","slug":"az%c9%99rbaycanda-turizm-sektoruna-xarici-s%c9%99rmay%c9%99l%c9%99rin-c%c9%99lb-olunmasina-dair-konsepsiya-isl%c9%99nilir","status":"publish","type":"post","link":"https:\/\/arantv.az\/?p=30171","title":{"rendered":"Az\u0259rbaycanda turizm sektoruna xarici s\u0259rmay\u0259l\u0259rin c\u0259lb olunmas\u0131na dair konsepsiya i\u015fl\u0259nilir"},"content":{"rendered":"<p><strong>D\u00f6vl\u0259t Turizm Agentliyi Az\u0259rbaycan\u0131n turizm sektoruna xarici s\u0259rmay\u0259l\u0259rin c\u0259lb olunmas\u0131na dair s\u0259n\u0259d \u00fcz\u0259rind\u0259 i\u015fl\u0259yir.<\/strong><\/p>\n<p><strong>ARANTV.AZ<\/strong> x\u0259b\u0259r verir ki, bunu trend-\u0259 D\u00f6vl\u0259t Turizm Agentliyinin \u0130ctimaiyy\u0259tl\u0259 \u0259laq\u0259l\u0259r \u015f\u00f6b\u0259sinin r\u0259hb\u0259ri K\u0259nan Quluzad\u0259 deyib.<\/p>\n<p>&#8220;S\u0259n\u0259d \u00f6z\u00fcnd\u0259 aqroturizm\u0259 s\u0259rmay\u0259l\u0259rin c\u0259lb edilm\u0259si konsepsiyas\u0131n\u0131 \u0259ks etdirir. Turizmin bu istiqam\u0259ti perspektivli v\u0259 g\u0259lirli hesab edilir. Yax\u0131n ill\u0259rd\u0259 Az\u0259rbaycanda turizmin bu n\u00f6v\u00fcn\u00fc xarici turistl\u0259ri c\u0259lb etm\u0259kl\u0259 populyarla\u015fd\u0131rma\u011f\u0131 planla\u015fd\u0131r\u0131r\u0131q. Turistl\u0259r regionlarda k\u0259ndl\u0259r\u0259 s\u0259f\u0259r ed\u0259r\u0259k, k\u0259nd h\u0259yat t\u0259rzi s\u00fcr\u0259c\u0259kl\u0259r, yerli ad\u0259tl\u0259rl\u0259 tan\u0131\u015f olacaqlar v\u0259, h\u0259tta, k\u0259nd i\u015fl\u0259rin\u0259 qat\u0131lacaqlar&#8221;, &#8211;\u00a0o bildirib.<\/p>\n<div id=\"AdributorNativeVideo0\" class=\"AdributorNativeVideo\"><\/div>\n<p>\u015e\u00f6b\u0259 r\u0259hb\u0259ri bildirib ki, turizmin bu sah\u0259si Avropa \u00f6lk\u0259l\u0259ri, x\u00fcsus\u0259n d\u0259 \u0130taliyada geni\u015f t\u0259tbiq olunur.<\/p>\n","protected":false},"excerpt":{"rendered":"<p>D\u00f6vl\u0259t Turizm Agentliyi Az\u0259rbaycan\u0131n turizm sektoruna xarici s\u0259rmay\u0259l\u0259rin c\u0259lb olunmas\u0131na dair s\u0259n\u0259d \u00fcz\u0259rind\u0259 i\u015fl\u0259yir. ARANTV.AZ x\u0259b\u0259r verir ki, bunu trend-\u0259 D\u00f6vl\u0259t Turizm Agentliyinin \u0130ctimaiyy\u0259tl\u0259 \u0259laq\u0259l\u0259r \u015f\u00f6b\u0259sinin r\u0259hb\u0259ri K\u0259nan Quluzad\u0259 deyib. &#8220;S\u0259n\u0259d \u00f6z\u00fcnd\u0259 aqroturizm\u0259 s\u0259rmay\u0259l\u0259rin c\u0259lb edilm\u0259si konsepsiyas\u0131n\u0131 \u0259ks etdirir. Turizmin bu istiqam\u0259ti perspektivli v\u0259 g\u0259lirli hesab edilir. Yax\u0131n ill\u0259rd\u0259 Az\u0259rbaycanda turizmin bu n\u00f6v\u00fcn\u00fc xarici turistl\u0259ri c\u0259lb etm\u0259kl\u0259 populyarla\u015fd\u0131rma\u011f\u0131 planla\u015fd\u0131r\u0131r\u0131q. Turistl\u0259r regionlarda k\u0259ndl\u0259r\u0259 s\u0259f\u0259r ed\u0259r\u0259k, k\u0259nd h\u0259yat t\u0259rzi s\u00fcr\u0259c\u0259kl\u0259r, yerli ad\u0259tl\u0259rl\u0259 tan\u0131\u015f olacaqlar v\u0259, h\u0259tta, k\u0259nd i\u015fl\u0259rin\u0259 qat\u0131lacaqlar&#8221;, &#8211;\u00a0o bildirib. \u015e\u00f6b\u0259 r\u0259hb\u0259ri bildirib ki, turizmin bu sah\u0259si Avropa \u00f6lk\u0259l\u0259ri, x\u00fcsus\u0259n d\u0259&hellip;<\/p>\n","protected":false},"author":2,"featured_media":30172,"comment_status":"closed","ping_status":"closed","sticky":false,"template":"","format":"standard","meta":{"om_disable_all_campaigns":false,"_monsterinsights_skip_tracking":false,"_monsterinsights_sitenote_active":false,"_monsterinsights_sitenote_note":"","_monsterinsights_sitenote_category":0},"categories":[1],"tags":[],"aioseo_notices":[],"gutentor_comment":0,"rttpg_featured_image_url":{"full":["https:\/\/arantv.az\/wp-content\/uploads\/2019\/01\/baki_238475766.jpg",800,600,false],"landscape":["https:\/\/arantv.az\/wp-content\/uploads\/2019\/01\/baki_238475766.jpg",800,600,false],"portraits":["https:\/\/arantv.az\/wp-content\/uploads\/2019\/01\/baki_238475766.jpg",800,600,false],"thumbnail":["https:\/\/arantv.az\/wp-content\/uploads\/2019\/01\/baki_238475766-150x150.jpg",150,150,true],"medium":["https:\/\/arantv.az\/wp-content\/uploads\/2019\/01\/baki_238475766-300x225.jpg",300,225,true],"large":["https:\/\/arantv.az\/wp-content\/uploads\/2019\/01\/baki_238475766.jpg",640,480,false],"1536x1536":["https:\/\/arantv.az\/wp-content\/uploads\/2019\/01\/baki_238475766.jpg",800,600,false],"2048x2048":["https:\/\/arantv.az\/wp-content\/uploads\/2019\/01\/baki_238475766.jpg",800,600,false],"post-thumbnail":["https:\/\/arantv.az\/wp-content\/uploads\/2019\/01\/baki_238475766-240x172.jpg",240,172,true],"advps-thumb-one":["https:\/\/arantv.az\/wp-content\/uploads\/2019\/01\/baki_238475766.jpg",800,600,false]},"rttpg_author":{"display_name":"V\u00fcsal Rafiqo\u011flu","author_link":"https:\/\/arantv.az\/?author=2"},"rttpg_comment":0,"rttpg_category":"<a href=\"https:\/\/arantv.az\/?cat=1\" rel=\"category\">C\u0259miyy\u0259t<\/a>","rttpg_excerpt":"D\u00f6vl\u0259t Turizm Agentliyi Az\u0259rbaycan\u0131n turizm sektoruna xarici s\u0259rmay\u0259l\u0259rin c\u0259lb olunmas\u0131na dair s\u0259n\u0259d \u00fcz\u0259rind\u0259 i\u015fl\u0259yir. ARANTV.AZ x\u0259b\u0259r verir ki, bunu trend-\u0259 D\u00f6vl\u0259t Turizm Agentliyinin \u0130ctimaiyy\u0259tl\u0259 \u0259laq\u0259l\u0259r \u015f\u00f6b\u0259sinin r\u0259hb\u0259ri K\u0259nan Quluzad\u0259 deyib. &#8220;S\u0259n\u0259d \u00f6z\u00fcnd\u0259 aqroturizm\u0259 s\u0259rmay\u0259l\u0259rin c\u0259lb edilm\u0259si konsepsiyas\u0131n\u0131 \u0259ks etdirir. Turizmin bu istiqam\u0259ti perspektivli v\u0259 g\u0259lirli hesab edilir. Yax\u0131n ill\u0259rd\u0259 Az\u0259rbaycanda turizmin bu n\u00f6v\u00fcn\u00fc xarici turistl\u0259ri&hellip;","_links":{"self":[{"href":"https:\/\/arantv.az\/index.php?rest_route=\/wp\/v2\/posts\/30171"}],"collection":[{"href":"https:\/\/arantv.az\/index.php?rest_route=\/wp\/v2\/posts"}],"about":[{"href":"https:\/\/arantv.az\/index.php?rest_route=\/wp\/v2\/types\/post"}],"author":[{"embeddable":true,"href":"https:\/\/arantv.az\/index.php?rest_route=\/wp\/v2\/users\/2"}],"replies":[{"embeddable":true,"href":"https:\/\/arantv.az\/index.php?rest_route=%2Fwp%2Fv2%2Fcomments&post=30171"}],"version-history":[{"count":0,"href":"https:\/\/arantv.az\/index.php?rest_route=\/wp\/v2\/posts\/30171\/revisions"}],"wp:featuredmedia":[{"embeddable":true,"href":"https:\/\/arantv.az\/index.php?rest_route=\/wp\/v2\/media\/30172"}],"wp:attachment":[{"href":"https:\/\/arantv.az\/index.php?rest_route=%2Fwp%2Fv2%2Fmedia&parent=30171"}],"wp:term":[{"taxonomy":"category","embeddable":true,"href":"https:\/\/arantv.az\/index.php?rest_route=%2Fwp%2Fv2%2Fcategories&post=30171"},{"taxonomy":"post_tag","embeddable":true,"href":"https:\/\/arantv.az\/index.php?rest_route=%2Fwp%2Fv2%2Ftags&post=30171"}],"curies":[{"name":"wp","href":"https:\/\/api.w.org\/{rel}","templated":true}]}}