{"id":30177,"date":"2019-01-01T13:22:57","date_gmt":"2019-01-01T10:22:57","guid":{"rendered":"http:\/\/arantv.az\/?p=30177"},"modified":"2019-01-01T13:22:57","modified_gmt":"2019-01-01T10:22:57","slug":"qonsu-olk%c9%99d%c9%99-guclu-t%c9%99l%c9%99b%c9%99-etirazlari-polisl%c9%99-toqqusmalar-olub","status":"publish","type":"post","link":"https:\/\/arantv.az\/?p=30177","title":{"rendered":"Qon\u015fu \u00f6lk\u0259d\u0259 g\u00fccl\u00fc t\u0259l\u0259b\u0259 etirazlar\u0131: polisl\u0259 toqqu\u015fmalar olub"},"content":{"rendered":"<p>\u0130randa ba\u015f vermi\u015f v\u0259 onlarla t\u0259l\u0259b\u0259nin h\u0259lak olmas\u0131 il\u0259 n\u0259tic\u0259l\u0259nmi\u015f d\u0259h\u015f\u0259tli avtobus q\u0259zas\u0131 g\u00fccl\u00fc t\u0259l\u0259b\u0259 etirazlar\u0131n\u0131n ba\u015flanmas\u0131na s\u0259b\u0259b olub.<\/p>\n<p><strong>ARANTV.AZ\u00a0<\/strong> virtualaz.org-a istinad\u0259n\u00a0x\u0259b\u0259r verir ki, Azad Universitetinin minl\u0259rl\u0259 t\u0259l\u0259b\u0259si bir ne\u00e7\u0259 g\u00fcnd\u00fcr ki, k\u00fc\u00e7\u0259l\u0259r\u0259 \u00e7\u0131xaraq 20-d\u0259n art\u0131q t\u0259l\u0259b\u0259 yolda\u015flar\u0131n\u0131n h\u0259lak olmas\u0131na g\u00f6r\u0259 universitet r\u0259hb\u0259rliyinin istefas\u0131n\u0131 t\u0259l\u0259b edirl\u0259r.<\/p>\n<p>T\u0259l\u0259b\u0259l\u0259rin etirazlar\u0131 dekabr\u0131n 30-da v\u0259 31-d\u0259 d\u0259 davam edib. Etiraz\u00e7\u0131lar siyasi \u015f\u00fcarlar da s\u0259sl\u0259ndiribl\u0259r. Polisl\u0259 toqqu\u015fmalar\u0131n ba\u015f verdiyi bildirilir.<\/p>\n<p>\u0130dman v\u0259 G\u0259nclik Nazirliyinin Borna x\u0259b\u0259r agentliyinin m\u0259lumat\u0131na g\u00f6r\u0259, etiraz\u00e7\u0131lar universitetin q\u0259yyumlar \u015furas\u0131n\u0131n s\u0259dri \u018fli \u018fkb\u0259r Vilay\u0259tinin istefas\u0131n\u0131 t\u0259l\u0259b edirl\u0259r.<\/p>\n<p>Etiraz\u00e7\u0131lar dekabr\u0131n 25-d\u0259 ba\u015f vermi\u015f q\u0259za qurbanlar\u0131n\u0131n fotolar\u0131n\u0131 qald\u0131r\u0131blar. Tehran\u0131n \u015fimal-q\u0259rbind\u0259 t\u00f6r\u0259dilmi\u015f q\u0259zada 20 t\u0259l\u0259b\u0259 h\u0259lak olub, bir ne\u00e7\u0259 n\u0259f\u0259r x\u0259sar\u0259t al\u0131b. 30 t\u0259l\u0259b\u0259nin oldu\u011fu avtobus universitetin Elm v\u0259 T\u0259dqiqat filial\u0131 kampusunda da\u011fl\u0131q yolda a\u015f\u0131b, beton dir\u0259y\u0259 d\u0259yib.<\/p>\n<p>Universitet r\u0259smil\u0259ri ilkin olaraq q\u0259zaya g\u00f6r\u0259 s\u00fcr\u00fcc\u00fcn\u00fc su\u00e7lay\u0131b, onun iflic ke\u00e7irdiyini deyib. Ancaq istintaq bu iddian\u0131 r\u0259dd edib. T\u0259l\u0259b\u0259l\u0259rin \u0259ks\u0259riyy\u0259ti hadis\u0259nin s\u0259b\u0259bini universitet avtobuslar\u0131n\u0131n k\u00f6hn\u0259lm\u0259sind\u0259 axtar\u0131r, yeni ma\u015f\u0131nlar\u0131n al\u0131nmas\u0131n\u0131 t\u0259l\u0259b edir. Onlar\u0131n daha bir t\u0259l\u0259bi kampusda f\u00f6vq\u0259lad\u0259 m\u0259rk\u0259z yarad\u0131lmas\u0131, q\u0259zan\u0131n ba\u015f verdiyi yerd\u0259 s\u0259dd \u00e7\u0259kilm\u0259sidir.<\/p>\n<div id=\"AdributorNativeVideo0\" class=\"AdributorNativeVideo\"><\/div>\n<p>Hadis\u0259d\u0259n sonra bir s\u0131ra orta s\u0259viyy\u0259li menecerl\u0259r i\u015fd\u0259n \u00e7\u0131xar\u0131l\u0131b, b\u0259zi h\u0259bsl\u0259rin apar\u0131ld\u0131\u011f\u0131 bildirilib. M\u0259lumat\u0131 ISNA x\u0259b\u0259r agentliyi yay\u0131b.<\/p>\n<p>Etiraz\u00e7\u0131 t\u0259l\u0259b\u0259l\u0259r\u0259 ba\u015f \u00e7\u0259k\u0259n Ba\u015f prokuror M\u0259h\u0259mm\u0259d C\u0259f\u0259r M\u00fcnt\u0259zeri sakitliy\u0259 \u00e7a\u011f\u0131r\u0131b, i\u015fi \u015f\u0259xs\u0259n ara\u015fd\u0131rma\u011fa, m\u0259suliyy\u0259t da\u015f\u0131yanlar\u0131 c\u0259zaland\u0131rma\u011fa s\u00f6z verib.<\/p>\n<p>Lakin dekabr\u0131n 31-d\u0259 etirazlar davam edib v\u0259 sosial \u015f\u0259b\u0259k\u0259l\u0259rd\u0259 yay\u0131lan kadrlara \u0259sas\u0259n t\u0259l\u0259b\u0259l\u0259rl\u0259 polis aras\u0131nda toqqu\u015fmalar olub. &#8220;Reuters&#8221; x\u0259b\u0259r verir ki, dekabr\u0131n 31-d\u0259 etirazlarla ba\u011fl\u0131 internetd\u0259 yay\u0131lan videolarda polisl\u0259 \u015f\u00fcarlar q\u0131\u015fq\u0131ran t\u0259l\u0259b\u0259l\u0259rin toqqu\u015fdu\u011fu g\u00f6r\u00fcn\u00fcr. Ancaq agentlik videolar\u0131n h\u0259qiqiliyini t\u0259sdiql\u0259d\u0259 bilm\u0259diyini vur\u011fulay\u0131r.<\/p>\n<p>\u0130ran d\u00fcnyada yol q\u0259zalar\u0131n\u0131n tez-tez ba\u015f verdiyi \u00f6lk\u0259l\u0259rd\u0259ndir. Birl\u0259\u015fmi\u015f \u015etatlar sanksiyalar\u0131 b\u0259rpa ed\u0259nd\u0259n sonra \u0130ran\u0131n ictimai n\u0259qliyyat sektorunu m\u00fcasirl\u0259\u015fdirm\u0259k c\u0259hdl\u0259rinin \u0259ng\u0259ll\u0259ndiyi bildirilir.&#8221;Peugeot&#8221; v\u0259 &#8220;Renault&#8221; kimi avtomobil \u015firk\u0259tl\u0259ri daxil olmaqla, bir s\u0131ra xarici \u015firk\u0259tl\u0259r sanksiyalara g\u00f6r\u0259 \u00f6lk\u0259d\u0259n gedib.<\/p>\n","protected":false},"excerpt":{"rendered":"<p>\u0130randa ba\u015f vermi\u015f v\u0259 onlarla t\u0259l\u0259b\u0259nin h\u0259lak olmas\u0131 il\u0259 n\u0259tic\u0259l\u0259nmi\u015f d\u0259h\u015f\u0259tli avtobus q\u0259zas\u0131 g\u00fccl\u00fc t\u0259l\u0259b\u0259 etirazlar\u0131n\u0131n ba\u015flanmas\u0131na s\u0259b\u0259b olub. ARANTV.AZ\u00a0 virtualaz.org-a istinad\u0259n\u00a0x\u0259b\u0259r verir ki, Azad Universitetinin minl\u0259rl\u0259 t\u0259l\u0259b\u0259si bir ne\u00e7\u0259 g\u00fcnd\u00fcr ki, k\u00fc\u00e7\u0259l\u0259r\u0259 \u00e7\u0131xaraq 20-d\u0259n art\u0131q t\u0259l\u0259b\u0259 yolda\u015flar\u0131n\u0131n h\u0259lak olmas\u0131na g\u00f6r\u0259 universitet r\u0259hb\u0259rliyinin istefas\u0131n\u0131 t\u0259l\u0259b edirl\u0259r. T\u0259l\u0259b\u0259l\u0259rin etirazlar\u0131 dekabr\u0131n 30-da v\u0259 31-d\u0259 d\u0259 davam edib. Etiraz\u00e7\u0131lar siyasi \u015f\u00fcarlar da s\u0259sl\u0259ndiribl\u0259r. Polisl\u0259 toqqu\u015fmalar\u0131n ba\u015f verdiyi bildirilir. \u0130dman v\u0259 G\u0259nclik Nazirliyinin Borna x\u0259b\u0259r agentliyinin m\u0259lumat\u0131na g\u00f6r\u0259, etiraz\u00e7\u0131lar universitetin q\u0259yyumlar \u015furas\u0131n\u0131n s\u0259dri \u018fli \u018fkb\u0259r Vilay\u0259tinin istefas\u0131n\u0131 t\u0259l\u0259b edirl\u0259r. Etiraz\u00e7\u0131lar dekabr\u0131n 25-d\u0259 ba\u015f vermi\u015f&hellip;<\/p>\n","protected":false},"author":2,"featured_media":30178,"comment_status":"closed","ping_status":"closed","sticky":false,"template":"","format":"standard","meta":{"om_disable_all_campaigns":false,"_monsterinsights_skip_tracking":false,"_monsterinsights_sitenote_active":false,"_monsterinsights_sitenote_note":"","_monsterinsights_sitenote_category":0},"categories":[7],"tags":[],"aioseo_notices":[],"gutentor_comment":0,"rttpg_featured_image_url":{"full":["https:\/\/arantv.az\/wp-content\/uploads\/2019\/01\/economic-protests-in-mashhad-iran-1.jpg",1000,666,false],"landscape":["https:\/\/arantv.az\/wp-content\/uploads\/2019\/01\/economic-protests-in-mashhad-iran-1.jpg",1000,666,false],"portraits":["https:\/\/arantv.az\/wp-content\/uploads\/2019\/01\/economic-protests-in-mashhad-iran-1.jpg",1000,666,false],"thumbnail":["https:\/\/arantv.az\/wp-content\/uploads\/2019\/01\/economic-protests-in-mashhad-iran-1-150x150.jpg",150,150,true],"medium":["https:\/\/arantv.az\/wp-content\/uploads\/2019\/01\/economic-protests-in-mashhad-iran-1-300x200.jpg",300,200,true],"large":["https:\/\/arantv.az\/wp-content\/uploads\/2019\/01\/economic-protests-in-mashhad-iran-1.jpg",640,426,false],"1536x1536":["https:\/\/arantv.az\/wp-content\/uploads\/2019\/01\/economic-protests-in-mashhad-iran-1.jpg",1000,666,false],"2048x2048":["https:\/\/arantv.az\/wp-content\/uploads\/2019\/01\/economic-protests-in-mashhad-iran-1.jpg",1000,666,false],"post-thumbnail":["https:\/\/arantv.az\/wp-content\/uploads\/2019\/01\/economic-protests-in-mashhad-iran-1-240x172.jpg",240,172,true],"advps-thumb-one":["https:\/\/arantv.az\/wp-content\/uploads\/2019\/01\/economic-protests-in-mashhad-iran-1-1000x620.jpg",1000,620,true]},"rttpg_author":{"display_name":"V\u00fcsal Rafiqo\u011flu","author_link":"https:\/\/arantv.az\/?author=2"},"rttpg_comment":0,"rttpg_category":"<a href=\"https:\/\/arantv.az\/?cat=7\" rel=\"category\">D\u00fcnya<\/a>","rttpg_excerpt":"\u0130randa ba\u015f vermi\u015f v\u0259 onlarla t\u0259l\u0259b\u0259nin h\u0259lak olmas\u0131 il\u0259 n\u0259tic\u0259l\u0259nmi\u015f d\u0259h\u015f\u0259tli avtobus q\u0259zas\u0131 g\u00fccl\u00fc t\u0259l\u0259b\u0259 etirazlar\u0131n\u0131n ba\u015flanmas\u0131na s\u0259b\u0259b olub. ARANTV.AZ\u00a0 virtualaz.org-a istinad\u0259n\u00a0x\u0259b\u0259r verir ki, Azad Universitetinin minl\u0259rl\u0259 t\u0259l\u0259b\u0259si bir ne\u00e7\u0259 g\u00fcnd\u00fcr ki, k\u00fc\u00e7\u0259l\u0259r\u0259 \u00e7\u0131xaraq 20-d\u0259n art\u0131q t\u0259l\u0259b\u0259 yolda\u015flar\u0131n\u0131n h\u0259lak olmas\u0131na g\u00f6r\u0259 universitet r\u0259hb\u0259rliyinin istefas\u0131n\u0131 t\u0259l\u0259b edirl\u0259r. T\u0259l\u0259b\u0259l\u0259rin etirazlar\u0131 dekabr\u0131n 30-da v\u0259 31-d\u0259 d\u0259 davam edib.&hellip;","_links":{"self":[{"href":"https:\/\/arantv.az\/index.php?rest_route=\/wp\/v2\/posts\/30177"}],"collection":[{"href":"https:\/\/arantv.az\/index.php?rest_route=\/wp\/v2\/posts"}],"about":[{"href":"https:\/\/arantv.az\/index.php?rest_route=\/wp\/v2\/types\/post"}],"author":[{"embeddable":true,"href":"https:\/\/arantv.az\/index.php?rest_route=\/wp\/v2\/users\/2"}],"replies":[{"embeddable":true,"href":"https:\/\/arantv.az\/index.php?rest_route=%2Fwp%2Fv2%2Fcomments&post=30177"}],"version-history":[{"count":0,"href":"https:\/\/arantv.az\/index.php?rest_route=\/wp\/v2\/posts\/30177\/revisions"}],"wp:featuredmedia":[{"embeddable":true,"href":"https:\/\/arantv.az\/index.php?rest_route=\/wp\/v2\/media\/30178"}],"wp:attachment":[{"href":"https:\/\/arantv.az\/index.php?rest_route=%2Fwp%2Fv2%2Fmedia&parent=30177"}],"wp:term":[{"taxonomy":"category","embeddable":true,"href":"https:\/\/arantv.az\/index.php?rest_route=%2Fwp%2Fv2%2Fcategories&post=30177"},{"taxonomy":"post_tag","embeddable":true,"href":"https:\/\/arantv.az\/index.php?rest_route=%2Fwp%2Fv2%2Ftags&post=30177"}],"curies":[{"name":"wp","href":"https:\/\/api.w.org\/{rel}","templated":true}]}}