{"id":301967,"date":"2021-02-26T09:31:58","date_gmt":"2021-02-26T06:31:58","guid":{"rendered":"http:\/\/arantv.az\/?p=301967"},"modified":"2021-02-26T09:31:58","modified_gmt":"2021-02-26T06:31:58","slug":"vilay%c9%99t-eyvazov-daha-bir-idar%c9%99y%c9%99-r%c9%99is-t%c9%99yin-etdi-foto","status":"publish","type":"post","link":"https:\/\/arantv.az\/?p=301967","title":{"rendered":"Vilay\u0259t Eyvazov daha bir idar\u0259y\u0259 r\u0259is t\u0259yin etdi &#8211; FOTO"},"content":{"rendered":"<p>Daxili \u0130\u015fl\u0259r orqanlar\u0131nda yeni t\u0259yinat olub.<\/p>\n<p><strong>ARANTV.AZ<\/strong> Unikal.org-a istinad\u0259n\u00a0<a title=\"xeberler son xeberler 2021\" href=\"https:\/\/big.az\/\" target=\"_blank\" rel=\"noopener\">x\u0259b\u0259r<\/a>\u00a0verir ki, bununla ba\u011fl\u0131 Daxili \u0130\u015fl\u0259r naziri, general-polkovnik Vilay\u0259t Eyvazov \u0259mr imzalay\u0131b.<\/p>\n<p>\u018fmr\u0259 \u0259sas\u0259n, polis mayoru Elnur H\u0259s\u0259nov G\u0259nc\u0259 \u015e\u0259h\u0259r Ba\u015f Polis \u0130dar\u0259sinin K\u0259p\u0259z Rayon Polis \u0130dar\u0259sin\u0259\u00a0<a title=\"xidmetler\" href=\"https:\/\/xidmetler.az\/\" target=\"_blank\" rel=\"noopener\">xidm\u0259t<\/a>\u00a0\u00fczr\u0259 r\u0259is m\u00fcavini t\u0259yin olunub.<\/p>\n<p>Qeyd ed\u0259k ki, o, daha \u00f6nc\u0259 Naftalan Rayon Polis \u015e\u00f6b\u0259sind\u0259 r\u0259isin \u015f\u0259xsi hey\u0259tl\u0259 i\u015f \u00fczr\u0259 k\u00f6m\u0259k\u00e7isi v\u0259zif\u0259sind\u0259 \u00e7al\u0131\u015f\u0131b.<\/p>\n<p><img class=\"imgbcode\" src=\"https:\/\/upload.az\/foto\/arxiv\/FotoJet_81614320034.jpg\" alt=\"Vilay\u0259t Eyvazov daha bir idar\u0259y\u0259 r\u0259is t\u0259yin etdi - FOTO\" \/><\/p>\n","protected":false},"excerpt":{"rendered":"<p>Daxili \u0130\u015fl\u0259r orqanlar\u0131nda yeni t\u0259yinat olub. ARANTV.AZ Unikal.org-a istinad\u0259n\u00a0x\u0259b\u0259r\u00a0verir ki, bununla ba\u011fl\u0131 Daxili \u0130\u015fl\u0259r naziri, general-polkovnik Vilay\u0259t Eyvazov \u0259mr imzalay\u0131b. \u018fmr\u0259 \u0259sas\u0259n, polis mayoru Elnur H\u0259s\u0259nov G\u0259nc\u0259 \u015e\u0259h\u0259r Ba\u015f Polis \u0130dar\u0259sinin K\u0259p\u0259z Rayon Polis \u0130dar\u0259sin\u0259\u00a0xidm\u0259t\u00a0\u00fczr\u0259 r\u0259is m\u00fcavini t\u0259yin olunub. Qeyd ed\u0259k ki, o, daha \u00f6nc\u0259 Naftalan Rayon Polis \u015e\u00f6b\u0259sind\u0259 r\u0259isin \u015f\u0259xsi hey\u0259tl\u0259 i\u015f \u00fczr\u0259 k\u00f6m\u0259k\u00e7isi v\u0259zif\u0259sind\u0259 \u00e7al\u0131\u015f\u0131b.<\/p>\n","protected":false},"author":2,"featured_media":301968,"comment_status":"closed","ping_status":"closed","sticky":false,"template":"","format":"standard","meta":{"om_disable_all_campaigns":false,"_monsterinsights_skip_tracking":false,"_monsterinsights_sitenote_active":false,"_monsterinsights_sitenote_note":"","_monsterinsights_sitenote_category":0},"categories":[26],"tags":[],"aioseo_notices":[],"gutentor_comment":0,"rttpg_featured_image_url":{"full":["https:\/\/arantv.az\/wp-content\/uploads\/2021\/02\/vilayet_91613998762_81614083660_71614320110.jpg",620,440,false],"landscape":["https:\/\/arantv.az\/wp-content\/uploads\/2021\/02\/vilayet_91613998762_81614083660_71614320110.jpg",620,440,false],"portraits":["https:\/\/arantv.az\/wp-content\/uploads\/2021\/02\/vilayet_91613998762_81614083660_71614320110.jpg",620,440,false],"thumbnail":["https:\/\/arantv.az\/wp-content\/uploads\/2021\/02\/vilayet_91613998762_81614083660_71614320110-150x150.jpg",150,150,true],"medium":["https:\/\/arantv.az\/wp-content\/uploads\/2021\/02\/vilayet_91613998762_81614083660_71614320110-300x213.jpg",300,213,true],"large":["https:\/\/arantv.az\/wp-content\/uploads\/2021\/02\/vilayet_91613998762_81614083660_71614320110.jpg",620,440,false],"1536x1536":["https:\/\/arantv.az\/wp-content\/uploads\/2021\/02\/vilayet_91613998762_81614083660_71614320110.jpg",620,440,false],"2048x2048":["https:\/\/arantv.az\/wp-content\/uploads\/2021\/02\/vilayet_91613998762_81614083660_71614320110.jpg",620,440,false],"post-thumbnail":["https:\/\/arantv.az\/wp-content\/uploads\/2021\/02\/vilayet_91613998762_81614083660_71614320110-240x172.jpg",240,172,true],"advps-thumb-one":["https:\/\/arantv.az\/wp-content\/uploads\/2021\/02\/vilayet_91613998762_81614083660_71614320110.jpg",620,440,false]},"rttpg_author":{"display_name":"V\u00fcsal Rafiqo\u011flu","author_link":"https:\/\/arantv.az\/?author=2"},"rttpg_comment":0,"rttpg_category":"<a href=\"https:\/\/arantv.az\/?cat=26\" rel=\"category\">Sosial<\/a>","rttpg_excerpt":"Daxili \u0130\u015fl\u0259r orqanlar\u0131nda yeni t\u0259yinat olub. ARANTV.AZ Unikal.org-a istinad\u0259n\u00a0x\u0259b\u0259r\u00a0verir ki, bununla ba\u011fl\u0131 Daxili \u0130\u015fl\u0259r naziri, general-polkovnik Vilay\u0259t Eyvazov \u0259mr imzalay\u0131b. \u018fmr\u0259 \u0259sas\u0259n, polis mayoru Elnur H\u0259s\u0259nov G\u0259nc\u0259 \u015e\u0259h\u0259r Ba\u015f Polis \u0130dar\u0259sinin K\u0259p\u0259z Rayon Polis \u0130dar\u0259sin\u0259\u00a0xidm\u0259t\u00a0\u00fczr\u0259 r\u0259is m\u00fcavini t\u0259yin olunub. Qeyd ed\u0259k ki, o, daha \u00f6nc\u0259 Naftalan Rayon Polis \u015e\u00f6b\u0259sind\u0259 r\u0259isin \u015f\u0259xsi hey\u0259tl\u0259 i\u015f \u00fczr\u0259 k\u00f6m\u0259k\u00e7isi&hellip;","_links":{"self":[{"href":"https:\/\/arantv.az\/index.php?rest_route=\/wp\/v2\/posts\/301967"}],"collection":[{"href":"https:\/\/arantv.az\/index.php?rest_route=\/wp\/v2\/posts"}],"about":[{"href":"https:\/\/arantv.az\/index.php?rest_route=\/wp\/v2\/types\/post"}],"author":[{"embeddable":true,"href":"https:\/\/arantv.az\/index.php?rest_route=\/wp\/v2\/users\/2"}],"replies":[{"embeddable":true,"href":"https:\/\/arantv.az\/index.php?rest_route=%2Fwp%2Fv2%2Fcomments&post=301967"}],"version-history":[{"count":0,"href":"https:\/\/arantv.az\/index.php?rest_route=\/wp\/v2\/posts\/301967\/revisions"}],"wp:featuredmedia":[{"embeddable":true,"href":"https:\/\/arantv.az\/index.php?rest_route=\/wp\/v2\/media\/301968"}],"wp:attachment":[{"href":"https:\/\/arantv.az\/index.php?rest_route=%2Fwp%2Fv2%2Fmedia&parent=301967"}],"wp:term":[{"taxonomy":"category","embeddable":true,"href":"https:\/\/arantv.az\/index.php?rest_route=%2Fwp%2Fv2%2Fcategories&post=301967"},{"taxonomy":"post_tag","embeddable":true,"href":"https:\/\/arantv.az\/index.php?rest_route=%2Fwp%2Fv2%2Ftags&post=301967"}],"curies":[{"name":"wp","href":"https:\/\/api.w.org\/{rel}","templated":true}]}}