{"id":302071,"date":"2021-02-26T10:17:45","date_gmt":"2021-02-26T07:17:45","guid":{"rendered":"http:\/\/arantv.az\/?p=302071"},"modified":"2021-02-26T10:17:45","modified_gmt":"2021-02-26T07:17:45","slug":"prezident-xanimi-il%c9%99-ana-harayi-abid%c9%99sini-ziyar%c9%99t-etdi-video","status":"publish","type":"post","link":"https:\/\/arantv.az\/?p=302071","title":{"rendered":"Prezident xan\u0131m\u0131 il\u0259 \u201cAna haray\u0131\u201d abid\u0259sini ziyar\u0259t etdi &#8211; Video"},"content":{"rendered":"<p><strong>Prezident \u0130lham \u018fliyev v\u0259 Birinci xan\u0131m Mehriban \u018fliyeva Bak\u0131da Xocal\u0131 soyq\u0131r\u0131m\u0131 qurbanlar\u0131n\u0131n xatir\u0259sin\u0259 ucald\u0131lm\u0131\u015f \u201cAna haray\u0131\u201d abid\u0259sini ziyar\u0259t edib.<\/strong><\/p>\n<div id=\"xeber_yazi\">\n<p><strong>ARANTV.AZ\u00a0<\/strong> x\u0259b\u0259r verir ki, d\u00f6vl\u0259t ba\u015f\u00e7\u0131s\u0131 abid\u0259nin \u00f6n\u00fcn\u0259 \u0259klil qoyub, soyq\u0131r\u0131m\u0131 qurbanlar\u0131n\u0131n xatir\u0259sini ehtiramla yad edib.<\/p>\n<p><iframe loading=\"lazy\" src=\"https:\/\/ok.ru\/videoembed\/2377142504148\" width=\"780\" height=\"450\" data-mce-fragment=\"1\"><\/iframe><\/div>\n<div class=\"postDetails row-margin-top10\">\n<div class=\"col-md-3\">\n<div class=\"col-md-4\"><\/div>\n<\/div>\n<\/div>\n","protected":false},"excerpt":{"rendered":"<p>Prezident \u0130lham \u018fliyev v\u0259 Birinci xan\u0131m Mehriban \u018fliyeva Bak\u0131da Xocal\u0131 soyq\u0131r\u0131m\u0131 qurbanlar\u0131n\u0131n xatir\u0259sin\u0259 ucald\u0131lm\u0131\u015f \u201cAna haray\u0131\u201d abid\u0259sini ziyar\u0259t edib. ARANTV.AZ\u00a0 x\u0259b\u0259r verir ki, d\u00f6vl\u0259t ba\u015f\u00e7\u0131s\u0131 abid\u0259nin \u00f6n\u00fcn\u0259 \u0259klil qoyub, soyq\u0131r\u0131m\u0131 qurbanlar\u0131n\u0131n xatir\u0259sini ehtiramla yad edib.<\/p>\n","protected":false},"author":2,"featured_media":302072,"comment_status":"closed","ping_status":"closed","sticky":false,"template":"","format":"standard","meta":{"om_disable_all_campaigns":false,"_monsterinsights_skip_tracking":false,"_monsterinsights_sitenote_active":false,"_monsterinsights_sitenote_note":"","_monsterinsights_sitenote_category":0},"categories":[8],"tags":[],"aioseo_notices":[],"gutentor_comment":0,"rttpg_featured_image_url":{"full":["https:\/\/arantv.az\/wp-content\/uploads\/2021\/02\/218263_6dohlsfq8e.jpg",1000,617,false],"landscape":["https:\/\/arantv.az\/wp-content\/uploads\/2021\/02\/218263_6dohlsfq8e.jpg",1000,617,false],"portraits":["https:\/\/arantv.az\/wp-content\/uploads\/2021\/02\/218263_6dohlsfq8e.jpg",1000,617,false],"thumbnail":["https:\/\/arantv.az\/wp-content\/uploads\/2021\/02\/218263_6dohlsfq8e-150x150.jpg",150,150,true],"medium":["https:\/\/arantv.az\/wp-content\/uploads\/2021\/02\/218263_6dohlsfq8e-300x185.jpg",300,185,true],"large":["https:\/\/arantv.az\/wp-content\/uploads\/2021\/02\/218263_6dohlsfq8e.jpg",640,395,false],"1536x1536":["https:\/\/arantv.az\/wp-content\/uploads\/2021\/02\/218263_6dohlsfq8e.jpg",1000,617,false],"2048x2048":["https:\/\/arantv.az\/wp-content\/uploads\/2021\/02\/218263_6dohlsfq8e.jpg",1000,617,false],"post-thumbnail":["https:\/\/arantv.az\/wp-content\/uploads\/2021\/02\/218263_6dohlsfq8e-240x172.jpg",240,172,true],"advps-thumb-one":["https:\/\/arantv.az\/wp-content\/uploads\/2021\/02\/218263_6dohlsfq8e.jpg",1000,617,false]},"rttpg_author":{"display_name":"V\u00fcsal Rafiqo\u011flu","author_link":"https:\/\/arantv.az\/?author=2"},"rttpg_comment":0,"rttpg_category":"<a href=\"https:\/\/arantv.az\/?cat=8\" rel=\"category\">\u018fsas s\u0259hif\u0259<\/a>","rttpg_excerpt":"Prezident \u0130lham \u018fliyev v\u0259 Birinci xan\u0131m Mehriban \u018fliyeva Bak\u0131da Xocal\u0131 soyq\u0131r\u0131m\u0131 qurbanlar\u0131n\u0131n xatir\u0259sin\u0259 ucald\u0131lm\u0131\u015f \u201cAna haray\u0131\u201d abid\u0259sini ziyar\u0259t edib. ARANTV.AZ\u00a0 x\u0259b\u0259r verir ki, d\u00f6vl\u0259t ba\u015f\u00e7\u0131s\u0131 abid\u0259nin \u00f6n\u00fcn\u0259 \u0259klil qoyub, soyq\u0131r\u0131m\u0131 qurbanlar\u0131n\u0131n xatir\u0259sini ehtiramla yad edib.","_links":{"self":[{"href":"https:\/\/arantv.az\/index.php?rest_route=\/wp\/v2\/posts\/302071"}],"collection":[{"href":"https:\/\/arantv.az\/index.php?rest_route=\/wp\/v2\/posts"}],"about":[{"href":"https:\/\/arantv.az\/index.php?rest_route=\/wp\/v2\/types\/post"}],"author":[{"embeddable":true,"href":"https:\/\/arantv.az\/index.php?rest_route=\/wp\/v2\/users\/2"}],"replies":[{"embeddable":true,"href":"https:\/\/arantv.az\/index.php?rest_route=%2Fwp%2Fv2%2Fcomments&post=302071"}],"version-history":[{"count":0,"href":"https:\/\/arantv.az\/index.php?rest_route=\/wp\/v2\/posts\/302071\/revisions"}],"wp:featuredmedia":[{"embeddable":true,"href":"https:\/\/arantv.az\/index.php?rest_route=\/wp\/v2\/media\/302072"}],"wp:attachment":[{"href":"https:\/\/arantv.az\/index.php?rest_route=%2Fwp%2Fv2%2Fmedia&parent=302071"}],"wp:term":[{"taxonomy":"category","embeddable":true,"href":"https:\/\/arantv.az\/index.php?rest_route=%2Fwp%2Fv2%2Fcategories&post=302071"},{"taxonomy":"post_tag","embeddable":true,"href":"https:\/\/arantv.az\/index.php?rest_route=%2Fwp%2Fv2%2Ftags&post=302071"}],"curies":[{"name":"wp","href":"https:\/\/api.w.org\/{rel}","templated":true}]}}