{"id":302076,"date":"2021-02-26T10:19:11","date_gmt":"2021-02-26T07:19:11","guid":{"rendered":"http:\/\/arantv.az\/?p=302076"},"modified":"2021-02-26T10:19:11","modified_gmt":"2021-02-26T07:19:11","slug":"dunya-bu-v%c9%99hsiliy%c9%99-sussa-da-haqq-yerini-tapdi-fotolar","status":"publish","type":"post","link":"https:\/\/arantv.az\/?p=302076","title":{"rendered":"&#8220;D\u00fcnya bu v\u0259h\u015filiy\u0259 sussa da, haqq yerini tapd\u0131&#8221; &#8211; Fotolar"},"content":{"rendered":"<p><strong>Erm\u0259nil\u0259rin Xocal\u0131 \u015f\u0259h\u0259rind\u0259 t\u00f6r\u0259tdiyi soyq\u0131r\u0131m\u0131ndan 29 il \u00f6t\u00fcr.<\/strong><\/p>\n<p><strong>ARANTV.AZ<\/strong>\u00a0 x\u0259b\u0259r verir ki, bunla ba\u011fl\u0131 sosial \u015f\u0259b\u0259k\u0259d\u0259 y\u00fczl\u0259rl\u0259 payla\u015f\u0131m edilib. Onlar aras\u0131nda s\u0259n\u0259t al\u0259minin tan\u0131nm\u0131\u015f simalar\u0131 da yer al\u0131blar. Onlar yay\u0131mlad\u0131qlar\u0131 fotolara Az\u0259rbaycan v\u0259 ingilis dilind\u0259 \u015f\u0259rhl\u0259r yaz\u0131blar.<\/p>\n<div id=\"xeber_yazi\">\n<p><strong>Xalq artisti R\u00f6ya Ayxan\u00a0<\/strong>&#8220;D\u00fcz 29 il \u0259vv\u0259l, bu tarixd\u0259- 25-26 fevral, 1992-ci ild\u0259 soyq\u0131r\u0131m v\u0259 insanl\u0131\u011fa qar\u015f\u0131 cinay\u0259t ya\u015fand\u0131. Xocal\u0131 faci\u0259si&#8230; O d\u0259h\u015f\u0259tli g\u00fcn\u00fcn buraxd\u0131\u011f\u0131 izl\u0259r bu g\u00fcn d\u0259 istidi, yenidir! Bu, d\u00fcnyada \u0259n qorxulu k\u00fctl\u0259vi terror aktlar\u0131ndan biridir. R\u0259smi r\u0259q\u0259ml\u0259r h\u0259r k\u0259s\u0259 b\u0259llidir. D\u0259h\u015f\u0259tli statistikad\u0131r, el\u0259 deyilmi? Onlar\u0131n v\u0259h\u015fic\u0259sin\u0259 \u00f6ld\u00fcr\u00fclm\u0259si g\u00f6rd\u00fcy\u00fcm\u00fcz video lentl\u0259rd\u0259n, fotolardan a\u00e7\u0131q-a\u015fkar g\u00f6r\u00fcn\u00fcr. B\u00fct\u00fcn bunlar Erm\u0259nistan\u0131n Cenevr\u0259 konvensiyas\u0131n\u0131n protokollar\u0131n\u0131 pozaraq, m\u00fcharib\u0259 qaydalar\u0131na zidd \u015f\u0259kild\u0259 dinc sakinl\u0259r\u0259 qar\u015f\u0131 h\u0259yata ke\u00e7iril\u0259n soyq\u0131r\u0131m\u0131 oldu\u011funu t\u0259sdiql\u0259yir. D\u00fcnyada insanl\u0131\u011fa qar\u015f\u0131 cinay\u0259tl\u0259r, humanitar f\u0259lak\u0259tl\u0259r, terror\u00e7uluq, ekstremizm, separat\u00e7\u0131l\u0131q dayans\u0131n, s\u00fclh daim olsun. \u00d6vladlar\u0131m\u0131z rahat, firavan bir d\u00fcnyada ya\u015fas\u0131n!&#8221; dey\u0259, payla\u015f\u0131m\u0131nda qeyd edib.<\/p>\n<p><strong>Aktyor F\u0259rda Xudaverdiyev<\/strong>\u00a0payla\u015f\u0131m\u0131nda &#8220;Unutma, unutdurma&#8230; \u018fmin\u0259m ki, n\u0259hay\u0259t ruhunuz \u015fadd\u0131r. D\u00fcnya bu haqs\u0131zl\u0131\u011fa, v\u0259h\u015filiy\u0259 sussa da, Az\u0259rbaycan xalq\u0131 susmad\u0131. Ali Ba\u015f Komandan\u0131n, yenilm\u0259z odurmuzun k\u00f6m\u0259kliyi il\u0259 haqq yerini tapd\u0131&#8221; s\u00f6zl\u0259rini \u0259lav\u0259 edib.<\/p>\n<p><strong>M\u00fc\u011f\u0259nni Elvin Abdullayev<\/strong>\u00a0&#8220;Allah h\u0259r birin\u0259 r\u0259hm\u0259t etsin. Sizl\u0259r he\u00e7 bir zaman unudulmayacaqs\u0131n\u0131z!&#8221; dey\u0259, yay\u0131mlad\u0131\u011f\u0131 fotoya yaz\u0131b.<\/p>\n<p><strong>Apar\u0131c\u0131 Lal\u0259 Az\u0259rta\u015f<\/strong>\u00a0is\u0259 &#8220;Xocal\u0131 faci\u0259si &#8211;\u00a026 fevral, 1992-ci il. U\u015faql\u0131, cavanl\u0131 v\u0259 qocal\u0131&#8230; He\u00e7 bir zaman unutmayaca\u011f\u0131q&#8221; s\u00f6zl\u0259ri il\u0259 bu g\u00fcn\u00fc xat\u0131rlay\u0131b.<\/p>\n<p>S\u00f6z\u00fcged\u0259n payla\u015f\u0131mlar\u0131 t\u0259qdim edirik:<\/p>\n<\/div>\n<div class=\"site-left-rub-bosluq_orta\"><\/div>\n<p><a href=\"https:\/\/axsam.az\/showpic_el100.jpg?yol=bM3hs0DVIfdihjpwxHwhLkS%2B90BKv%2FP4TLzBnRnOeAdkJnDkSV8%2B2eY2EDI%2FnMUfKnHZ1Jl%2FljMSp6n5%2FUWBtg%3D%3D\" target=\"_blank\" rel=\"noopener\"><img src=\"https:\/\/axsam.az\/showpic_el100.jpg?yol=bM3hs0DVIfdihjpwxHwhLkS%2B90BKv%2FP4TLzBnRnOeAdkJnDkSV8%2B2eY2EDI%2FnMUfKnHZ1Jl%2FljMSp6n5%2FUWBtg%3D%3D\" border=\"0\" \/><\/a><\/p>\n<div><\/div>\n<p><a href=\"https:\/\/axsam.az\/showpic_el100.jpg?yol=1XBlRj0mIo8Bx41DTFCCP14U%2FnPXLfuj5KMMVuPd%2BgkEapHkNefgt7KCM3o5zq0bxM007RQy3owphgeauAv%2BGg%3D%3D\" target=\"_blank\" rel=\"noopener\"><img src=\"https:\/\/axsam.az\/showpic_el100.jpg?yol=1XBlRj0mIo8Bx41DTFCCP14U%2FnPXLfuj5KMMVuPd%2BgkEapHkNefgt7KCM3o5zq0bxM007RQy3owphgeauAv%2BGg%3D%3D\" border=\"0\" \/><\/a><\/p>\n<div><\/div>\n<p><a href=\"https:\/\/axsam.az\/showpic_el100.jpg?yol=U4O9XaZge9J3otrhOJ3AeZjZZ9B6zhqF1fvhjXIW7YQ%2BULy11bNAQVMC3Ng8aLpSZJMMOeIgr9lJbvSHIzS5oQ%3D%3D\" target=\"_blank\" rel=\"noopener\"><img src=\"https:\/\/axsam.az\/showpic_el100.jpg?yol=U4O9XaZge9J3otrhOJ3AeZjZZ9B6zhqF1fvhjXIW7YQ%2BULy11bNAQVMC3Ng8aLpSZJMMOeIgr9lJbvSHIzS5oQ%3D%3D\" border=\"0\" \/><\/a><\/p>\n<div><\/div>\n<p><a href=\"https:\/\/axsam.az\/showpic_el100.jpg?yol=g2EceugDnEgjoplCqOO9NZKmQVB3lLOCQaDpCl61TBEqxu5DxAcNTCeXvlST8yHm%2F9Ys6z%2FPhvzK5SgM1tDaOA%3D%3D\" target=\"_blank\" rel=\"noopener\"><img src=\"https:\/\/axsam.az\/showpic_el100.jpg?yol=g2EceugDnEgjoplCqOO9NZKmQVB3lLOCQaDpCl61TBEqxu5DxAcNTCeXvlST8yHm%2F9Ys6z%2FPhvzK5SgM1tDaOA%3D%3D\" border=\"0\" \/><\/a><\/p>\n<div><\/div>\n<p><a href=\"https:\/\/axsam.az\/showpic_el100.jpg?yol=gj4zaTlJPeZHV0eU0qtBNbyz5rJoFB4mIV1b65ntzolH2izF3dAShtlDthO9wmmIu0s7gNW4JwkKh3OYZaOZFQ%3D%3D\" target=\"_blank\" rel=\"noopener\"><img src=\"https:\/\/axsam.az\/showpic_el100.jpg?yol=gj4zaTlJPeZHV0eU0qtBNbyz5rJoFB4mIV1b65ntzolH2izF3dAShtlDthO9wmmIu0s7gNW4JwkKh3OYZaOZFQ%3D%3D\" border=\"0\" \/><\/a><\/p>\n<div><\/div>\n<p><a href=\"https:\/\/axsam.az\/showpic_el100.jpg?yol=%2BT4ozpcb6YB3cxSvIajSdJJnA1NpVRdyQyq4pTT02LZ6RjcZLi%2BzfAuq4%2BzOO%2BRl4yROwUq4RbfaYDx0or%2BnTw%3D%3D\" target=\"_blank\" rel=\"noopener\"><img src=\"https:\/\/axsam.az\/showpic_el100.jpg?yol=%2BT4ozpcb6YB3cxSvIajSdJJnA1NpVRdyQyq4pTT02LZ6RjcZLi%2BzfAuq4%2BzOO%2BRl4yROwUq4RbfaYDx0or%2BnTw%3D%3D\" border=\"0\" \/><\/a><\/p>\n<div><\/div>\n<p><a href=\"https:\/\/axsam.az\/showpic_el100.jpg?yol=SJH1vua7h2hiyOenrMK%2FUI47bl%2Bfw%2FgePkpohqck6vrCiZGwpnFMTPk3SNRWNOS4i6OJRjWsm%2FQtsl6zcm6Mfg%3D%3D\" target=\"_blank\" rel=\"noopener\"><img src=\"https:\/\/axsam.az\/showpic_el100.jpg?yol=SJH1vua7h2hiyOenrMK%2FUI47bl%2Bfw%2FgePkpohqck6vrCiZGwpnFMTPk3SNRWNOS4i6OJRjWsm%2FQtsl6zcm6Mfg%3D%3D\" border=\"0\" \/><\/a><\/p>\n<div><\/div>\n<p><a href=\"https:\/\/axsam.az\/showpic_el100.jpg?yol=QQmuzY2RDLqNFazBivnZAwkjXoeOlLbD5%2FM1Pv79V%2B2iXXDju9egV5eS7kmiMyc6Q9MIQmua5IVjiStIX2qwPQ%3D%3D\" target=\"_blank\" rel=\"noopener\"><img src=\"https:\/\/axsam.az\/showpic_el100.jpg?yol=QQmuzY2RDLqNFazBivnZAwkjXoeOlLbD5%2FM1Pv79V%2B2iXXDju9egV5eS7kmiMyc6Q9MIQmua5IVjiStIX2qwPQ%3D%3D\" border=\"0\" \/><\/a><\/p>\n<div><\/div>\n<p><a href=\"https:\/\/axsam.az\/showpic_el100.jpg?yol=GmPrVMUYqitWxwrHPITHou62o5sPyW4JZz8PbvUYAeka8Hka%2FHcSqFdopNkSabGUeXgvkyDdfhKKOM%2FbC%2BgI3A%3D%3D\" target=\"_blank\" rel=\"noopener\"><img src=\"https:\/\/axsam.az\/showpic_el100.jpg?yol=GmPrVMUYqitWxwrHPITHou62o5sPyW4JZz8PbvUYAeka8Hka%2FHcSqFdopNkSabGUeXgvkyDdfhKKOM%2FbC%2BgI3A%3D%3D\" border=\"0\" \/><\/a><\/p>\n<div><\/div>\n<p><a href=\"https:\/\/axsam.az\/showpic_el100.jpg?yol=i4pqItxBsYlRxbckZI3I0%2Fmce%2BDieQ0UxjzyLq0yv5cBuc8T%2FjkRhY%2BOh1p1DRRokDvswdzyUTFs7LiTDKzFiw%3D%3D\" target=\"_blank\" rel=\"noopener\"><img src=\"https:\/\/axsam.az\/showpic_el100.jpg?yol=i4pqItxBsYlRxbckZI3I0%2Fmce%2BDieQ0UxjzyLq0yv5cBuc8T%2FjkRhY%2BOh1p1DRRokDvswdzyUTFs7LiTDKzFiw%3D%3D\" border=\"0\" \/><\/a><\/p>\n<div><\/div>\n<p><a href=\"https:\/\/axsam.az\/showpic_el100.jpg?yol=ZE0KO%2BXKij6VACRJLi6mjl6sCiwCU6lJ9Pl1dwMfCuHrFJUTRc8ER8EoT7RUWnCzD834fsgJWyFqwfJW58UNUQ%3D%3D\" target=\"_blank\" rel=\"noopener\"><img src=\"https:\/\/axsam.az\/showpic_el100.jpg?yol=ZE0KO%2BXKij6VACRJLi6mjl6sCiwCU6lJ9Pl1dwMfCuHrFJUTRc8ER8EoT7RUWnCzD834fsgJWyFqwfJW58UNUQ%3D%3D\" border=\"0\" \/><\/a><\/p>\n<div><\/div>\n<p><a href=\"https:\/\/axsam.az\/showpic_el100.jpg?yol=HVorXgPyfj4b2iy0wQxHj3ogIvqMxkrblZECloGAfJ4uTKoscCrr2y3RK40wqUBG1gm2%2FojImSA%2FeqUDssTEIg%3D%3D\" target=\"_blank\" rel=\"noopener\"><img src=\"https:\/\/axsam.az\/showpic_el100.jpg?yol=HVorXgPyfj4b2iy0wQxHj3ogIvqMxkrblZECloGAfJ4uTKoscCrr2y3RK40wqUBG1gm2%2FojImSA%2FeqUDssTEIg%3D%3D\" border=\"0\" \/><\/a><\/p>\n<div id=\"AdviadNativeVideo0\" class=\"AdviadNativeVideo\">\n<div class=\"adviad-inboard\">\n<div>\n<div class=\"adviad-ui-components-label\"><\/div>\n<\/div>\n<\/div>\n<\/div>\n","protected":false},"excerpt":{"rendered":"<p>Erm\u0259nil\u0259rin Xocal\u0131 \u015f\u0259h\u0259rind\u0259 t\u00f6r\u0259tdiyi soyq\u0131r\u0131m\u0131ndan 29 il \u00f6t\u00fcr. ARANTV.AZ\u00a0 x\u0259b\u0259r verir ki, bunla ba\u011fl\u0131 sosial \u015f\u0259b\u0259k\u0259d\u0259 y\u00fczl\u0259rl\u0259 payla\u015f\u0131m edilib. Onlar aras\u0131nda s\u0259n\u0259t al\u0259minin tan\u0131nm\u0131\u015f simalar\u0131 da yer al\u0131blar. Onlar yay\u0131mlad\u0131qlar\u0131 fotolara Az\u0259rbaycan v\u0259 ingilis dilind\u0259 \u015f\u0259rhl\u0259r yaz\u0131blar. Xalq artisti R\u00f6ya Ayxan\u00a0&#8220;D\u00fcz 29 il \u0259vv\u0259l, bu tarixd\u0259- 25-26 fevral, 1992-ci ild\u0259 soyq\u0131r\u0131m v\u0259 insanl\u0131\u011fa qar\u015f\u0131 cinay\u0259t ya\u015fand\u0131. Xocal\u0131 faci\u0259si&#8230; O d\u0259h\u015f\u0259tli g\u00fcn\u00fcn buraxd\u0131\u011f\u0131 izl\u0259r bu g\u00fcn d\u0259 istidi, yenidir! Bu, d\u00fcnyada \u0259n qorxulu k\u00fctl\u0259vi terror aktlar\u0131ndan biridir. R\u0259smi r\u0259q\u0259ml\u0259r h\u0259r k\u0259s\u0259 b\u0259llidir. D\u0259h\u015f\u0259tli statistikad\u0131r, el\u0259 deyilmi? Onlar\u0131n v\u0259h\u015fic\u0259sin\u0259 \u00f6ld\u00fcr\u00fclm\u0259si g\u00f6rd\u00fcy\u00fcm\u00fcz video&hellip;<\/p>\n","protected":false},"author":2,"featured_media":302077,"comment_status":"closed","ping_status":"closed","sticky":false,"template":"","format":"standard","meta":{"om_disable_all_campaigns":false,"_monsterinsights_skip_tracking":false,"_monsterinsights_sitenote_active":false,"_monsterinsights_sitenote_note":"","_monsterinsights_sitenote_category":0},"categories":[20],"tags":[],"aioseo_notices":[],"gutentor_comment":0,"rttpg_featured_image_url":{"full":["https:\/\/arantv.az\/wp-content\/uploads\/2021\/02\/218260_jly8w5jyhn.jpg",1000,617,false],"landscape":["https:\/\/arantv.az\/wp-content\/uploads\/2021\/02\/218260_jly8w5jyhn.jpg",1000,617,false],"portraits":["https:\/\/arantv.az\/wp-content\/uploads\/2021\/02\/218260_jly8w5jyhn.jpg",1000,617,false],"thumbnail":["https:\/\/arantv.az\/wp-content\/uploads\/2021\/02\/218260_jly8w5jyhn-150x150.jpg",150,150,true],"medium":["https:\/\/arantv.az\/wp-content\/uploads\/2021\/02\/218260_jly8w5jyhn-300x185.jpg",300,185,true],"large":["https:\/\/arantv.az\/wp-content\/uploads\/2021\/02\/218260_jly8w5jyhn.jpg",640,395,false],"1536x1536":["https:\/\/arantv.az\/wp-content\/uploads\/2021\/02\/218260_jly8w5jyhn.jpg",1000,617,false],"2048x2048":["https:\/\/arantv.az\/wp-content\/uploads\/2021\/02\/218260_jly8w5jyhn.jpg",1000,617,false],"post-thumbnail":["https:\/\/arantv.az\/wp-content\/uploads\/2021\/02\/218260_jly8w5jyhn-240x172.jpg",240,172,true],"advps-thumb-one":["https:\/\/arantv.az\/wp-content\/uploads\/2021\/02\/218260_jly8w5jyhn.jpg",1000,617,false]},"rttpg_author":{"display_name":"V\u00fcsal Rafiqo\u011flu","author_link":"https:\/\/arantv.az\/?author=2"},"rttpg_comment":0,"rttpg_category":"<a href=\"https:\/\/arantv.az\/?cat=20\" rel=\"category\">\u015eou biznes<\/a>","rttpg_excerpt":"Erm\u0259nil\u0259rin Xocal\u0131 \u015f\u0259h\u0259rind\u0259 t\u00f6r\u0259tdiyi soyq\u0131r\u0131m\u0131ndan 29 il \u00f6t\u00fcr. ARANTV.AZ\u00a0 x\u0259b\u0259r verir ki, bunla ba\u011fl\u0131 sosial \u015f\u0259b\u0259k\u0259d\u0259 y\u00fczl\u0259rl\u0259 payla\u015f\u0131m edilib. Onlar aras\u0131nda s\u0259n\u0259t al\u0259minin tan\u0131nm\u0131\u015f simalar\u0131 da yer al\u0131blar. Onlar yay\u0131mlad\u0131qlar\u0131 fotolara Az\u0259rbaycan v\u0259 ingilis dilind\u0259 \u015f\u0259rhl\u0259r yaz\u0131blar. Xalq artisti R\u00f6ya Ayxan\u00a0&#8220;D\u00fcz 29 il \u0259vv\u0259l, bu tarixd\u0259- 25-26 fevral, 1992-ci ild\u0259 soyq\u0131r\u0131m v\u0259 insanl\u0131\u011fa qar\u015f\u0131 cinay\u0259t&hellip;","_links":{"self":[{"href":"https:\/\/arantv.az\/index.php?rest_route=\/wp\/v2\/posts\/302076"}],"collection":[{"href":"https:\/\/arantv.az\/index.php?rest_route=\/wp\/v2\/posts"}],"about":[{"href":"https:\/\/arantv.az\/index.php?rest_route=\/wp\/v2\/types\/post"}],"author":[{"embeddable":true,"href":"https:\/\/arantv.az\/index.php?rest_route=\/wp\/v2\/users\/2"}],"replies":[{"embeddable":true,"href":"https:\/\/arantv.az\/index.php?rest_route=%2Fwp%2Fv2%2Fcomments&post=302076"}],"version-history":[{"count":0,"href":"https:\/\/arantv.az\/index.php?rest_route=\/wp\/v2\/posts\/302076\/revisions"}],"wp:featuredmedia":[{"embeddable":true,"href":"https:\/\/arantv.az\/index.php?rest_route=\/wp\/v2\/media\/302077"}],"wp:attachment":[{"href":"https:\/\/arantv.az\/index.php?rest_route=%2Fwp%2Fv2%2Fmedia&parent=302076"}],"wp:term":[{"taxonomy":"category","embeddable":true,"href":"https:\/\/arantv.az\/index.php?rest_route=%2Fwp%2Fv2%2Fcategories&post=302076"},{"taxonomy":"post_tag","embeddable":true,"href":"https:\/\/arantv.az\/index.php?rest_route=%2Fwp%2Fv2%2Ftags&post=302076"}],"curies":[{"name":"wp","href":"https:\/\/api.w.org\/{rel}","templated":true}]}}