{"id":302084,"date":"2021-02-26T10:21:13","date_gmt":"2021-02-26T07:21:13","guid":{"rendered":"http:\/\/arantv.az\/?p=302084"},"modified":"2021-02-26T10:21:13","modified_gmt":"2021-02-26T07:21:13","slug":"ordumuz-xocali-soyqiriminin-da-qisasini-alib","status":"publish","type":"post","link":"https:\/\/arantv.az\/?p=302084","title":{"rendered":"Ordumuz Xocal\u0131 soyq\u0131r\u0131m\u0131n\u0131n da qisas\u0131n\u0131 al\u0131b"},"content":{"rendered":"<p><strong><em>S\u0259daq\u0259t V\u0259liyeva: Az\u0259rbaycan Ordusu Prezident \u0130lham \u018fliyevin Ali Ba\u015f Komandanl\u0131\u011f\u0131 il\u0259 Xocal\u0131 soyq\u0131r\u0131m\u0131n\u0131n da qisas\u0131n\u0131 al\u0131b<\/em><\/strong><\/p>\n<p><em>\u201cAz\u0259rbaycan torpaqlar\u0131 hesab\u0131na \u00f6z d\u00f6vl\u0259tl\u0259rini yaratmaq v\u0259 \u201cb\u00f6y\u00fck Erm\u0259nistan\u201d ideyas\u0131n\u0131 ger\u00e7\u0259kl\u0259\u015fdirm\u0259k ist\u0259y\u0259n erm\u0259nil\u0259r 1905-1907, 1918-1920, 1948-1953-c\u00fc ill\u0259rd\u0259 az\u0259rbaycanl\u0131lara qar\u015f\u0131 terror, k\u00fctl\u0259vi q\u0131r\u011f\u0131n, deportasiya v\u0259 etnik t\u0259mizl\u0259m\u0259 h\u0259yata ke\u00e7iribl\u0259r. 1992-ci il fevral\u0131n 26-da t\u00f6r\u0259dil\u0259n Xocal\u0131 soyq\u0131r\u0131m\u0131 da \u00f6t\u0259n \u0259sr boyu az\u0259rbaycanl\u0131lara qar\u015f\u0131 t\u00f6r\u0259dilmi\u015f soyq\u0131r\u0131m\u0131 siyas\u0259tinin davam\u0131, erm\u0259ni q\u0259ddarl\u0131\u011f\u0131n\u0131n daha bir t\u0259zah\u00fcr\u00fcd\u00fcr. Dinc \u0259haliy\u0259 qar\u015f\u0131 h\u0259yata ke\u00e7iril\u0259n bu soyq\u0131r\u0131m\u0131 t\u0259kc\u0259 Az\u0259rbaycan xalq\u0131na deyil, b\u00fct\u00fcn insanl\u0131\u011fa qar\u015f\u0131 y\u00f6n\u0259lmi\u015f \u0259n a\u011f\u0131r cinay\u0259tdir\u201d.<\/em><\/p>\n<p><strong>Bunu &#8220;\u0130ki sahil&#8221;\u0259 a\u00e7\u0131qlamas\u0131nda Yeni Az\u0259rbaycan Partiyas\u0131 Nizami rayon t\u0259\u015fkilat\u0131n\u0131n s\u0259dri, Milli M\u0259clisin deputat\u0131 S\u0259daq\u0259t V\u0259liyeva deyib.<\/strong><\/p>\n<p>S\u0259daq\u0259t V\u0259liyeva bildirib ki, Xocal\u0131 soyq\u0131r\u0131m\u0131na ilk qiym\u0259ti \u00fcmummilli liderimiz Heyd\u0259r \u018fliyev verib:\u00a0<em>\u201cH\u0259l\u0259 Nax\u00e7\u0131van Muxtar Respublikas\u0131 Ali M\u0259clisinin S\u0259dri i\u015fl\u0259diyi d\u00f6vrd\u0259 x\u00fcsusi b\u0259yanatla Xocal\u0131 soyq\u0131r\u0131m\u0131n\u0131 t\u00f6r\u0259d\u0259nl\u0259ri ittiham edib. \u00dcmummilli Liderimizin 1993-c\u00fc ild\u0259 Az\u0259rbaycanda yenid\u0259n siyasi hakimiyy\u0259t\u0259 qay\u0131d\u0131\u015f\u0131ndan sonra is\u0259 Xocal\u0131 soyq\u0131r\u0131m\u0131na d\u00f6vl\u0259t s\u0259viyy\u0259sind\u0259 h\u00fcquqi-siyasi qiym\u0259t verilib. 1994-c\u00fc il fevral\u0131n 24-d\u0259 Az\u0259rbaycan Respublikas\u0131 Milli M\u0259clisinin q\u0259rar\u0131 il\u0259 h\u0259r il fevral\u0131n 26-s\u0131 \u00f6lk\u0259mizd\u0259 \u201cXocal\u0131 Soyq\u0131r\u0131m\u0131 G\u00fcn\u00fc\u201d elan olunub\u201d.<\/em><\/p>\n<p>S\u0259daq\u0259t V\u0259liyeva diqq\u0259t\u0259 \u00e7atd\u0131r\u0131b ki, bu g\u00fcn\u0259 q\u0259d\u0259r Prezident \u0130lham \u018fliyevin r\u0259hb\u0259rliyi il\u0259 Az\u0259rbaycan\u0131n haqq s\u0259sinin d\u00fcnya ictimaiyy\u0259tin\u0259 \u00e7atd\u0131r\u0131lmas\u0131, Xocal\u0131 soyq\u0131r\u0131m\u0131n\u0131n tan\u0131nmas\u0131 istiqam\u0259tind\u0259 ard\u0131c\u0131l i\u015f apar\u0131l\u0131b:\u00a0<em>\u201cAz\u0259rbaycan\u0131n Birinci vitse-prezidenti Mehriban xan\u0131m \u018fliyevan\u0131n r\u0259hb\u0259rliyi il\u0259 Heyd\u0259r \u018fliyev Fondu Xocal\u0131 soyq\u0131r\u0131m\u0131n\u0131n tan\u0131d\u0131lmas\u0131 istiqam\u0259tind\u0259 m\u00fcxt\u0259lif beyn\u0259lxalq t\u0259dbirl\u0259r, s\u0259rgil\u0259r ke\u00e7irib. Eyni zamanda, Leyla xan\u0131m \u018fliyevan\u0131n t\u0259\u015f\u0259bb\u00fcs\u00fc il\u0259 \u201cXocal\u0131ya \u0259dal\u0259t!\u201d kampaniyas\u0131 \u00e7\u0259r\u00e7iv\u0259sind\u0259 Xocal\u0131 h\u0259qiq\u0259tl\u0259rinin tan\u0131d\u0131lmas\u0131 istiqam\u0259tind\u0259 apar\u0131lan i\u015fl\u0259rin n\u0259tic\u0259sidir ki, bu g\u00fcn Xocal\u0131 haray\u0131 d\u00fcnyan\u0131n h\u0259r yerind\u0259n e\u015fidilir. T\u0259sad\u00fcfi deyildir ki, bu g\u00fcn d\u00fcnyan\u0131n 15-d\u0259n \u00e7ox \u00f6lk\u0259si parlament s\u0259viyy\u0259sind\u0259, el\u0259c\u0259 d\u0259 AB\u015e-\u0131n 25-d\u0259n art\u0131q \u015ftat\u0131, \u0130slam \u018fm\u0259kda\u015fl\u0131q T\u0259\u015fkilat\u0131 Xocal\u0131 soyq\u0131r\u0131m\u0131n\u0131 tan\u0131y\u0131b\u201d.<\/em><\/p>\n<p><em>\u201cFevral\u0131n 26-s\u0131 t\u0259kc\u0259 Az\u0259rbaycan xalq\u0131n\u0131n faci\u0259 tarixi deyil, eyni zamanda, \u00f6lk\u0259mizin \u0259razi b\u00fct\u00f6vl\u00fcy\u00fcn\u00fcn b\u0259rpas\u0131 v\u0259 erm\u0259ni i\u015f\u011fal\u0131na son qoyulmas\u0131 u\u011frunda m\u00fcbariz\u0259 tariximizin d\u0259 \u015fanl\u0131 s\u0259hif\u0259sidir\u201d \u2013 dey\u0259n S\u0259daq\u0259t\u00a0 V\u0259liyeva \u0259lav\u0259 edib ki, bu d\u0259h\u015f\u0259tli soyq\u0131r\u0131m\u0131n\u0131n n\u00f6vb\u0259ti ild\u00f6n\u00fcm\u00fc ilk d\u0259f\u0259dir f\u0259rqli \u015f\u0259kild\u0259 an\u0131l\u0131r: \u201cErm\u0259nil\u0259r t\u0259r\u0259find\u0259n i\u015f\u011fal edilmi\u015f torpaqlar\u0131m\u0131z 30 ild\u0259n sonra azadl\u0131\u011fa qovu\u015fub. Bu g\u00fcn h\u0259r birimiz Az\u0259rbaycan Ordusunun g\u00fcc\u00fc, q\u00fcdr\u0259ti il\u0259 f\u0259xr edir, q\u00fcrur hissi ke\u00e7iririk. \u00c7\u00fcnki Az\u0259rbaycan Ordusu Prezident \u0130lham \u018fliyevin Ali Ba\u015f Komandanl\u0131\u011f\u0131 il\u0259 Xocal\u0131 soyq\u0131r\u0131m\u0131n\u0131n da qisas\u0131n\u0131 al\u0131b. Xocal\u0131 soyq\u0131r\u0131m\u0131 qurbanlar\u0131n\u0131n, h\u0259m\u00e7inin dig\u0259r \u015f\u0259hidl\u0259rimizin qan\u0131 yerd\u0259 qalmay\u0131b. Prezident \u0130lham \u018fliyev h\u0259l\u0259 doqquz il \u0259vv\u0259l demi\u015fdi ki, Xocal\u0131 soyq\u0131r\u0131m\u0131n\u0131 h\u0259yata ke\u00e7ir\u0259nl\u0259r gec-tez \u0259dal\u0259t m\u0259hk\u0259m\u0259si qar\u015f\u0131s\u0131nda cavab ver\u0259r\u0259k layiqli c\u0259zalar\u0131n\u0131 alacaq, \u015f\u0259hidl\u0259rimizin qan\u0131 yerd\u0259 qalmayacaq. \u018flb\u0259tt\u0259 ki, zaman yeti\u015fdi v\u0259 \u015eanl\u0131 Az\u0259rbaycan \u0259sg\u0259ri i\u015f\u011fal\u00e7\u0131lar\u0131n ordusunu darmada\u011f\u0131n ed\u0259r\u0259k, b\u00fct\u00fcn \u015f\u0259hidl\u0259rimizin qisas\u0131n\u0131 ald\u0131. Prezidentimizin q\u0259tiyy\u0259ti, irad\u0259si, ba\u015f ver\u0259n hadis\u0259l\u0259r onu g\u00f6st\u0259rir ki, Xocal\u0131 soyq\u0131r\u0131m\u0131n\u0131 t\u00f6r\u0259d\u0259n sarkisyanlar\u0131n, ko\u00e7aryanlar\u0131n, balayanlar\u0131n \u0259dal\u0259t m\u0259hk\u0259m\u0259si qar\u015f\u0131s\u0131nda cavab ver\u0259c\u0259kl\u0259ri g\u00fcn \u00e7ox da uzaqda deyil\u201d.<\/em><\/p>\n","protected":false},"excerpt":{"rendered":"<p>S\u0259daq\u0259t V\u0259liyeva: Az\u0259rbaycan Ordusu Prezident \u0130lham \u018fliyevin Ali Ba\u015f Komandanl\u0131\u011f\u0131 il\u0259 Xocal\u0131 soyq\u0131r\u0131m\u0131n\u0131n da qisas\u0131n\u0131 al\u0131b \u201cAz\u0259rbaycan torpaqlar\u0131 hesab\u0131na \u00f6z d\u00f6vl\u0259tl\u0259rini yaratmaq v\u0259 \u201cb\u00f6y\u00fck Erm\u0259nistan\u201d ideyas\u0131n\u0131 ger\u00e7\u0259kl\u0259\u015fdirm\u0259k ist\u0259y\u0259n erm\u0259nil\u0259r 1905-1907, 1918-1920, 1948-1953-c\u00fc ill\u0259rd\u0259 az\u0259rbaycanl\u0131lara qar\u015f\u0131 terror, k\u00fctl\u0259vi q\u0131r\u011f\u0131n, deportasiya v\u0259 etnik t\u0259mizl\u0259m\u0259 h\u0259yata ke\u00e7iribl\u0259r. 1992-ci il fevral\u0131n 26-da t\u00f6r\u0259dil\u0259n Xocal\u0131 soyq\u0131r\u0131m\u0131 da \u00f6t\u0259n \u0259sr boyu az\u0259rbaycanl\u0131lara qar\u015f\u0131 t\u00f6r\u0259dilmi\u015f soyq\u0131r\u0131m\u0131 siyas\u0259tinin davam\u0131, erm\u0259ni q\u0259ddarl\u0131\u011f\u0131n\u0131n daha bir t\u0259zah\u00fcr\u00fcd\u00fcr. Dinc \u0259haliy\u0259 qar\u015f\u0131 h\u0259yata ke\u00e7iril\u0259n bu soyq\u0131r\u0131m\u0131 t\u0259kc\u0259 Az\u0259rbaycan xalq\u0131na deyil, b\u00fct\u00fcn insanl\u0131\u011fa qar\u015f\u0131 y\u00f6n\u0259lmi\u015f \u0259n a\u011f\u0131r cinay\u0259tdir\u201d. Bunu &#8220;\u0130ki sahil&#8221;\u0259 a\u00e7\u0131qlamas\u0131nda Yeni Az\u0259rbaycan&hellip;<\/p>\n","protected":false},"author":2,"featured_media":302085,"comment_status":"closed","ping_status":"closed","sticky":false,"template":"","format":"standard","meta":{"om_disable_all_campaigns":false,"_monsterinsights_skip_tracking":false,"_monsterinsights_sitenote_active":false,"_monsterinsights_sitenote_note":"","_monsterinsights_sitenote_category":0},"categories":[4],"tags":[],"aioseo_notices":[],"gutentor_comment":0,"rttpg_featured_image_url":{"full":["https:\/\/arantv.az\/wp-content\/uploads\/2021\/02\/413894b7160378987920824057310129496.jpg",975,540,false],"landscape":["https:\/\/arantv.az\/wp-content\/uploads\/2021\/02\/413894b7160378987920824057310129496.jpg",975,540,false],"portraits":["https:\/\/arantv.az\/wp-content\/uploads\/2021\/02\/413894b7160378987920824057310129496.jpg",975,540,false],"thumbnail":["https:\/\/arantv.az\/wp-content\/uploads\/2021\/02\/413894b7160378987920824057310129496-150x150.jpg",150,150,true],"medium":["https:\/\/arantv.az\/wp-content\/uploads\/2021\/02\/413894b7160378987920824057310129496-300x166.jpg",300,166,true],"large":["https:\/\/arantv.az\/wp-content\/uploads\/2021\/02\/413894b7160378987920824057310129496.jpg",640,354,false],"1536x1536":["https:\/\/arantv.az\/wp-content\/uploads\/2021\/02\/413894b7160378987920824057310129496.jpg",975,540,false],"2048x2048":["https:\/\/arantv.az\/wp-content\/uploads\/2021\/02\/413894b7160378987920824057310129496.jpg",975,540,false],"post-thumbnail":["https:\/\/arantv.az\/wp-content\/uploads\/2021\/02\/413894b7160378987920824057310129496-240x172.jpg",240,172,true],"advps-thumb-one":["https:\/\/arantv.az\/wp-content\/uploads\/2021\/02\/413894b7160378987920824057310129496.jpg",975,540,false]},"rttpg_author":{"display_name":"V\u00fcsal Rafiqo\u011flu","author_link":"https:\/\/arantv.az\/?author=2"},"rttpg_comment":0,"rttpg_category":"<a href=\"https:\/\/arantv.az\/?cat=4\" rel=\"category\">Siyas\u0259t<\/a>","rttpg_excerpt":"S\u0259daq\u0259t V\u0259liyeva: Az\u0259rbaycan Ordusu Prezident \u0130lham \u018fliyevin Ali Ba\u015f Komandanl\u0131\u011f\u0131 il\u0259 Xocal\u0131 soyq\u0131r\u0131m\u0131n\u0131n da qisas\u0131n\u0131 al\u0131b \u201cAz\u0259rbaycan torpaqlar\u0131 hesab\u0131na \u00f6z d\u00f6vl\u0259tl\u0259rini yaratmaq v\u0259 \u201cb\u00f6y\u00fck Erm\u0259nistan\u201d ideyas\u0131n\u0131 ger\u00e7\u0259kl\u0259\u015fdirm\u0259k ist\u0259y\u0259n erm\u0259nil\u0259r 1905-1907, 1918-1920, 1948-1953-c\u00fc ill\u0259rd\u0259 az\u0259rbaycanl\u0131lara qar\u015f\u0131 terror, k\u00fctl\u0259vi q\u0131r\u011f\u0131n, deportasiya v\u0259 etnik t\u0259mizl\u0259m\u0259 h\u0259yata ke\u00e7iribl\u0259r. 1992-ci il fevral\u0131n 26-da t\u00f6r\u0259dil\u0259n Xocal\u0131 soyq\u0131r\u0131m\u0131 da \u00f6t\u0259n \u0259sr boyu&hellip;","_links":{"self":[{"href":"https:\/\/arantv.az\/index.php?rest_route=\/wp\/v2\/posts\/302084"}],"collection":[{"href":"https:\/\/arantv.az\/index.php?rest_route=\/wp\/v2\/posts"}],"about":[{"href":"https:\/\/arantv.az\/index.php?rest_route=\/wp\/v2\/types\/post"}],"author":[{"embeddable":true,"href":"https:\/\/arantv.az\/index.php?rest_route=\/wp\/v2\/users\/2"}],"replies":[{"embeddable":true,"href":"https:\/\/arantv.az\/index.php?rest_route=%2Fwp%2Fv2%2Fcomments&post=302084"}],"version-history":[{"count":0,"href":"https:\/\/arantv.az\/index.php?rest_route=\/wp\/v2\/posts\/302084\/revisions"}],"wp:featuredmedia":[{"embeddable":true,"href":"https:\/\/arantv.az\/index.php?rest_route=\/wp\/v2\/media\/302085"}],"wp:attachment":[{"href":"https:\/\/arantv.az\/index.php?rest_route=%2Fwp%2Fv2%2Fmedia&parent=302084"}],"wp:term":[{"taxonomy":"category","embeddable":true,"href":"https:\/\/arantv.az\/index.php?rest_route=%2Fwp%2Fv2%2Fcategories&post=302084"},{"taxonomy":"post_tag","embeddable":true,"href":"https:\/\/arantv.az\/index.php?rest_route=%2Fwp%2Fv2%2Ftags&post=302084"}],"curies":[{"name":"wp","href":"https:\/\/api.w.org\/{rel}","templated":true}]}}