{"id":302088,"date":"2021-02-26T10:21:51","date_gmt":"2021-02-26T07:21:51","guid":{"rendered":"http:\/\/arantv.az\/?p=302088"},"modified":"2021-02-26T10:21:51","modified_gmt":"2021-02-26T07:21:51","slug":"rza-deqq%c9%99ti-qarabag-muharib%c9%99sind%c9%99-gordukl%c9%99rimi-unuda-bilmir%c9%99m","status":"publish","type":"post","link":"https:\/\/arantv.az\/?p=302088","title":{"rendered":"Rza Deqq\u0259ti: Qaraba\u011f m\u00fcharib\u0259sind\u0259 g\u00f6rd\u00fckl\u0259rimi unuda bilmir\u0259m"},"content":{"rendered":"<p>&#8220;Qaraba\u011f m\u00fcharib\u0259sind\u0259 g\u00f6rd\u00fckl\u0259rimi unuda bilmir\u0259m, g\u00f6rd\u00fckl\u0259rim h\u0259l\u0259 d\u0259 xatir\u0259md\u0259 canlan\u0131r&#8221;.<\/p>\n<p><strong>ARANTV.AZ\u00a0<\/strong> x\u0259b\u0259r verir ki, bunu fotojurnalist Rza Deqq\u0259ti ADA Universitetind\u0259 Xocal\u0131 soyq\u0131r\u0131m\u0131n\u0131n 29-cu ild\u00f6n\u00fcm\u00fc il\u0259 ba\u011fl\u0131 an\u0131m t\u0259dbirind\u0259 \u00e7\u0131x\u0131\u015f\u0131nda deyib.<\/p>\n<p>Yanvar faci\u0259sind\u0259 Az\u0259rbaycana g\u0259ldiyini xat\u0131rladan fotojurnalist h\u0259min d\u00f6vrd\u0259 bura, Bak\u0131ya xarici jurnalistin g\u0259lm\u0259sinin \u00e7ox \u00e7\u0259tin oldu\u011funu deyib: &#8220;Yanvar faci\u0259sind\u0259n sonra 1992-ci ild\u0259 m\u00fcharib\u0259nin ba\u015flad\u0131\u011f\u0131n\u0131, Xocal\u0131 q\u0131r\u011f\u0131n\u0131 bar\u0259d\u0259 e\u015fitdim v\u0259 yenid\u0259n Az\u0259rbaycana g\u0259ldim. V\u0259ziyy\u0259tinin nec\u0259 a\u011f\u0131r oldu\u011funu g\u00f6rd\u00fcm. Y\u00fcz minl\u0259rl\u0259 qa\u00e7q\u0131n v\u0259 m\u0259cburi k\u00f6\u00e7k\u00fcn g\u00f6rd\u00fcm. Onlar ac idi, evsiz idi, onlar evl\u0259rind\u0259n torpaqlar\u0131ndan m\u0259cburi \u00e7\u0131xar\u0131lm\u0131\u015fd\u0131&#8221;.<\/p>\n<p>M\u00fcharib\u0259 d\u00f6vr\u00fcnd\u0259 \u00e7\u0259kdiyi fotolar\u0131 t\u0259qdim ed\u0259n fotojurnalist bu fotolar bar\u0259d\u0259, onlar\u0131n tarixi bar\u0259d\u0259 m\u0259lumat verib. R.Deqq\u0259ti h\u0259min d\u00f6vrd\u0259 m\u00fcharib\u0259 \u0259sirl\u0259rinin d\u0259yi\u015fdirilm\u0259si prosesind\u0259 i\u015ftirak etdiyi deyib.<\/p>\n<p>O bildirib ki, erm\u0259ni v\u0259 az\u0259rbaycanl\u0131 \u0259sirl\u0259rinin d\u0259yi\u015fdirilm\u0259si zaman\u0131 h\u0259min \u0259sirl\u0259ri g\u00f6r\u0259rk\u0259n \u0259sirlik d\u00f6vr\u00fcnd\u0259 onlara qar\u015f\u0131 davran\u0131\u015fdak\u0131 f\u0259rqi g\u00f6rm\u0259k \u00e7\u0259tin deyildi: &#8220;M\u0259n Erm\u0259nistan\u0131n qaytard\u0131\u011f\u0131 az\u0259rbaycanl\u0131 \u0259sirl\u0259rin v\u0259ziyy\u0259tini, onlar\u0131n travmas\u0131n\u0131 g\u00f6rd\u00fcm&#8221;.<\/p>\n<p>Fotojurnalist h\u0259m\u00e7inin bildirib ki, o bir s\u0131ra m\u00fcnaqi\u015f\u0259l\u0259rd\u0259 Burundi, Livan, \u0130ran-\u0130raq, Balkan m\u00fcharib\u0259l\u0259rind\u0259 olub: &#8220;Lakin m\u0259n burda g\u00f6rd\u00fckl\u0259rimi h\u0259l\u0259d\u0259 xat\u0131rlay\u0131ram, bu faci\u0259li idi&#8221;.<\/p>\n<p>Xocal\u0131 faci\u0259sini xat\u0131rlayan fotojurnalist deyib ki, az\u0259rbaycanl\u0131lar\u0131n c\u0259s\u0259dl\u0259r tan\u0131nmaz hala sal\u0131nm\u0131\u015fd\u0131, onlara i\u015fg\u0259nc\u0259 verilmi\u015fdi.<\/p>\n<p>O, bel\u0259 fotolar\u0131n beyn\u0259lxalq m\u0259hk\u0259m\u0259l\u0259r\u0259 t\u0259qdim olunmal\u0131, beyn\u0259lxalq ictimaiyy\u0259t\u0259 \u00e7atd\u0131r\u0131lmal\u0131 oldu\u011funu deyib.<\/p>\n","protected":false},"excerpt":{"rendered":"<p>&#8220;Qaraba\u011f m\u00fcharib\u0259sind\u0259 g\u00f6rd\u00fckl\u0259rimi unuda bilmir\u0259m, g\u00f6rd\u00fckl\u0259rim h\u0259l\u0259 d\u0259 xatir\u0259md\u0259 canlan\u0131r&#8221;. ARANTV.AZ\u00a0 x\u0259b\u0259r verir ki, bunu fotojurnalist Rza Deqq\u0259ti ADA Universitetind\u0259 Xocal\u0131 soyq\u0131r\u0131m\u0131n\u0131n 29-cu ild\u00f6n\u00fcm\u00fc il\u0259 ba\u011fl\u0131 an\u0131m t\u0259dbirind\u0259 \u00e7\u0131x\u0131\u015f\u0131nda deyib. Yanvar faci\u0259sind\u0259 Az\u0259rbaycana g\u0259ldiyini xat\u0131rladan fotojurnalist h\u0259min d\u00f6vrd\u0259 bura, Bak\u0131ya xarici jurnalistin g\u0259lm\u0259sinin \u00e7ox \u00e7\u0259tin oldu\u011funu deyib: &#8220;Yanvar faci\u0259sind\u0259n sonra 1992-ci ild\u0259 m\u00fcharib\u0259nin ba\u015flad\u0131\u011f\u0131n\u0131, Xocal\u0131 q\u0131r\u011f\u0131n\u0131 bar\u0259d\u0259 e\u015fitdim v\u0259 yenid\u0259n Az\u0259rbaycana g\u0259ldim. V\u0259ziyy\u0259tinin nec\u0259 a\u011f\u0131r oldu\u011funu g\u00f6rd\u00fcm. Y\u00fcz minl\u0259rl\u0259 qa\u00e7q\u0131n v\u0259 m\u0259cburi k\u00f6\u00e7k\u00fcn g\u00f6rd\u00fcm. Onlar ac idi, evsiz idi, onlar evl\u0259rind\u0259n torpaqlar\u0131ndan m\u0259cburi \u00e7\u0131xar\u0131lm\u0131\u015fd\u0131&#8221;. M\u00fcharib\u0259 d\u00f6vr\u00fcnd\u0259 \u00e7\u0259kdiyi fotolar\u0131 t\u0259qdim ed\u0259n&hellip;<\/p>\n","protected":false},"author":2,"featured_media":302089,"comment_status":"closed","ping_status":"closed","sticky":false,"template":"","format":"standard","meta":{"om_disable_all_campaigns":false,"_monsterinsights_skip_tracking":false,"_monsterinsights_sitenote_active":false,"_monsterinsights_sitenote_note":"","_monsterinsights_sitenote_category":0},"categories":[26],"tags":[],"aioseo_notices":[],"gutentor_comment":0,"rttpg_featured_image_url":{"full":["https:\/\/arantv.az\/wp-content\/uploads\/2021\/02\/d60678e8161432390156707780610227026.jpg",975,540,false],"landscape":["https:\/\/arantv.az\/wp-content\/uploads\/2021\/02\/d60678e8161432390156707780610227026.jpg",975,540,false],"portraits":["https:\/\/arantv.az\/wp-content\/uploads\/2021\/02\/d60678e8161432390156707780610227026.jpg",975,540,false],"thumbnail":["https:\/\/arantv.az\/wp-content\/uploads\/2021\/02\/d60678e8161432390156707780610227026-150x150.jpg",150,150,true],"medium":["https:\/\/arantv.az\/wp-content\/uploads\/2021\/02\/d60678e8161432390156707780610227026-300x166.jpg",300,166,true],"large":["https:\/\/arantv.az\/wp-content\/uploads\/2021\/02\/d60678e8161432390156707780610227026.jpg",640,354,false],"1536x1536":["https:\/\/arantv.az\/wp-content\/uploads\/2021\/02\/d60678e8161432390156707780610227026.jpg",975,540,false],"2048x2048":["https:\/\/arantv.az\/wp-content\/uploads\/2021\/02\/d60678e8161432390156707780610227026.jpg",975,540,false],"post-thumbnail":["https:\/\/arantv.az\/wp-content\/uploads\/2021\/02\/d60678e8161432390156707780610227026-240x172.jpg",240,172,true],"advps-thumb-one":["https:\/\/arantv.az\/wp-content\/uploads\/2021\/02\/d60678e8161432390156707780610227026.jpg",975,540,false]},"rttpg_author":{"display_name":"V\u00fcsal Rafiqo\u011flu","author_link":"https:\/\/arantv.az\/?author=2"},"rttpg_comment":0,"rttpg_category":"<a href=\"https:\/\/arantv.az\/?cat=26\" rel=\"category\">Sosial<\/a>","rttpg_excerpt":"&#8220;Qaraba\u011f m\u00fcharib\u0259sind\u0259 g\u00f6rd\u00fckl\u0259rimi unuda bilmir\u0259m, g\u00f6rd\u00fckl\u0259rim h\u0259l\u0259 d\u0259 xatir\u0259md\u0259 canlan\u0131r&#8221;. ARANTV.AZ\u00a0 x\u0259b\u0259r verir ki, bunu fotojurnalist Rza Deqq\u0259ti ADA Universitetind\u0259 Xocal\u0131 soyq\u0131r\u0131m\u0131n\u0131n 29-cu ild\u00f6n\u00fcm\u00fc il\u0259 ba\u011fl\u0131 an\u0131m t\u0259dbirind\u0259 \u00e7\u0131x\u0131\u015f\u0131nda deyib. Yanvar faci\u0259sind\u0259 Az\u0259rbaycana g\u0259ldiyini xat\u0131rladan fotojurnalist h\u0259min d\u00f6vrd\u0259 bura, Bak\u0131ya xarici jurnalistin g\u0259lm\u0259sinin \u00e7ox \u00e7\u0259tin oldu\u011funu deyib: &#8220;Yanvar faci\u0259sind\u0259n sonra 1992-ci ild\u0259 m\u00fcharib\u0259nin ba\u015flad\u0131\u011f\u0131n\u0131, Xocal\u0131&hellip;","_links":{"self":[{"href":"https:\/\/arantv.az\/index.php?rest_route=\/wp\/v2\/posts\/302088"}],"collection":[{"href":"https:\/\/arantv.az\/index.php?rest_route=\/wp\/v2\/posts"}],"about":[{"href":"https:\/\/arantv.az\/index.php?rest_route=\/wp\/v2\/types\/post"}],"author":[{"embeddable":true,"href":"https:\/\/arantv.az\/index.php?rest_route=\/wp\/v2\/users\/2"}],"replies":[{"embeddable":true,"href":"https:\/\/arantv.az\/index.php?rest_route=%2Fwp%2Fv2%2Fcomments&post=302088"}],"version-history":[{"count":0,"href":"https:\/\/arantv.az\/index.php?rest_route=\/wp\/v2\/posts\/302088\/revisions"}],"wp:featuredmedia":[{"embeddable":true,"href":"https:\/\/arantv.az\/index.php?rest_route=\/wp\/v2\/media\/302089"}],"wp:attachment":[{"href":"https:\/\/arantv.az\/index.php?rest_route=%2Fwp%2Fv2%2Fmedia&parent=302088"}],"wp:term":[{"taxonomy":"category","embeddable":true,"href":"https:\/\/arantv.az\/index.php?rest_route=%2Fwp%2Fv2%2Fcategories&post=302088"},{"taxonomy":"post_tag","embeddable":true,"href":"https:\/\/arantv.az\/index.php?rest_route=%2Fwp%2Fv2%2Ftags&post=302088"}],"curies":[{"name":"wp","href":"https:\/\/api.w.org\/{rel}","templated":true}]}}