{"id":302100,"date":"2021-02-26T10:32:09","date_gmt":"2021-02-26T07:32:09","guid":{"rendered":"http:\/\/arantv.az\/?p=302100"},"modified":"2021-02-26T10:32:09","modified_gmt":"2021-02-26T07:32:09","slug":"ilham-%c9%99liyev-erm%c9%99nistanda-indi-tamamil%c9%99-bohranli-v%c9%99ziyy%c9%99t-hokm-surur","status":"publish","type":"post","link":"https:\/\/arantv.az\/?p=302100","title":{"rendered":"\u0130lham \u018fliyev: \u201cErm\u0259nistanda indi tamamil\u0259 b\u00f6hranl\u0131 v\u0259ziyy\u0259t h\u00f6km s\u00fcr\u00fcr\u201d"},"content":{"rendered":"<p>\u201cErm\u0259nistanda ba\u015f ver\u0259n hadis\u0259l\u0259r r\u0259smi \u0130r\u0259van\u0131n daxili i\u015fidir\u201d.<\/p>\n<p><strong>ARANTV.AZ<\/strong>-\u0131n m\u0259lumat\u0131na g\u00f6r\u0259, bunu m\u0259tbuat konfrans\u0131nda Az\u0259rbaycan Prezidenti \u0130lham \u018fliyev bildirib.<\/p>\n<div id=\"AdviadNativeVideo0\" class=\"AdviadNativeVideo\"><\/div>\n<p>\u201c\u00d6t\u0259n g\u00fcn \u015f\u0259hid ail\u0259l\u0259ri il\u0259 g\u00f6r\u00fc\u015fd\u0259 \u00e7\u0131x\u0131\u015f\u0131m zaman\u0131 o c\u00fcml\u0259d\u0259n Erm\u0259nistandak\u0131 v\u0259ziyy\u0259t\u0259 d\u0259 toxundum. Bildirm\u0259k ist\u0259yir\u0259m ki, \u00e7\u0131x\u0131\u015f hadis\u0259l\u0259rd\u0259n \u0259vv\u0259l edilmi\u015fdi. H\u0259r k\u0259s bilsin ki, m\u0259nim \u015f\u0259rhl\u0259rim hadis\u0259l\u0259rd\u0259n \u0259vv\u0259l idi. Ancaq hadis\u0259l\u0259r onu g\u00f6st\u0259rdi ki, m\u0259n tam haql\u0131 idim. Bu g\u00fcn Erm\u0259nistan o q\u0259d\u0259r a\u011f\u0131r durumdad\u0131r ki, orada ged\u0259n prosesl\u0259r \u00f6lk\u0259nin d\u00f6vl\u0259t\u00e7ilik \u0259saslar\u0131n\u0131 b\u00f6y\u00fck d\u0259r\u0259c\u0259d\u0259 sars\u0131d\u0131r. Bunun g\u00fcnahkarlar\u0131 Erm\u0259nistan\u0131n \u0259vv\u0259lki v\u0259 indiki r\u0259hb\u0259rl\u0259ridir\u201d, &#8211; dey\u0259 \u0130.\u018fliyev bildirib.<\/p>\n<p>Prezident qeyd edib ki, 20 il \u0259rzind\u0259 Erm\u0259nistan\u0131 faktiki olaraq u\u00e7uruma apar\u0131rd\u0131:<\/p>\n<p>\u201c\u00d6lk\u0259 dem\u0259k olar ki, b\u00fct\u00f6vl\u00fckd\u0259 m\u00fcst\u0259qillik \u0259lam\u0259tl\u0259rini itirmi\u015fdi. Daha \u00e7ox m\u00fcst\u0259ml\u0259k\u0259y\u0259 b\u0259nz\u0259yirdi. Bunun \u0259sas s\u0259b\u0259bi i\u015f\u011fal\u00e7\u0131l\u0131q siyas\u0259tidir. N\u0259 q\u0259d\u0259r torpaqlar\u0131m\u0131z\u0131 i\u015f\u011fal alt\u0131nda saxlamaq ist\u0259yirdil\u0259rs\u0259, o q\u0259d\u0259r d\u0259 as\u0131l\u0131 v\u0259ziyy\u0259t\u0259 d\u00fc\u015f\u00fcrd\u00fcl\u0259r. Erm\u0259nistan\u0131 ard\u0131c\u0131l\u0131q olaraq b\u00fct\u00fcn beyn\u0259lxalq, regional layih\u0259l\u0259rd\u0259n t\u0259crid etmi\u015fdik. Erm\u0259nistan\u0131 iqtisadi c\u0259h\u0259td\u0259n sars\u0131tmaq, \u00e7\u00f6kd\u00fcrm\u0259k bizim siyas\u0259timiz idi. M\u0259n bunu he\u00e7 vaxt gizl\u0259tmirdim. D\u0259f\u0259l\u0259rl\u0259 deyirdim ki, biz bu siyas\u0259ti o q\u0259d\u0259r aparaca\u011f\u0131q ki, torpaqlar\u0131m\u0131z i\u015f\u011fal alt\u0131ndad\u0131r. Erm\u0259nistan \u00f6z silahl\u0131 q\u00fcvv\u0259l\u0259rini torpaqlar\u0131mzdan \u00e7\u0131xars\u0131n ondan sonra b\u00f6lg\u0259d\u0259 \u0259m\u0259kda\u015fl\u0131q, i\u015f birliyi ola bil\u0259r. \u018ffsuslar olsun ki, onlar buna qulaq asmad\u0131. \u018fg\u0259r vaxt\u0131nda qulaq asayd\u0131lar, bu g\u00fcn r\u0259zil duruma d\u00fc\u015fm\u0259zdil\u0259r. Erm\u0259nistanda indi tamamil\u0259 b\u00f6hranl\u0131 v\u0259ziyy\u0259t h\u00f6km s\u00fcr\u00fcr. M\u0259n onlar\u0131n daxili v\u0259ziyy\u0259ti il\u0259 ba\u011fl\u0131 h\u0259r hans\u0131 bir \u015f\u0259rh vermir\u0259m. Biz he\u00e7 vaxt ba\u015fqa \u00f6lk\u0259l\u0259rin daxili i\u015fl\u0259rin\u0259 qar\u0131\u015fm\u0131r\u0131q\u201d.<\/p>\n","protected":false},"excerpt":{"rendered":"<p>\u201cErm\u0259nistanda ba\u015f ver\u0259n hadis\u0259l\u0259r r\u0259smi \u0130r\u0259van\u0131n daxili i\u015fidir\u201d. ARANTV.AZ-\u0131n m\u0259lumat\u0131na g\u00f6r\u0259, bunu m\u0259tbuat konfrans\u0131nda Az\u0259rbaycan Prezidenti \u0130lham \u018fliyev bildirib. \u201c\u00d6t\u0259n g\u00fcn \u015f\u0259hid ail\u0259l\u0259ri il\u0259 g\u00f6r\u00fc\u015fd\u0259 \u00e7\u0131x\u0131\u015f\u0131m zaman\u0131 o c\u00fcml\u0259d\u0259n Erm\u0259nistandak\u0131 v\u0259ziyy\u0259t\u0259 d\u0259 toxundum. Bildirm\u0259k ist\u0259yir\u0259m ki, \u00e7\u0131x\u0131\u015f hadis\u0259l\u0259rd\u0259n \u0259vv\u0259l edilmi\u015fdi. H\u0259r k\u0259s bilsin ki, m\u0259nim \u015f\u0259rhl\u0259rim hadis\u0259l\u0259rd\u0259n \u0259vv\u0259l idi. Ancaq hadis\u0259l\u0259r onu g\u00f6st\u0259rdi ki, m\u0259n tam haql\u0131 idim. Bu g\u00fcn Erm\u0259nistan o q\u0259d\u0259r a\u011f\u0131r durumdad\u0131r ki, orada ged\u0259n prosesl\u0259r \u00f6lk\u0259nin d\u00f6vl\u0259t\u00e7ilik \u0259saslar\u0131n\u0131 b\u00f6y\u00fck d\u0259r\u0259c\u0259d\u0259 sars\u0131d\u0131r. Bunun g\u00fcnahkarlar\u0131 Erm\u0259nistan\u0131n \u0259vv\u0259lki v\u0259 indiki r\u0259hb\u0259rl\u0259ridir\u201d, &#8211; dey\u0259 \u0130.\u018fliyev bildirib. Prezident qeyd edib ki,&hellip;<\/p>\n","protected":false},"author":2,"featured_media":302101,"comment_status":"closed","ping_status":"closed","sticky":false,"template":"","format":"standard","meta":{"om_disable_all_campaigns":false,"_monsterinsights_skip_tracking":false,"_monsterinsights_sitenote_active":false,"_monsterinsights_sitenote_note":"","_monsterinsights_sitenote_category":0},"categories":[4],"tags":[],"aioseo_notices":[],"gutentor_comment":0,"rttpg_featured_image_url":{"full":["https:\/\/arantv.az\/wp-content\/uploads\/2021\/02\/16116553194175025285_1000x669.jpg",587,465,false],"landscape":["https:\/\/arantv.az\/wp-content\/uploads\/2021\/02\/16116553194175025285_1000x669.jpg",587,465,false],"portraits":["https:\/\/arantv.az\/wp-content\/uploads\/2021\/02\/16116553194175025285_1000x669.jpg",587,465,false],"thumbnail":["https:\/\/arantv.az\/wp-content\/uploads\/2021\/02\/16116553194175025285_1000x669-150x150.jpg",150,150,true],"medium":["https:\/\/arantv.az\/wp-content\/uploads\/2021\/02\/16116553194175025285_1000x669-300x238.jpg",300,238,true],"large":["https:\/\/arantv.az\/wp-content\/uploads\/2021\/02\/16116553194175025285_1000x669.jpg",587,465,false],"1536x1536":["https:\/\/arantv.az\/wp-content\/uploads\/2021\/02\/16116553194175025285_1000x669.jpg",587,465,false],"2048x2048":["https:\/\/arantv.az\/wp-content\/uploads\/2021\/02\/16116553194175025285_1000x669.jpg",587,465,false],"post-thumbnail":["https:\/\/arantv.az\/wp-content\/uploads\/2021\/02\/16116553194175025285_1000x669-240x172.jpg",240,172,true],"advps-thumb-one":["https:\/\/arantv.az\/wp-content\/uploads\/2021\/02\/16116553194175025285_1000x669.jpg",587,465,false]},"rttpg_author":{"display_name":"V\u00fcsal Rafiqo\u011flu","author_link":"https:\/\/arantv.az\/?author=2"},"rttpg_comment":0,"rttpg_category":"<a href=\"https:\/\/arantv.az\/?cat=4\" rel=\"category\">Siyas\u0259t<\/a>","rttpg_excerpt":"\u201cErm\u0259nistanda ba\u015f ver\u0259n hadis\u0259l\u0259r r\u0259smi \u0130r\u0259van\u0131n daxili i\u015fidir\u201d. ARANTV.AZ-\u0131n m\u0259lumat\u0131na g\u00f6r\u0259, bunu m\u0259tbuat konfrans\u0131nda Az\u0259rbaycan Prezidenti \u0130lham \u018fliyev bildirib. \u201c\u00d6t\u0259n g\u00fcn \u015f\u0259hid ail\u0259l\u0259ri il\u0259 g\u00f6r\u00fc\u015fd\u0259 \u00e7\u0131x\u0131\u015f\u0131m zaman\u0131 o c\u00fcml\u0259d\u0259n Erm\u0259nistandak\u0131 v\u0259ziyy\u0259t\u0259 d\u0259 toxundum. Bildirm\u0259k ist\u0259yir\u0259m ki, \u00e7\u0131x\u0131\u015f hadis\u0259l\u0259rd\u0259n \u0259vv\u0259l edilmi\u015fdi. H\u0259r k\u0259s bilsin ki, m\u0259nim \u015f\u0259rhl\u0259rim hadis\u0259l\u0259rd\u0259n \u0259vv\u0259l idi. Ancaq hadis\u0259l\u0259r onu g\u00f6st\u0259rdi ki, m\u0259n&hellip;","_links":{"self":[{"href":"https:\/\/arantv.az\/index.php?rest_route=\/wp\/v2\/posts\/302100"}],"collection":[{"href":"https:\/\/arantv.az\/index.php?rest_route=\/wp\/v2\/posts"}],"about":[{"href":"https:\/\/arantv.az\/index.php?rest_route=\/wp\/v2\/types\/post"}],"author":[{"embeddable":true,"href":"https:\/\/arantv.az\/index.php?rest_route=\/wp\/v2\/users\/2"}],"replies":[{"embeddable":true,"href":"https:\/\/arantv.az\/index.php?rest_route=%2Fwp%2Fv2%2Fcomments&post=302100"}],"version-history":[{"count":0,"href":"https:\/\/arantv.az\/index.php?rest_route=\/wp\/v2\/posts\/302100\/revisions"}],"wp:featuredmedia":[{"embeddable":true,"href":"https:\/\/arantv.az\/index.php?rest_route=\/wp\/v2\/media\/302101"}],"wp:attachment":[{"href":"https:\/\/arantv.az\/index.php?rest_route=%2Fwp%2Fv2%2Fmedia&parent=302100"}],"wp:term":[{"taxonomy":"category","embeddable":true,"href":"https:\/\/arantv.az\/index.php?rest_route=%2Fwp%2Fv2%2Fcategories&post=302100"},{"taxonomy":"post_tag","embeddable":true,"href":"https:\/\/arantv.az\/index.php?rest_route=%2Fwp%2Fv2%2Ftags&post=302100"}],"curies":[{"name":"wp","href":"https:\/\/api.w.org\/{rel}","templated":true}]}}