{"id":302104,"date":"2021-02-26T10:33:07","date_gmt":"2021-02-26T07:33:07","guid":{"rendered":"http:\/\/arantv.az\/?p=302104"},"modified":"2021-02-26T10:33:07","modified_gmt":"2021-02-26T07:33:07","slug":"bu-gun-butun-olk%c9%99-%c9%99razisind%c9%99-xocali-qurbanlarinin-xatir%c9%99si-bir-d%c9%99qiq%c9%99lik-sukutla-yad-olunacaq","status":"publish","type":"post","link":"https:\/\/arantv.az\/?p=302104","title":{"rendered":"Bu g\u00fcn b\u00fct\u00fcn \u00f6lk\u0259 \u0259razisind\u0259 Xocal\u0131 qurbanlar\u0131n\u0131n xatir\u0259si bir d\u0259qiq\u0259lik s\u00fckutla yad olunacaq"},"content":{"rendered":"<p>Bu g\u00fcn Az\u0259rbaycan\u0131n b\u00fct\u00fcn \u0259razisind\u0259 Xocal\u0131 soyq\u0131r\u0131m\u0131 qurbanlar\u0131n\u0131n xatir\u0259si bir d\u0259qiq\u0259lik s\u00fckutla yad olunacaq.<\/p>\n<p><strong>ARANTV.AZ<\/strong>\u00a0 x\u0259b\u0259r verir ki, bu bar\u0259d\u0259\u00a0<a href=\"https:\/\/az.trend.az\/\" target=\"_blank\" rel=\"noopener\">Trend<\/a>-\u0259\u00a0Daxili \u0130\u015fl\u0259r Nazirliyinin m\u0259tbuat xidm\u0259tind\u0259n m\u0259lumat verilib.<\/p>\n<p>M\u0259lumatda bildirilir ki, bununla ba\u011fl\u0131 Az\u0259rbaycan \u0259razisind\u0259 n\u0259qliyyat\u0131n v\u0259 piyadalar\u0131n h\u0259r\u0259k\u0259ti 1 d\u0259qiq\u0259lik dayand\u0131r\u0131lacaq, n\u0259qliyyat vasit\u0259l\u0259ri, Bak\u0131 buxtas\u0131ndak\u0131 g\u0259mil\u0259r, metro v\u0259 yer\u00fcst\u00fc qatarlarda fit veril\u0259c\u0259k. S\u00fckut saat 17:00 &#8211; da olacaq.<\/p>\n","protected":false},"excerpt":{"rendered":"<p>Bu g\u00fcn Az\u0259rbaycan\u0131n b\u00fct\u00fcn \u0259razisind\u0259 Xocal\u0131 soyq\u0131r\u0131m\u0131 qurbanlar\u0131n\u0131n xatir\u0259si bir d\u0259qiq\u0259lik s\u00fckutla yad olunacaq. ARANTV.AZ\u00a0 x\u0259b\u0259r verir ki, bu bar\u0259d\u0259\u00a0Trend-\u0259\u00a0Daxili \u0130\u015fl\u0259r Nazirliyinin m\u0259tbuat xidm\u0259tind\u0259n m\u0259lumat verilib. M\u0259lumatda bildirilir ki, bununla ba\u011fl\u0131 Az\u0259rbaycan \u0259razisind\u0259 n\u0259qliyyat\u0131n v\u0259 piyadalar\u0131n h\u0259r\u0259k\u0259ti 1 d\u0259qiq\u0259lik dayand\u0131r\u0131lacaq, n\u0259qliyyat vasit\u0259l\u0259ri, Bak\u0131 buxtas\u0131ndak\u0131 g\u0259mil\u0259r, metro v\u0259 yer\u00fcst\u00fc qatarlarda fit veril\u0259c\u0259k. S\u00fckut saat 17:00 &#8211; da olacaq.<\/p>\n","protected":false},"author":2,"featured_media":302105,"comment_status":"closed","ping_status":"closed","sticky":false,"template":"","format":"standard","meta":{"om_disable_all_campaigns":false,"_monsterinsights_skip_tracking":false,"_monsterinsights_sitenote_active":false,"_monsterinsights_sitenote_note":"","_monsterinsights_sitenote_category":0},"categories":[26],"tags":[],"aioseo_notices":[],"gutentor_comment":0,"rttpg_featured_image_url":{"full":["https:\/\/arantv.az\/wp-content\/uploads\/2021\/02\/925895.jpg",800,600,false],"landscape":["https:\/\/arantv.az\/wp-content\/uploads\/2021\/02\/925895.jpg",800,600,false],"portraits":["https:\/\/arantv.az\/wp-content\/uploads\/2021\/02\/925895.jpg",800,600,false],"thumbnail":["https:\/\/arantv.az\/wp-content\/uploads\/2021\/02\/925895-150x150.jpg",150,150,true],"medium":["https:\/\/arantv.az\/wp-content\/uploads\/2021\/02\/925895-300x225.jpg",300,225,true],"large":["https:\/\/arantv.az\/wp-content\/uploads\/2021\/02\/925895.jpg",640,480,false],"1536x1536":["https:\/\/arantv.az\/wp-content\/uploads\/2021\/02\/925895.jpg",800,600,false],"2048x2048":["https:\/\/arantv.az\/wp-content\/uploads\/2021\/02\/925895.jpg",800,600,false],"post-thumbnail":["https:\/\/arantv.az\/wp-content\/uploads\/2021\/02\/925895-240x172.jpg",240,172,true],"advps-thumb-one":["https:\/\/arantv.az\/wp-content\/uploads\/2021\/02\/925895.jpg",800,600,false]},"rttpg_author":{"display_name":"V\u00fcsal Rafiqo\u011flu","author_link":"https:\/\/arantv.az\/?author=2"},"rttpg_comment":0,"rttpg_category":"<a href=\"https:\/\/arantv.az\/?cat=26\" rel=\"category\">Sosial<\/a>","rttpg_excerpt":"Bu g\u00fcn Az\u0259rbaycan\u0131n b\u00fct\u00fcn \u0259razisind\u0259 Xocal\u0131 soyq\u0131r\u0131m\u0131 qurbanlar\u0131n\u0131n xatir\u0259si bir d\u0259qiq\u0259lik s\u00fckutla yad olunacaq. ARANTV.AZ\u00a0 x\u0259b\u0259r verir ki, bu bar\u0259d\u0259\u00a0Trend-\u0259\u00a0Daxili \u0130\u015fl\u0259r Nazirliyinin m\u0259tbuat xidm\u0259tind\u0259n m\u0259lumat verilib. M\u0259lumatda bildirilir ki, bununla ba\u011fl\u0131 Az\u0259rbaycan \u0259razisind\u0259 n\u0259qliyyat\u0131n v\u0259 piyadalar\u0131n h\u0259r\u0259k\u0259ti 1 d\u0259qiq\u0259lik dayand\u0131r\u0131lacaq, n\u0259qliyyat vasit\u0259l\u0259ri, Bak\u0131 buxtas\u0131ndak\u0131 g\u0259mil\u0259r, metro v\u0259 yer\u00fcst\u00fc qatarlarda fit veril\u0259c\u0259k. S\u00fckut saat 17:00 &#8211;&hellip;","_links":{"self":[{"href":"https:\/\/arantv.az\/index.php?rest_route=\/wp\/v2\/posts\/302104"}],"collection":[{"href":"https:\/\/arantv.az\/index.php?rest_route=\/wp\/v2\/posts"}],"about":[{"href":"https:\/\/arantv.az\/index.php?rest_route=\/wp\/v2\/types\/post"}],"author":[{"embeddable":true,"href":"https:\/\/arantv.az\/index.php?rest_route=\/wp\/v2\/users\/2"}],"replies":[{"embeddable":true,"href":"https:\/\/arantv.az\/index.php?rest_route=%2Fwp%2Fv2%2Fcomments&post=302104"}],"version-history":[{"count":0,"href":"https:\/\/arantv.az\/index.php?rest_route=\/wp\/v2\/posts\/302104\/revisions"}],"wp:featuredmedia":[{"embeddable":true,"href":"https:\/\/arantv.az\/index.php?rest_route=\/wp\/v2\/media\/302105"}],"wp:attachment":[{"href":"https:\/\/arantv.az\/index.php?rest_route=%2Fwp%2Fv2%2Fmedia&parent=302104"}],"wp:term":[{"taxonomy":"category","embeddable":true,"href":"https:\/\/arantv.az\/index.php?rest_route=%2Fwp%2Fv2%2Fcategories&post=302104"},{"taxonomy":"post_tag","embeddable":true,"href":"https:\/\/arantv.az\/index.php?rest_route=%2Fwp%2Fv2%2Ftags&post=302104"}],"curies":[{"name":"wp","href":"https:\/\/api.w.org\/{rel}","templated":true}]}}