{"id":302108,"date":"2021-02-26T10:34:01","date_gmt":"2021-02-26T07:34:01","guid":{"rendered":"http:\/\/arantv.az\/?p=302108"},"modified":"2021-02-26T10:34:01","modified_gmt":"2021-02-26T07:34:01","slug":"t%c9%99hsil-sob%c9%99sinin-mudirikarantin-qaydalarini-pozdu","status":"publish","type":"post","link":"https:\/\/arantv.az\/?p=302108","title":{"rendered":"T\u0259hsil \u015e\u00f6b\u0259sinin m\u00fcdirikarantin qaydalar\u0131n\u0131 pozdu"},"content":{"rendered":"<p>Xa\u00e7maz rayon T\u0259hsil \u015e\u00f6b\u0259sinin m\u00fcdiri\u00a0 \u0130nqilab Musayev\u00a0 x\u00fcsusi karantin rejimi qaydalar\u0131n\u0131 pozub.<\/p>\n<p><strong>ARANTV.AZ<\/strong> unikal.org-a istinad\u0259n bildirir ki, \u0130.Musayev x\u00fcsusi karantin rejimi qaydalar\u0131n\u0131 pozdu\u011fu \u00fc\u00e7\u00fcn o, Xa\u00e7maz rayon Polis \u015e\u00f6b\u0259sin\u0259 apar\u0131l\u0131b. Onun bar\u0259sind\u0259 protokol t\u0259rtib edilib.<\/p>\n<p>X\u0259b\u0259ri Xa\u00e7maz rayon T\u0259hsil \u015e\u00f6b\u0259sinin m\u00fcdiri\u00a0 \u0130.Musayev\u00a0 t\u0259sdiql\u0259yib. O, bildirib ki, polis \u0259m\u0259kda\u015flar\u0131 onunla profilaktik s\u00f6hb\u0259t apar\u0131b. Sonra o, s\u0259rb\u0259st burax\u0131l\u0131b.<\/p>\n","protected":false},"excerpt":{"rendered":"<p>Xa\u00e7maz rayon T\u0259hsil \u015e\u00f6b\u0259sinin m\u00fcdiri\u00a0 \u0130nqilab Musayev\u00a0 x\u00fcsusi karantin rejimi qaydalar\u0131n\u0131 pozub. ARANTV.AZ unikal.org-a istinad\u0259n bildirir ki, \u0130.Musayev x\u00fcsusi karantin rejimi qaydalar\u0131n\u0131 pozdu\u011fu \u00fc\u00e7\u00fcn o, Xa\u00e7maz rayon Polis \u015e\u00f6b\u0259sin\u0259 apar\u0131l\u0131b. Onun bar\u0259sind\u0259 protokol t\u0259rtib edilib. X\u0259b\u0259ri Xa\u00e7maz rayon T\u0259hsil \u015e\u00f6b\u0259sinin m\u00fcdiri\u00a0 \u0130.Musayev\u00a0 t\u0259sdiql\u0259yib. O, bildirib ki, polis \u0259m\u0259kda\u015flar\u0131 onunla profilaktik s\u00f6hb\u0259t apar\u0131b. Sonra o, s\u0259rb\u0259st burax\u0131l\u0131b.<\/p>\n","protected":false},"author":2,"featured_media":302109,"comment_status":"closed","ping_status":"closed","sticky":false,"template":"","format":"standard","meta":{"om_disable_all_campaigns":false,"_monsterinsights_skip_tracking":false,"_monsterinsights_sitenote_active":false,"_monsterinsights_sitenote_note":"","_monsterinsights_sitenote_category":0},"categories":[26],"tags":[],"aioseo_notices":[],"gutentor_comment":0,"rttpg_featured_image_url":{"full":["https:\/\/arantv.az\/wp-content\/uploads\/2021\/02\/925875.jpg",800,600,false],"landscape":["https:\/\/arantv.az\/wp-content\/uploads\/2021\/02\/925875.jpg",800,600,false],"portraits":["https:\/\/arantv.az\/wp-content\/uploads\/2021\/02\/925875.jpg",800,600,false],"thumbnail":["https:\/\/arantv.az\/wp-content\/uploads\/2021\/02\/925875-150x150.jpg",150,150,true],"medium":["https:\/\/arantv.az\/wp-content\/uploads\/2021\/02\/925875-300x225.jpg",300,225,true],"large":["https:\/\/arantv.az\/wp-content\/uploads\/2021\/02\/925875.jpg",640,480,false],"1536x1536":["https:\/\/arantv.az\/wp-content\/uploads\/2021\/02\/925875.jpg",800,600,false],"2048x2048":["https:\/\/arantv.az\/wp-content\/uploads\/2021\/02\/925875.jpg",800,600,false],"post-thumbnail":["https:\/\/arantv.az\/wp-content\/uploads\/2021\/02\/925875-240x172.jpg",240,172,true],"advps-thumb-one":["https:\/\/arantv.az\/wp-content\/uploads\/2021\/02\/925875.jpg",800,600,false]},"rttpg_author":{"display_name":"V\u00fcsal Rafiqo\u011flu","author_link":"https:\/\/arantv.az\/?author=2"},"rttpg_comment":0,"rttpg_category":"<a href=\"https:\/\/arantv.az\/?cat=26\" rel=\"category\">Sosial<\/a>","rttpg_excerpt":"Xa\u00e7maz rayon T\u0259hsil \u015e\u00f6b\u0259sinin m\u00fcdiri\u00a0 \u0130nqilab Musayev\u00a0 x\u00fcsusi karantin rejimi qaydalar\u0131n\u0131 pozub. ARANTV.AZ unikal.org-a istinad\u0259n bildirir ki, \u0130.Musayev x\u00fcsusi karantin rejimi qaydalar\u0131n\u0131 pozdu\u011fu \u00fc\u00e7\u00fcn o, Xa\u00e7maz rayon Polis \u015e\u00f6b\u0259sin\u0259 apar\u0131l\u0131b. Onun bar\u0259sind\u0259 protokol t\u0259rtib edilib. X\u0259b\u0259ri Xa\u00e7maz rayon T\u0259hsil \u015e\u00f6b\u0259sinin m\u00fcdiri\u00a0 \u0130.Musayev\u00a0 t\u0259sdiql\u0259yib. O, bildirib ki, polis \u0259m\u0259kda\u015flar\u0131 onunla profilaktik s\u00f6hb\u0259t apar\u0131b. Sonra o, s\u0259rb\u0259st&hellip;","_links":{"self":[{"href":"https:\/\/arantv.az\/index.php?rest_route=\/wp\/v2\/posts\/302108"}],"collection":[{"href":"https:\/\/arantv.az\/index.php?rest_route=\/wp\/v2\/posts"}],"about":[{"href":"https:\/\/arantv.az\/index.php?rest_route=\/wp\/v2\/types\/post"}],"author":[{"embeddable":true,"href":"https:\/\/arantv.az\/index.php?rest_route=\/wp\/v2\/users\/2"}],"replies":[{"embeddable":true,"href":"https:\/\/arantv.az\/index.php?rest_route=%2Fwp%2Fv2%2Fcomments&post=302108"}],"version-history":[{"count":0,"href":"https:\/\/arantv.az\/index.php?rest_route=\/wp\/v2\/posts\/302108\/revisions"}],"wp:featuredmedia":[{"embeddable":true,"href":"https:\/\/arantv.az\/index.php?rest_route=\/wp\/v2\/media\/302109"}],"wp:attachment":[{"href":"https:\/\/arantv.az\/index.php?rest_route=%2Fwp%2Fv2%2Fmedia&parent=302108"}],"wp:term":[{"taxonomy":"category","embeddable":true,"href":"https:\/\/arantv.az\/index.php?rest_route=%2Fwp%2Fv2%2Fcategories&post=302108"},{"taxonomy":"post_tag","embeddable":true,"href":"https:\/\/arantv.az\/index.php?rest_route=%2Fwp%2Fv2%2Ftags&post=302108"}],"curies":[{"name":"wp","href":"https:\/\/api.w.org\/{rel}","templated":true}]}}