{"id":302112,"date":"2021-02-26T10:35:04","date_gmt":"2021-02-26T07:35:04","guid":{"rendered":"http:\/\/arantv.az\/?p=302112"},"modified":"2021-02-26T10:35:04","modified_gmt":"2021-02-26T07:35:04","slug":"qazaxistan-az%c9%99rbaycan-xalqina-bassagligi-verib","status":"publish","type":"post","link":"https:\/\/arantv.az\/?p=302112","title":{"rendered":"Qazax\u0131stan Az\u0259rbaycan xalq\u0131na ba\u015fsa\u011fl\u0131\u011f\u0131 verib"},"content":{"rendered":"<p>Qazax\u0131stan\u0131n Az\u0259rbaycandak\u0131 s\u0259firliyi Xocal\u0131 faci\u0259sinin 29-cu ild\u00f6n\u00fcm\u00fc il\u0259 \u0259laq\u0259dar Az\u0259rbaycan xalq\u0131na d\u0259rin h\u00fcznl\u0259 ba\u015fsa\u011fl\u0131\u011f\u0131 verib.<\/p>\n<p><strong>ARANTV.AZ\u00a0<\/strong> x\u0259b\u0259r verir ki, ba\u015fsa\u011fl\u0131\u011f\u0131nda deyilir:<\/p>\n<p><em>&#8220;Az\u0259rbaycan xalq\u0131n\u0131n h\u00fczn\u00fcn\u00fc v\u0259 a\u011fr\u0131s\u0131n\u0131 b\u00f6l\u00fc\u015f\u00fcr, bu cinay\u0259tin qurbanlar\u0131n\u0131n \u0259ziz xatir\u0259sini yad edir.<\/em><\/p>\n<p><em>D\u00fcnya ictimaiyy\u0259tinin Xocal\u0131 faci\u0259si kimi hadis\u0259l\u0259rin g\u0259l\u0259c\u0259kd\u0259 bir daha ba\u015f verm\u0259m\u0259si \u00fc\u00e7\u00fcn b\u00fct\u00fcn s\u0259yl\u0259rinin \u0259sirg\u0259nm\u0259m\u0259sinin vacib oldu\u011funu hesab edirik&#8221;.<\/em><\/p>\n","protected":false},"excerpt":{"rendered":"<p>Qazax\u0131stan\u0131n Az\u0259rbaycandak\u0131 s\u0259firliyi Xocal\u0131 faci\u0259sinin 29-cu ild\u00f6n\u00fcm\u00fc il\u0259 \u0259laq\u0259dar Az\u0259rbaycan xalq\u0131na d\u0259rin h\u00fcznl\u0259 ba\u015fsa\u011fl\u0131\u011f\u0131 verib. ARANTV.AZ\u00a0 x\u0259b\u0259r verir ki, ba\u015fsa\u011fl\u0131\u011f\u0131nda deyilir: &#8220;Az\u0259rbaycan xalq\u0131n\u0131n h\u00fczn\u00fcn\u00fc v\u0259 a\u011fr\u0131s\u0131n\u0131 b\u00f6l\u00fc\u015f\u00fcr, bu cinay\u0259tin qurbanlar\u0131n\u0131n \u0259ziz xatir\u0259sini yad edir. D\u00fcnya ictimaiyy\u0259tinin Xocal\u0131 faci\u0259si kimi hadis\u0259l\u0259rin g\u0259l\u0259c\u0259kd\u0259 bir daha ba\u015f verm\u0259m\u0259si \u00fc\u00e7\u00fcn b\u00fct\u00fcn s\u0259yl\u0259rinin \u0259sirg\u0259nm\u0259m\u0259sinin vacib oldu\u011funu hesab edirik&#8221;.<\/p>\n","protected":false},"author":2,"featured_media":302113,"comment_status":"closed","ping_status":"closed","sticky":false,"template":"","format":"standard","meta":{"om_disable_all_campaigns":false,"_monsterinsights_skip_tracking":false,"_monsterinsights_sitenote_active":false,"_monsterinsights_sitenote_note":"","_monsterinsights_sitenote_category":0},"categories":[4],"tags":[],"aioseo_notices":[],"gutentor_comment":0,"rttpg_featured_image_url":{"full":["https:\/\/arantv.az\/wp-content\/uploads\/2021\/02\/5531a583161432410957779569510326587.jpg",975,540,false],"landscape":["https:\/\/arantv.az\/wp-content\/uploads\/2021\/02\/5531a583161432410957779569510326587.jpg",975,540,false],"portraits":["https:\/\/arantv.az\/wp-content\/uploads\/2021\/02\/5531a583161432410957779569510326587.jpg",975,540,false],"thumbnail":["https:\/\/arantv.az\/wp-content\/uploads\/2021\/02\/5531a583161432410957779569510326587-150x150.jpg",150,150,true],"medium":["https:\/\/arantv.az\/wp-content\/uploads\/2021\/02\/5531a583161432410957779569510326587-300x166.jpg",300,166,true],"large":["https:\/\/arantv.az\/wp-content\/uploads\/2021\/02\/5531a583161432410957779569510326587.jpg",640,354,false],"1536x1536":["https:\/\/arantv.az\/wp-content\/uploads\/2021\/02\/5531a583161432410957779569510326587.jpg",975,540,false],"2048x2048":["https:\/\/arantv.az\/wp-content\/uploads\/2021\/02\/5531a583161432410957779569510326587.jpg",975,540,false],"post-thumbnail":["https:\/\/arantv.az\/wp-content\/uploads\/2021\/02\/5531a583161432410957779569510326587-240x172.jpg",240,172,true],"advps-thumb-one":["https:\/\/arantv.az\/wp-content\/uploads\/2021\/02\/5531a583161432410957779569510326587.jpg",975,540,false]},"rttpg_author":{"display_name":"V\u00fcsal Rafiqo\u011flu","author_link":"https:\/\/arantv.az\/?author=2"},"rttpg_comment":0,"rttpg_category":"<a href=\"https:\/\/arantv.az\/?cat=4\" rel=\"category\">Siyas\u0259t<\/a>","rttpg_excerpt":"Qazax\u0131stan\u0131n Az\u0259rbaycandak\u0131 s\u0259firliyi Xocal\u0131 faci\u0259sinin 29-cu ild\u00f6n\u00fcm\u00fc il\u0259 \u0259laq\u0259dar Az\u0259rbaycan xalq\u0131na d\u0259rin h\u00fcznl\u0259 ba\u015fsa\u011fl\u0131\u011f\u0131 verib. ARANTV.AZ\u00a0 x\u0259b\u0259r verir ki, ba\u015fsa\u011fl\u0131\u011f\u0131nda deyilir: &#8220;Az\u0259rbaycan xalq\u0131n\u0131n h\u00fczn\u00fcn\u00fc v\u0259 a\u011fr\u0131s\u0131n\u0131 b\u00f6l\u00fc\u015f\u00fcr, bu cinay\u0259tin qurbanlar\u0131n\u0131n \u0259ziz xatir\u0259sini yad edir. D\u00fcnya ictimaiyy\u0259tinin Xocal\u0131 faci\u0259si kimi hadis\u0259l\u0259rin g\u0259l\u0259c\u0259kd\u0259 bir daha ba\u015f verm\u0259m\u0259si \u00fc\u00e7\u00fcn b\u00fct\u00fcn s\u0259yl\u0259rinin \u0259sirg\u0259nm\u0259m\u0259sinin vacib oldu\u011funu hesab edirik&#8221;.","_links":{"self":[{"href":"https:\/\/arantv.az\/index.php?rest_route=\/wp\/v2\/posts\/302112"}],"collection":[{"href":"https:\/\/arantv.az\/index.php?rest_route=\/wp\/v2\/posts"}],"about":[{"href":"https:\/\/arantv.az\/index.php?rest_route=\/wp\/v2\/types\/post"}],"author":[{"embeddable":true,"href":"https:\/\/arantv.az\/index.php?rest_route=\/wp\/v2\/users\/2"}],"replies":[{"embeddable":true,"href":"https:\/\/arantv.az\/index.php?rest_route=%2Fwp%2Fv2%2Fcomments&post=302112"}],"version-history":[{"count":0,"href":"https:\/\/arantv.az\/index.php?rest_route=\/wp\/v2\/posts\/302112\/revisions"}],"wp:featuredmedia":[{"embeddable":true,"href":"https:\/\/arantv.az\/index.php?rest_route=\/wp\/v2\/media\/302113"}],"wp:attachment":[{"href":"https:\/\/arantv.az\/index.php?rest_route=%2Fwp%2Fv2%2Fmedia&parent=302112"}],"wp:term":[{"taxonomy":"category","embeddable":true,"href":"https:\/\/arantv.az\/index.php?rest_route=%2Fwp%2Fv2%2Fcategories&post=302112"},{"taxonomy":"post_tag","embeddable":true,"href":"https:\/\/arantv.az\/index.php?rest_route=%2Fwp%2Fv2%2Ftags&post=302112"}],"curies":[{"name":"wp","href":"https:\/\/api.w.org\/{rel}","templated":true}]}}