{"id":302124,"date":"2021-02-26T10:37:50","date_gmt":"2021-02-26T07:37:50","guid":{"rendered":"http:\/\/arantv.az\/?p=302124"},"modified":"2021-02-26T10:37:50","modified_gmt":"2021-02-26T07:37:50","slug":"10-a-yaxin-qazimiz-turkiy%c9%99d%c9%99-%c9%99m%c9%99liyyat-olunub-yasat-fondunun-r%c9%99hb%c9%99ri","status":"publish","type":"post","link":"https:\/\/arantv.az\/?p=302124","title":{"rendered":"&#8220;10-a yax\u0131n qazimiz T\u00fcrkiy\u0259d\u0259 \u0259m\u0259liyyat olunub&#8221; &#8211; &#8220;YA\u015eAT&#8221; Fondunun r\u0259hb\u0259ri"},"content":{"rendered":"<div class=\"new_content full-post-article\"><b>&#8220;T\u00fcrkiy\u0259d\u0259n \u00f6lk\u0259miz\u0259 bir qrup h\u0259kiml\u0259r d\u0259v\u0259t olunmu\u015fdu. H\u0259min h\u0259kim hey\u0259tinin t\u0259rkibind\u0259 ortoped, travmatoloq, \u00fcmumi c\u0259rrah, beyin c\u0259rrah\u0131 v\u0259 dig\u0259r ixtisasl\u0131 h\u0259kiml\u0259r var idi. Onlar \u00fc\u00e7 g\u00fcn \u0259rzind\u0259 bizim tibb m\u00fc\u0259ssis\u0259l\u0259rind\u0259 a\u011f\u0131r v\u0259ziyy\u0259td\u0259 olan qazil\u0259ri m\u00fcayin\u0259 edibl\u0259r&#8221;.<br \/>\n<\/b><\/p>\n<div><\/div>\n<div><strong>ARANTV.AZ<\/strong> x\u0259b\u0259r verir ki, bunu APA-ya a\u00e7\u0131qlamas\u0131nda &#8220;YA\u015eAT&#8221; Fondunun r\u0259hb\u0259ri Elvin H\u00fcseynov deyib.<\/p>\n<div class=\"inlineads\"><\/div>\n<\/div>\n<div><\/div>\n<div>O bildirib ki, m\u00fcayin\u0259l\u0259rin n\u0259tic\u0259sin\u0259 uy\u011fun olaraq \u0259g\u0259r qazil\u0259rimizin \u00f6lk\u0259 xaricind\u0259 \u0259m\u0259liyyat\u0131na v\u0259 m\u00fcalic\u0259sin\u0259 ehtiyac yaranarsa onlar xaricd\u0259 m\u00fcayin\u0259 v\u0259 m\u00fcalic\u0259y\u0259 g\u00f6nd\u0259r\u0259c\u0259kl\u0259r: &#8220;Haz\u0131rda 18 qazimiz T\u00fcrkiy\u0259d\u0259dir. Bu g\u00fcn daha 2 qazimizi T\u00fcrkiy\u0259y\u0259 yola sald\u0131q. Qar\u015f\u0131dak\u0131 g\u00fcnl\u0259rd\u0259 n\u00f6vb\u0259ti qazil\u0259rimizd\u0259n d\u0259 \u0259m\u0259liyyat \u00fc\u00e7\u00fcn T\u00fcrkiy\u0259y\u0259 yola sal\u0131nanlar olacaq. T\u0259xmin\u0259n 10-a yax\u0131n qazimiz art\u0131q T\u00fcrkiy\u0259d\u0259 \u0259m\u0259liyyat olunub, v\u0259ziyy\u0259tl\u0259ri normald\u0131r. H\u0259r bir qazimizl\u0259 h\u0259r g\u00fcn maraqlan\u0131r\u0131q, onlar\u0131n m\u00fcalic\u0259sinin nec\u0259 getdiyini diqq\u0259t m\u0259rk\u0259zind\u0259 saxlay\u0131r\u0131q. \u0130sraild\u0259n is\u0259 yax\u0131n g\u00fcnl\u0259rd\u0259 g\u00f6z h\u0259kiml\u0259rinin \u00f6lk\u0259miz\u0259 g\u0259lm\u0259si n\u0259z\u0259rd\u0259 tutulur&#8221;.<\/div>\n<\/div>\n<div class=\"full-post-share\">\n<div class=\"share-one-page-multi-element\">\n<div class=\"a2a_kit a2a_kit_size_32 a2a_default_style\" data-a2a-url=\"https:\/\/www.medicina.az\/10-a-yaxin-qazimiz-turkiyede-emeliyyat-olunub-yasat-fondunun-rehberi\" data-a2a-title=\"&quot;10-a yax\u0131n qazimiz T\u00fcrkiy\u0259d\u0259 \u0259m\u0259liyyat olunub&quot; - &quot;YA\u015eAT&quot; Fondunun r\u0259hb\u0259ri\" data-a2a-image=\"https:\/\/www.medicina.az\/uploads\/news\/2021-02-26-11-22-386w37Y3VULOfYvKvJ8gIu_file.jpg\"><a class=\"a2a_dd\" href=\"https:\/\/www.addtoany.com\/share#url=https%3A%2F%2Fwww.medicina.az%2F10-a-yaxin-qazimiz-turkiyede-emeliyyat-olunub-yasat-fondunun-rehberi&amp;title=%2210-a%20yax%C4%B1n%20qazimiz%20T%C3%BCrkiy%C9%99d%C9%99%20%C9%99m%C9%99liyyat%20olunub%22%20-%20%22YA%C5%9EAT%22%20Fondunun%20r%C9%99hb%C9%99ri\"><span class=\"a2a_label a2a_localize\" data-a2a-localize=\"inner,Share\">\u0420\u0435\u0441\u0443\u0440\u0441<\/span><\/a><a class=\"a2a_button_facebook\" href=\"https:\/\/www.medicina.az\/#facebook\" target=\"_blank\" rel=\"nofollow noopener\"><span class=\"a2a_label\">Facebook<\/span><\/a><a class=\"a2a_button_twitter\" href=\"https:\/\/www.medicina.az\/#twitter\" target=\"_blank\" rel=\"nofollow noopener\"><span class=\"a2a_label\">Twitter<\/span><\/a><a class=\"a2a_button_email\" href=\"https:\/\/www.medicina.az\/#email\" target=\"_blank\" rel=\"nofollow noopener\"><span class=\"a2a_label\">Email<\/span><\/a><a class=\"a2a_button_whatsapp\" href=\"https:\/\/www.medicina.az\/#whatsapp\" target=\"_blank\" rel=\"nofollow noopener\"><span class=\"a2a_label\">WhatsApp<\/span><\/a><\/p>\n<div><\/div>\n<\/div>\n<\/div>\n<\/div>\n","protected":false},"excerpt":{"rendered":"<p>&#8220;T\u00fcrkiy\u0259d\u0259n \u00f6lk\u0259miz\u0259 bir qrup h\u0259kiml\u0259r d\u0259v\u0259t olunmu\u015fdu. H\u0259min h\u0259kim hey\u0259tinin t\u0259rkibind\u0259 ortoped, travmatoloq, \u00fcmumi c\u0259rrah, beyin c\u0259rrah\u0131 v\u0259 dig\u0259r ixtisasl\u0131 h\u0259kiml\u0259r var idi. Onlar \u00fc\u00e7 g\u00fcn \u0259rzind\u0259 bizim tibb m\u00fc\u0259ssis\u0259l\u0259rind\u0259 a\u011f\u0131r v\u0259ziyy\u0259td\u0259 olan qazil\u0259ri m\u00fcayin\u0259 edibl\u0259r&#8221;. ARANTV.AZ x\u0259b\u0259r verir ki, bunu APA-ya a\u00e7\u0131qlamas\u0131nda &#8220;YA\u015eAT&#8221; Fondunun r\u0259hb\u0259ri Elvin H\u00fcseynov deyib. O bildirib ki, m\u00fcayin\u0259l\u0259rin n\u0259tic\u0259sin\u0259 uy\u011fun olaraq \u0259g\u0259r qazil\u0259rimizin \u00f6lk\u0259 xaricind\u0259 \u0259m\u0259liyyat\u0131na v\u0259 m\u00fcalic\u0259sin\u0259 ehtiyac yaranarsa onlar xaricd\u0259 m\u00fcayin\u0259 v\u0259 m\u00fcalic\u0259y\u0259 g\u00f6nd\u0259r\u0259c\u0259kl\u0259r: &#8220;Haz\u0131rda 18 qazimiz T\u00fcrkiy\u0259d\u0259dir. Bu g\u00fcn daha 2 qazimizi T\u00fcrkiy\u0259y\u0259 yola sald\u0131q. Qar\u015f\u0131dak\u0131 g\u00fcnl\u0259rd\u0259 n\u00f6vb\u0259ti qazil\u0259rimizd\u0259n d\u0259 \u0259m\u0259liyyat \u00fc\u00e7\u00fcn&hellip;<\/p>\n","protected":false},"author":2,"featured_media":302125,"comment_status":"closed","ping_status":"closed","sticky":false,"template":"","format":"standard","meta":{"om_disable_all_campaigns":false,"_monsterinsights_skip_tracking":false,"_monsterinsights_sitenote_active":false,"_monsterinsights_sitenote_note":"","_monsterinsights_sitenote_category":0},"categories":[26],"tags":[],"aioseo_notices":[],"gutentor_comment":0,"rttpg_featured_image_url":{"full":["https:\/\/arantv.az\/wp-content\/uploads\/2021\/02\/2021-02-26-11-22-386w37Y3VULOfYvKvJ8gIu_file.jpg",720,540,false],"landscape":["https:\/\/arantv.az\/wp-content\/uploads\/2021\/02\/2021-02-26-11-22-386w37Y3VULOfYvKvJ8gIu_file.jpg",720,540,false],"portraits":["https:\/\/arantv.az\/wp-content\/uploads\/2021\/02\/2021-02-26-11-22-386w37Y3VULOfYvKvJ8gIu_file.jpg",720,540,false],"thumbnail":["https:\/\/arantv.az\/wp-content\/uploads\/2021\/02\/2021-02-26-11-22-386w37Y3VULOfYvKvJ8gIu_file-150x150.jpg",150,150,true],"medium":["https:\/\/arantv.az\/wp-content\/uploads\/2021\/02\/2021-02-26-11-22-386w37Y3VULOfYvKvJ8gIu_file-300x225.jpg",300,225,true],"large":["https:\/\/arantv.az\/wp-content\/uploads\/2021\/02\/2021-02-26-11-22-386w37Y3VULOfYvKvJ8gIu_file.jpg",640,480,false],"1536x1536":["https:\/\/arantv.az\/wp-content\/uploads\/2021\/02\/2021-02-26-11-22-386w37Y3VULOfYvKvJ8gIu_file.jpg",720,540,false],"2048x2048":["https:\/\/arantv.az\/wp-content\/uploads\/2021\/02\/2021-02-26-11-22-386w37Y3VULOfYvKvJ8gIu_file.jpg",720,540,false],"post-thumbnail":["https:\/\/arantv.az\/wp-content\/uploads\/2021\/02\/2021-02-26-11-22-386w37Y3VULOfYvKvJ8gIu_file-240x172.jpg",240,172,true],"advps-thumb-one":["https:\/\/arantv.az\/wp-content\/uploads\/2021\/02\/2021-02-26-11-22-386w37Y3VULOfYvKvJ8gIu_file.jpg",720,540,false]},"rttpg_author":{"display_name":"V\u00fcsal Rafiqo\u011flu","author_link":"https:\/\/arantv.az\/?author=2"},"rttpg_comment":0,"rttpg_category":"<a href=\"https:\/\/arantv.az\/?cat=26\" rel=\"category\">Sosial<\/a>","rttpg_excerpt":"&#8220;T\u00fcrkiy\u0259d\u0259n \u00f6lk\u0259miz\u0259 bir qrup h\u0259kiml\u0259r d\u0259v\u0259t olunmu\u015fdu. H\u0259min h\u0259kim hey\u0259tinin t\u0259rkibind\u0259 ortoped, travmatoloq, \u00fcmumi c\u0259rrah, beyin c\u0259rrah\u0131 v\u0259 dig\u0259r ixtisasl\u0131 h\u0259kiml\u0259r var idi. Onlar \u00fc\u00e7 g\u00fcn \u0259rzind\u0259 bizim tibb m\u00fc\u0259ssis\u0259l\u0259rind\u0259 a\u011f\u0131r v\u0259ziyy\u0259td\u0259 olan qazil\u0259ri m\u00fcayin\u0259 edibl\u0259r&#8221;. ARANTV.AZ x\u0259b\u0259r verir ki, bunu APA-ya a\u00e7\u0131qlamas\u0131nda &#8220;YA\u015eAT&#8221; Fondunun r\u0259hb\u0259ri Elvin H\u00fcseynov deyib. O bildirib ki, m\u00fcayin\u0259l\u0259rin n\u0259tic\u0259sin\u0259 uy\u011fun&hellip;","_links":{"self":[{"href":"https:\/\/arantv.az\/index.php?rest_route=\/wp\/v2\/posts\/302124"}],"collection":[{"href":"https:\/\/arantv.az\/index.php?rest_route=\/wp\/v2\/posts"}],"about":[{"href":"https:\/\/arantv.az\/index.php?rest_route=\/wp\/v2\/types\/post"}],"author":[{"embeddable":true,"href":"https:\/\/arantv.az\/index.php?rest_route=\/wp\/v2\/users\/2"}],"replies":[{"embeddable":true,"href":"https:\/\/arantv.az\/index.php?rest_route=%2Fwp%2Fv2%2Fcomments&post=302124"}],"version-history":[{"count":0,"href":"https:\/\/arantv.az\/index.php?rest_route=\/wp\/v2\/posts\/302124\/revisions"}],"wp:featuredmedia":[{"embeddable":true,"href":"https:\/\/arantv.az\/index.php?rest_route=\/wp\/v2\/media\/302125"}],"wp:attachment":[{"href":"https:\/\/arantv.az\/index.php?rest_route=%2Fwp%2Fv2%2Fmedia&parent=302124"}],"wp:term":[{"taxonomy":"category","embeddable":true,"href":"https:\/\/arantv.az\/index.php?rest_route=%2Fwp%2Fv2%2Fcategories&post=302124"},{"taxonomy":"post_tag","embeddable":true,"href":"https:\/\/arantv.az\/index.php?rest_route=%2Fwp%2Fv2%2Ftags&post=302124"}],"curies":[{"name":"wp","href":"https:\/\/api.w.org\/{rel}","templated":true}]}}