{"id":302128,"date":"2021-02-26T10:38:38","date_gmt":"2021-02-26T07:38:38","guid":{"rendered":"http:\/\/arantv.az\/?p=302128"},"modified":"2021-02-26T10:38:38","modified_gmt":"2021-02-26T07:38:38","slug":"g%c9%99ncl%c9%99r-t%c9%99skilatlari-xocali-soyqirimi-bar%c9%99d%c9%99-h%c9%99qiq%c9%99tl%c9%99rin-t%c9%99bligin%c9%99-s%c9%99f%c9%99rb%c9%99r-olublar-video","status":"publish","type":"post","link":"https:\/\/arantv.az\/?p=302128","title":{"rendered":"G\u0259ncl\u0259r t\u0259\u015fkilatlar\u0131 Xocal\u0131 soyq\u0131r\u0131m\u0131 bar\u0259d\u0259 h\u0259qiq\u0259tl\u0259rin t\u0259bli\u011fin\u0259 s\u0259f\u0259rb\u0259r olublar &#8211; V\u0130DEO"},"content":{"rendered":"<article class=\"news\">\n<div class=\"news-inner\">\n<p>B\u0259\u015f\u0259riyy\u0259t tarixind\u0259 insanl\u0131\u011fa qar\u015f\u0131 h\u0259yata ke\u00e7irilmi\u015f \u0259n q\u0259ddar zorak\u0131l\u0131q n\u00fcmun\u0259l\u0259rind\u0259n biri olaraq tarixin yadda\u015f\u0131na h\u0259kk olmu\u015f Xocal\u0131 soyq\u0131r\u0131m\u0131n\u0131n 29-cu ild\u00f6n\u00fcm\u00fcnd\u0259 Az\u0259rbaycan Respublikas\u0131 G\u0259ncl\u0259r T\u0259\u015fkilatlar\u0131 Milli \u015euras\u0131n\u0131n (NAYORA) t\u0259\u015fkilat\u00e7\u0131l\u0131\u011f\u0131 il\u0259 g\u0259ncl\u0259r t\u0259\u015fkilatlar\u0131 t\u0259r\u0259find\u0259n silsil\u0259 t\u0259dbirl\u0259r h\u0259yata ke\u00e7irilir.<\/p>\n<p>H\u0259r il oldu\u011fu kimi, cari ild\u0259 d\u0259 g\u0259ncl\u0259r t\u0259\u015fkilatlar\u0131n\u0131n timsal\u0131nda Az\u0259rbaycan g\u0259ncliyi Xocal\u0131 soyq\u0131r\u0131m\u0131n\u0131n h\u0259m yerli, h\u0259m d\u0259 beyn\u0259lxalq s\u0259viyy\u0259d\u0259 geni\u015f t\u0259bli\u011fini \u0259sas missiya olaraq h\u0259d\u0259fl\u0259yib.<\/p>\n<p>Xocal\u0131 soyq\u0131r\u0131m\u0131n\u0131n 29-cu ild\u00f6n\u00fcm\u00fcn\u0259 h\u0259sr edilmi\u015f ilkin t\u0259dbirl\u0259rd\u0259n biri olaraq NAYORA-n\u0131n t\u0259\u015f\u0259bb\u00fcs\u00fc il\u0259 video\u00e7arx haz\u0131rlanaraq ictimaiyy\u0259t\u0259 t\u0259qdim edilib.<\/p>\n<div id=\"AdviadNativeVideo0\" class=\"AdviadNativeVideo\"><\/div>\n<p>Q\u0131sametrajl\u0131 video\u00e7arxda Xocal\u0131 q\u0259tliam\u0131n\u0131 \u0259ks etdir\u0259n kadrlar virtual reall\u0131q (VR) eyn\u0259yi\u00a0vasit\u0259sil\u0259 xarici \u00f6lk\u0259l\u0259rin v\u0259t\u0259nda\u015flar\u0131 olan g\u0259ncl\u0259r\u0259 n\u00fcmayi\u015f olunub v\u0259 i\u015ftirak\u00e7\u0131lar virtual \u015f\u0259kild\u0259 o gec\u0259y\u0259 \u015fahid olaraq sonda Xocal\u0131 q\u0259tliam\u0131 haqq\u0131nda \u00f6z fikirl\u0259rini b\u00f6l\u00fc\u015f\u00fcbl\u0259r. Video\u00e7arx\u0131n haz\u0131rlanmas\u0131nda \u0259sas m\u0259qs\u0259d dig\u0259r \u00f6lk\u0259l\u0259rin diqq\u0259tini Az\u0259rbaycan\u0131n q\u0259dim Xocal\u0131 \u015f\u0259h\u0259rind\u0259 h\u0259yata ke\u00e7iril\u0259n soyq\u0131r\u0131m\u0131na y\u00f6n\u0259ltm\u0259kdir. Video\u00e7arx NAYORA-n\u0131n t\u0259r\u0259fda\u015f oldu\u011fu xarici t\u0259\u015fkilatlara g\u00f6nd\u0259rilib. Eyni zamanda Xocal\u0131 soyq\u0131r\u0131m\u0131 haqq\u0131nda faktlar\u0131 \u0259ks etdir\u0259n ingilis dilind\u0259 haz\u0131rlanm\u0131\u015f posterl\u0259r sosial \u015f\u0259b\u0259k\u0259l\u0259rd\u0259 xarici auditoriyan\u0131n diqq\u0259tin\u0259 \u00e7atd\u0131r\u0131l\u0131r.<\/p>\n<p>Bununla yana\u015f\u0131, NAYORA beyn\u0259lxalq t\u0259msil\u00e7iliyin g\u00fccl\u0259ndirilm\u0259si \u00fc\u00e7\u00fcn s\u0259yl\u0259 \u00e7al\u0131\u015f\u0131r. M\u00fcz\u0259ff\u0259r Ali Ba\u015f Komandan \u0130lham \u018fliyevin r\u0259hb\u0259rliyi alt\u0131nda r\u0259\u015fad\u0259tli ordumuzun \u015fanl\u0131 q\u0259l\u0259b\u0259sind\u0259n sonra NAYORA \u00fczvl\u00fcy\u00fcnd\u0259 olan g\u0259ncl\u0259r t\u0259\u015fkilatlar\u0131n\u0131 beyn\u0259lxalq sferada f\u0259al m\u00fcbariz\u0259y\u0259 \u00e7a\u011f\u0131r\u0131b\u00a0v\u0259 bu istiqam\u0259td\u0259 t\u0259\u015fkilatlar\u0131n f\u0259aliyy\u0259tl\u0259rinin inki\u015faf\u0131 \u00fc\u00e7\u00fcn \u0259sasl\u0131 add\u0131mlar at\u0131b. Bunlardan biri d\u0259 25 fevral tarixind\u0259 \u201cAz\u0259rbaycan h\u0259qiq\u0259tl\u0259rinin beyn\u0259lxalq ictimaiyy\u0259tin diqq\u0259tin\u0259 \u00e7atd\u0131r\u0131lmas\u0131nda g\u0259ncl\u0259rin v\u0259 g\u0259ncl\u0259r t\u0259\u015fkilatlar\u0131n\u0131n rolunun art\u0131r\u0131lmas\u0131\u201d\u00a0m\u00f6vzusunda Milli M\u0259clisin beyn\u0259lxalq m\u00fcnasib\u0259tl\u0259r v\u0259 parlamentl\u0259raras\u0131 \u0259laq\u0259l\u0259r komit\u0259sinin s\u0259dri S\u0259m\u0259d Seyidovla g\u0259ncl\u0259r t\u0259\u015fkilatlar\u0131n\u0131n g\u00f6r\u00fc\u015f\u00fcn\u00fcn t\u0259\u015fkil edilm\u0259si olub.<\/p>\n<p>G\u00f6r\u00fc\u015fd\u0259 Az\u0259rbaycan\u0131n haqq s\u0259sinin d\u00fcnyaya \u00e7atd\u0131r\u0131lmas\u0131nda g\u0259ncl\u0259rin v\u0259 g\u0259ncl\u0259r t\u0259\u015fkilatlar\u0131n\u0131n d\u00fczg\u00fcn t\u0259bli\u011fat \u00fcsullar\u0131ndan istifad\u0259 etm\u0259si, beyn\u0259lxalq t\u0259msil\u00e7ilikd\u0259 g\u0259ncl\u0259rin v\u0259 g\u0259ncl\u0259r t\u0259\u015fkilatlar\u0131n\u0131n rolu kimi m\u00f6vzular m\u00fczakir\u0259 olunub v\u0259 S\u0259m\u0259d Seyidov beyn\u0259lxalq t\u0259msil\u00e7ilikl\u0259\u00a0ba\u011fl\u0131 \u00f6z t\u00f6vsiy\u0259l\u0259rini v\u0259 t\u0259cr\u00fcb\u0259l\u0259rini g\u0259ncl\u0259rl\u0259 b\u00f6l\u00fc\u015f\u00fcb.<\/p>\n<p>NAYORA Xocal\u0131 soyq\u0131r\u0131m\u0131n\u0131n \u00f6lk\u0259 g\u0259ncl\u0259ri aras\u0131nda t\u0259bli\u011fi istiqam\u0259tind\u0259 d\u0259 add\u0131mlar at\u0131r. G\u0259ncl\u0259r t\u0259\u015fkilatlar\u0131n\u0131n t\u0259msil\u00e7il\u0259rind\u0259n ibar\u0259t ictimai maarifl\u0259ndirm\u0259 qruplar\u0131 paytaxt v\u0259 regionlarda f\u0259aliyy\u0259t g\u00f6st\u0259r\u0259r\u0259k Xocal\u0131 h\u0259qiq\u0259tl\u0259rini g\u0259ncl\u0259r\u0259 \u00e7atd\u0131r\u0131r v\u0259 bu istiqam\u0259td\u0259 maarifl\u0259ndirm\u0259 t\u0259dbirl\u0259rini h\u0259yata ke\u00e7irir.<\/p>\n<p>Qeyd ed\u0259k ki, g\u0259ncl\u0259r t\u0259\u015fkilatlar\u0131 \u00fc\u00e7\u00fcn g\u00f6r\u00fc\u015fl\u0259rin v\u0259 maarifl\u0259ndirm\u0259 i\u015fl\u0259rinin apar\u0131lmas\u0131nda NAYORA-n\u0131n \u0259sas m\u0259qs\u0259di faktlara, beyn\u0259lxalq h\u00fcquq v\u0259 normalara \u0259saslanan, v\u0259t\u0259np\u0259rv\u0259r ruhlu, savadl\u0131 \u201cAz\u0259rbaycan G\u0259ncliyi Ordusu\u201dnun yeti\u015fdirilm\u0259sind\u0259 f\u0259al i\u015ftirak etm\u0259kdir.<\/p>\n<p>T\u0259dbirl\u0259r \u00e7\u0259r\u00e7iv\u0259sind\u0259 26 fevral tarixind\u0259 Xocal\u0131 soyq\u0131r\u0131m\u0131nda q\u0259tl\u0259 yetirilmi\u015f\u00a0v\u0259t\u0259nda\u015flar\u0131m\u0131z\u0131n ruhuna ehtiram r\u0259mzi olaraq, eyni zamanda Az\u0259rbaycan g\u0259ncliyinin birliyini, q\u0259tiyy\u0259tini n\u00fcmayi\u015f etdirm\u0259k m\u0259qs\u0259di il\u0259 NAYORA-ya \u00fczv t\u0259\u015fkilatlar\u0131n \u201cAna haray\u0131\u201d abid\u0259sin\u0259 y\u00fcr\u00fc\u015f\u00fc ba\u015f tutacaq.<\/p>\n<div><iframe loading=\"lazy\" src=\"https:\/\/www.youtube.com\/embed\/o-Py0XcoiNA\" width=\"560\" height=\"315\" frameborder=\"0\" allowfullscreen=\"allowfullscreen\" data-mce-fragment=\"1\"><\/iframe><\/div>\n<\/div>\n<\/article>\n<h2 class=\"news-share-title\"><\/h2>\n","protected":false},"excerpt":{"rendered":"<p>B\u0259\u015f\u0259riyy\u0259t tarixind\u0259 insanl\u0131\u011fa qar\u015f\u0131 h\u0259yata ke\u00e7irilmi\u015f \u0259n q\u0259ddar zorak\u0131l\u0131q n\u00fcmun\u0259l\u0259rind\u0259n biri olaraq tarixin yadda\u015f\u0131na h\u0259kk olmu\u015f Xocal\u0131 soyq\u0131r\u0131m\u0131n\u0131n 29-cu ild\u00f6n\u00fcm\u00fcnd\u0259 Az\u0259rbaycan Respublikas\u0131 G\u0259ncl\u0259r T\u0259\u015fkilatlar\u0131 Milli \u015euras\u0131n\u0131n (NAYORA) t\u0259\u015fkilat\u00e7\u0131l\u0131\u011f\u0131 il\u0259 g\u0259ncl\u0259r t\u0259\u015fkilatlar\u0131 t\u0259r\u0259find\u0259n silsil\u0259 t\u0259dbirl\u0259r h\u0259yata ke\u00e7irilir. H\u0259r il oldu\u011fu kimi, cari ild\u0259 d\u0259 g\u0259ncl\u0259r t\u0259\u015fkilatlar\u0131n\u0131n timsal\u0131nda Az\u0259rbaycan g\u0259ncliyi Xocal\u0131 soyq\u0131r\u0131m\u0131n\u0131n h\u0259m yerli, h\u0259m d\u0259 beyn\u0259lxalq s\u0259viyy\u0259d\u0259 geni\u015f t\u0259bli\u011fini \u0259sas missiya olaraq h\u0259d\u0259fl\u0259yib. Xocal\u0131 soyq\u0131r\u0131m\u0131n\u0131n 29-cu ild\u00f6n\u00fcm\u00fcn\u0259 h\u0259sr edilmi\u015f ilkin t\u0259dbirl\u0259rd\u0259n biri olaraq NAYORA-n\u0131n t\u0259\u015f\u0259bb\u00fcs\u00fc il\u0259 video\u00e7arx haz\u0131rlanaraq ictimaiyy\u0259t\u0259 t\u0259qdim edilib. Q\u0131sametrajl\u0131 video\u00e7arxda Xocal\u0131 q\u0259tliam\u0131n\u0131 \u0259ks etdir\u0259n kadrlar virtual reall\u0131q (VR)&hellip;<\/p>\n","protected":false},"author":2,"featured_media":302129,"comment_status":"closed","ping_status":"closed","sticky":false,"template":"","format":"standard","meta":{"om_disable_all_campaigns":false,"_monsterinsights_skip_tracking":false,"_monsterinsights_sitenote_active":false,"_monsterinsights_sitenote_note":"","_monsterinsights_sitenote_category":0},"categories":[26],"tags":[],"aioseo_notices":[],"gutentor_comment":0,"rttpg_featured_image_url":{"full":["https:\/\/arantv.az\/wp-content\/uploads\/2021\/02\/jijiji.jpg",620,349,false],"landscape":["https:\/\/arantv.az\/wp-content\/uploads\/2021\/02\/jijiji.jpg",620,349,false],"portraits":["https:\/\/arantv.az\/wp-content\/uploads\/2021\/02\/jijiji.jpg",620,349,false],"thumbnail":["https:\/\/arantv.az\/wp-content\/uploads\/2021\/02\/jijiji-150x150.jpg",150,150,true],"medium":["https:\/\/arantv.az\/wp-content\/uploads\/2021\/02\/jijiji-300x169.jpg",300,169,true],"large":["https:\/\/arantv.az\/wp-content\/uploads\/2021\/02\/jijiji.jpg",620,349,false],"1536x1536":["https:\/\/arantv.az\/wp-content\/uploads\/2021\/02\/jijiji.jpg",620,349,false],"2048x2048":["https:\/\/arantv.az\/wp-content\/uploads\/2021\/02\/jijiji.jpg",620,349,false],"post-thumbnail":["https:\/\/arantv.az\/wp-content\/uploads\/2021\/02\/jijiji-240x172.jpg",240,172,true],"advps-thumb-one":["https:\/\/arantv.az\/wp-content\/uploads\/2021\/02\/jijiji.jpg",620,349,false]},"rttpg_author":{"display_name":"V\u00fcsal Rafiqo\u011flu","author_link":"https:\/\/arantv.az\/?author=2"},"rttpg_comment":0,"rttpg_category":"<a href=\"https:\/\/arantv.az\/?cat=26\" rel=\"category\">Sosial<\/a>","rttpg_excerpt":"B\u0259\u015f\u0259riyy\u0259t tarixind\u0259 insanl\u0131\u011fa qar\u015f\u0131 h\u0259yata ke\u00e7irilmi\u015f \u0259n q\u0259ddar zorak\u0131l\u0131q n\u00fcmun\u0259l\u0259rind\u0259n biri olaraq tarixin yadda\u015f\u0131na h\u0259kk olmu\u015f Xocal\u0131 soyq\u0131r\u0131m\u0131n\u0131n 29-cu ild\u00f6n\u00fcm\u00fcnd\u0259 Az\u0259rbaycan Respublikas\u0131 G\u0259ncl\u0259r T\u0259\u015fkilatlar\u0131 Milli \u015euras\u0131n\u0131n (NAYORA) t\u0259\u015fkilat\u00e7\u0131l\u0131\u011f\u0131 il\u0259 g\u0259ncl\u0259r t\u0259\u015fkilatlar\u0131 t\u0259r\u0259find\u0259n silsil\u0259 t\u0259dbirl\u0259r h\u0259yata ke\u00e7irilir. H\u0259r il oldu\u011fu kimi, cari ild\u0259 d\u0259 g\u0259ncl\u0259r t\u0259\u015fkilatlar\u0131n\u0131n timsal\u0131nda Az\u0259rbaycan g\u0259ncliyi Xocal\u0131 soyq\u0131r\u0131m\u0131n\u0131n h\u0259m yerli, h\u0259m d\u0259 beyn\u0259lxalq&hellip;","_links":{"self":[{"href":"https:\/\/arantv.az\/index.php?rest_route=\/wp\/v2\/posts\/302128"}],"collection":[{"href":"https:\/\/arantv.az\/index.php?rest_route=\/wp\/v2\/posts"}],"about":[{"href":"https:\/\/arantv.az\/index.php?rest_route=\/wp\/v2\/types\/post"}],"author":[{"embeddable":true,"href":"https:\/\/arantv.az\/index.php?rest_route=\/wp\/v2\/users\/2"}],"replies":[{"embeddable":true,"href":"https:\/\/arantv.az\/index.php?rest_route=%2Fwp%2Fv2%2Fcomments&post=302128"}],"version-history":[{"count":0,"href":"https:\/\/arantv.az\/index.php?rest_route=\/wp\/v2\/posts\/302128\/revisions"}],"wp:featuredmedia":[{"embeddable":true,"href":"https:\/\/arantv.az\/index.php?rest_route=\/wp\/v2\/media\/302129"}],"wp:attachment":[{"href":"https:\/\/arantv.az\/index.php?rest_route=%2Fwp%2Fv2%2Fmedia&parent=302128"}],"wp:term":[{"taxonomy":"category","embeddable":true,"href":"https:\/\/arantv.az\/index.php?rest_route=%2Fwp%2Fv2%2Fcategories&post=302128"},{"taxonomy":"post_tag","embeddable":true,"href":"https:\/\/arantv.az\/index.php?rest_route=%2Fwp%2Fv2%2Ftags&post=302128"}],"curies":[{"name":"wp","href":"https:\/\/api.w.org\/{rel}","templated":true}]}}