{"id":302136,"date":"2021-02-26T10:41:04","date_gmt":"2021-02-26T07:41:04","guid":{"rendered":"http:\/\/arantv.az\/?p=302136"},"modified":"2021-02-26T10:41:04","modified_gmt":"2021-02-26T07:41:04","slug":"prezident-%c9%99sas-m%c9%99qs%c9%99dimiz-ondan-ibar%c9%99tdir-ki-bu-qanli-cinay%c9%99t-hec-vaxt-unudulmasin","status":"publish","type":"post","link":"https:\/\/arantv.az\/?p=302136","title":{"rendered":"Prezident: \u201c\u018fsas m\u0259qs\u0259dimiz ondan ibar\u0259tdir ki, bu qanl\u0131 cinay\u0259t he\u00e7 vaxt unudulmas\u0131n\u201d"},"content":{"rendered":"<p>\u201cBir \u00e7ox beyn\u0259lxalq t\u0259\u015fkilatlar Az\u0259rbaycan\u0131n t\u0259\u015f\u0259bb\u00fcs\u00fc il\u0259 Xocal\u0131 soyq\u0131r\u0131m\u0131na \u00f6z m\u00fcnasib\u0259tini bildiribl\u0259r. Bu istiqam\u0259td\u0259 i\u015fl\u0259r davam etdiril\u0259c\u0259k\u201d.<\/p>\n<p>Bu s\u00f6zl\u0259ri Prezident \u0130lham \u018fliyev bu g\u00fcn ke\u00e7irdiyi m\u0259tbuat konfrans\u0131nda deyib.<\/p>\n<p>\u201c\u018flb\u0259tt\u0259,\u00a0soyq\u0131r\u0131m\u0131 t\u00f6r\u0259dil\u0259nd\u0259 Az\u0259rbaycan dem\u0259k olar ki, informasiya blokadas\u0131nda idi. O vaxt m\u00fcasir imkanlar da yox idi. Ona g\u00f6r\u0259 bu m\u0259s\u0259l\u0259 bir \u00e7oxlar\u0131 \u00fc\u00e7\u00fcn ayd\u0131n deyildi. X\u00fcsusil\u0259 n\u0259z\u0259r\u0259 alsaq ki, o ill\u0259rd\u0259 Az\u0259rbaycan\u0131n beyn\u0259lxalq al\u0259md\u0259\u00a0imkanlar\u0131 o q\u0259d\u0259r d\u0259 \u00e7ox deyildi. H\u0259min vaxt\u00a0erm\u0259ni lobbisi f\u0259al \u00e7al\u0131\u015f\u0131rd\u0131 v\u0259 m\u00fcharib\u0259 il\u0259 ba\u011fl\u0131, ba\u015f vermi\u015f hadis\u0259l\u0259rl\u0259 ba\u011fl\u0131 yalan, t\u0259hrif edilmi\u015f m\u0259lumatlar \u00f6t\u00fcr\u00fcrd\u00fc. Beyn\u0259lxalq ictimaiyy\u0259td\u0259 yanl\u0131\u015f fikirl\u0259r formala\u015fm\u0131\u015fd\u0131.<\/p>\n<div id=\"AdviadNativeVideo0\" class=\"AdviadNativeVideo\"><\/div>\n<p>Bu fikirl\u0259ri aradan qald\u0131rmaq, onlar\u0131 t\u0259kzib etm\u0259k \u00fc\u00e7\u00fcn biz \u0259lb\u0259tt\u0259 ki, b\u00f6y\u00fck s\u0259yl\u0259r g\u00f6st\u0259rm\u0259li idik v\u0259 son ill\u0259r \u0259rzind\u0259 ard\u0131c\u0131l f\u0259aliyy\u0259td\u0259 bu s\u0259yl\u0259ri g\u00f6st\u0259rmi\u015fik. D\u00f6vl\u0259t olaraq, ictimai t\u0259\u015fkilatlar olaraq.\u00a0\u0130ctimai t\u0259\u015fkilatlar aras\u0131nda Heyd\u0259r \u018fliyev Fondunun f\u0259aliyy\u0259tini x\u00fcsusil\u0259 qeyd etm\u0259k ist\u0259yir\u0259m. Xocal\u0131ya \u0259dal\u0259t \u015f\u00fcar\u0131 alt\u0131nda bir \u00e7ox \u00f6lk\u0259l\u0259rd\u0259 m\u00fcxt\u0259lif t\u0259dbirl\u0259r ke\u00e7irilib.<\/p>\n<p>\u018fsas m\u0259qs\u0259dimiz ondan ibar\u0259tdir ki, bu qanl\u0131 cinay\u0259t he\u00e7 vaxt unudulmas\u0131n. N\u0259 Az\u0259rbaycanda, n\u0259 d\u0259 d\u00fcnyada he\u00e7 vaxt bu t\u0259krarlanmas\u0131n. He\u00e7 vaxt Az\u0259rbaycan 90-c\u0131 ill\u0259rin \u0259vv\u0259lind\u0259 olan o aciz duruma d\u00fc\u015fm\u0259sin. H\u0259r zaman Az\u0259rbaycan \u00f6z\u00fcn\u00fc v\u0259 \u00f6z v\u0259t\u0259nda\u015flar\u0131n\u0131 qoruya bilsin.<\/p>\n<p>Hesab edir\u0259m ki, bu g\u00fcn Xocal\u0131 soyq\u0131r\u0131m\u0131 il\u0259 ba\u011fl\u0131 d\u00fcnyada geni\u015f m\u0259lumat var. Halbuki burada da Erm\u0259nistan t\u0259r\u0259fi m\u00fcxt\u0259lif yollarla yalan informasiyalar yayaraq, bu qanl\u0131 cinay\u0259ti d\u0259 Az\u0259rbaycan d\u00f6vl\u0259tinin \u00fcz\u0259rin\u0259 atmaq ist\u0259yirdi. Sanki Az\u0259rbaycan \u00f6z\u00fc Xocal\u0131 soyq\u0131r\u0131m\u0131n\u0131 t\u00f6r\u0259dib. Bu add\u0131mlar\u0131n t\u0259krar\u0131n\u0131 biz \u0130kinci Qaraba\u011f m\u00fcharib\u0259sind\u0259 d\u0259 g\u00f6rd\u00fck. G\u0259nc\u0259ni, T\u0259rt\u0259ri, A\u011fdam\u0131 v\u0259 dig\u0259r \u015f\u0259h\u0259rl\u0259ri bombalayanda Erm\u0259nistan r\u0259hb\u0259rliyi deyirdi ki, Az\u0259rbaycan bunu \u00f6z\u00fc t\u00f6r\u0259dib. Halbuki ballistik raketl\u0259rl\u0259 a\u00e7\u0131lan at\u0259\u015f peyk t\u0259r\u0259find\u0259n izl\u0259nilir v\u0259 b\u00f6y\u00fck d\u00f6vl\u0259tl\u0259r, ilk n\u00f6vb\u0259d\u0259 Minsk qrupuna h\u0259ms\u0259drlik ed\u0259n \u00f6lk\u0259l\u0259r b\u00fct\u00fcn bu m\u0259nz\u0259r\u0259ni izl\u0259yirdi.<\/p>\n<p>Ballistik raketl\u0259r Erm\u0259nistan \u0259razisind\u0259n burax\u0131l\u0131b. Erm\u0259nil\u0259r n\u00f6vb\u0259ti yalana\u00a0c\u0259hd\u00a0g\u00f6st\u0259rdil\u0259r, amma ke\u00e7m\u0259di. \u00c7\u00fcnki art\u0131q v\u0259ziyy\u0259t tam ba\u015fqad\u0131r v\u0259 m\u0259lumat\u0131 \u00f6t\u00fcrm\u0259k \u00fc\u00e7\u00fcn imkanlar\u0131m\u0131z var. Ona g\u00f6r\u0259 m\u0259n tam \u0259min\u0259m ki, ill\u0259r ke\u00e7dikc\u0259 Xocal\u0131 soyq\u0131r\u0131m\u0131 haqq\u0131nda b\u00fct\u00fcn d\u00fcnya bil\u0259c\u0259k, bizim v\u0259zif\u0259miz bundan ibar\u0259tdir. Bundan sonra da \u00e7al\u0131\u015faca\u011f\u0131q ki, d\u00fcnya \u00f6lk\u0259l\u0259ri bu soyq\u0131r\u0131m\u0131 r\u0259sm\u0259n soyq\u0131r\u0131m\u0131 kimi tan\u0131s\u0131nlar. Bu istiqam\u0259td\u0259 i\u015fl\u0259r bundan sonra da ard\u0131c\u0131l s\u00fcr\u0259td\u0259 apar\u0131lacaq\u201d.<\/p>\n","protected":false},"excerpt":{"rendered":"<p>\u201cBir \u00e7ox beyn\u0259lxalq t\u0259\u015fkilatlar Az\u0259rbaycan\u0131n t\u0259\u015f\u0259bb\u00fcs\u00fc il\u0259 Xocal\u0131 soyq\u0131r\u0131m\u0131na \u00f6z m\u00fcnasib\u0259tini bildiribl\u0259r. Bu istiqam\u0259td\u0259 i\u015fl\u0259r davam etdiril\u0259c\u0259k\u201d. Bu s\u00f6zl\u0259ri Prezident \u0130lham \u018fliyev bu g\u00fcn ke\u00e7irdiyi m\u0259tbuat konfrans\u0131nda deyib. \u201c\u018flb\u0259tt\u0259,\u00a0soyq\u0131r\u0131m\u0131 t\u00f6r\u0259dil\u0259nd\u0259 Az\u0259rbaycan dem\u0259k olar ki, informasiya blokadas\u0131nda idi. O vaxt m\u00fcasir imkanlar da yox idi. Ona g\u00f6r\u0259 bu m\u0259s\u0259l\u0259 bir \u00e7oxlar\u0131 \u00fc\u00e7\u00fcn ayd\u0131n deyildi. X\u00fcsusil\u0259 n\u0259z\u0259r\u0259 alsaq ki, o ill\u0259rd\u0259 Az\u0259rbaycan\u0131n beyn\u0259lxalq al\u0259md\u0259\u00a0imkanlar\u0131 o q\u0259d\u0259r d\u0259 \u00e7ox deyildi. H\u0259min vaxt\u00a0erm\u0259ni lobbisi f\u0259al \u00e7al\u0131\u015f\u0131rd\u0131 v\u0259 m\u00fcharib\u0259 il\u0259 ba\u011fl\u0131, ba\u015f vermi\u015f hadis\u0259l\u0259rl\u0259 ba\u011fl\u0131 yalan, t\u0259hrif edilmi\u015f m\u0259lumatlar \u00f6t\u00fcr\u00fcrd\u00fc. Beyn\u0259lxalq ictimaiyy\u0259td\u0259 yanl\u0131\u015f fikirl\u0259r formala\u015fm\u0131\u015fd\u0131.&hellip;<\/p>\n","protected":false},"author":2,"featured_media":302137,"comment_status":"closed","ping_status":"closed","sticky":false,"template":"","format":"standard","meta":{"om_disable_all_campaigns":false,"_monsterinsights_skip_tracking":false,"_monsterinsights_sitenote_active":false,"_monsterinsights_sitenote_note":"","_monsterinsights_sitenote_category":0},"categories":[4],"tags":[],"aioseo_notices":[],"gutentor_comment":0,"rttpg_featured_image_url":{"full":["https:\/\/arantv.az\/wp-content\/uploads\/2021\/02\/15900660044314753183_1000x669-1.jpg",620,426,false],"landscape":["https:\/\/arantv.az\/wp-content\/uploads\/2021\/02\/15900660044314753183_1000x669-1.jpg",620,426,false],"portraits":["https:\/\/arantv.az\/wp-content\/uploads\/2021\/02\/15900660044314753183_1000x669-1.jpg",620,426,false],"thumbnail":["https:\/\/arantv.az\/wp-content\/uploads\/2021\/02\/15900660044314753183_1000x669-1-150x150.jpg",150,150,true],"medium":["https:\/\/arantv.az\/wp-content\/uploads\/2021\/02\/15900660044314753183_1000x669-1-300x206.jpg",300,206,true],"large":["https:\/\/arantv.az\/wp-content\/uploads\/2021\/02\/15900660044314753183_1000x669-1.jpg",620,426,false],"1536x1536":["https:\/\/arantv.az\/wp-content\/uploads\/2021\/02\/15900660044314753183_1000x669-1.jpg",620,426,false],"2048x2048":["https:\/\/arantv.az\/wp-content\/uploads\/2021\/02\/15900660044314753183_1000x669-1.jpg",620,426,false],"post-thumbnail":["https:\/\/arantv.az\/wp-content\/uploads\/2021\/02\/15900660044314753183_1000x669-1-240x172.jpg",240,172,true],"advps-thumb-one":["https:\/\/arantv.az\/wp-content\/uploads\/2021\/02\/15900660044314753183_1000x669-1.jpg",620,426,false]},"rttpg_author":{"display_name":"V\u00fcsal Rafiqo\u011flu","author_link":"https:\/\/arantv.az\/?author=2"},"rttpg_comment":0,"rttpg_category":"<a href=\"https:\/\/arantv.az\/?cat=4\" rel=\"category\">Siyas\u0259t<\/a>","rttpg_excerpt":"\u201cBir \u00e7ox beyn\u0259lxalq t\u0259\u015fkilatlar Az\u0259rbaycan\u0131n t\u0259\u015f\u0259bb\u00fcs\u00fc il\u0259 Xocal\u0131 soyq\u0131r\u0131m\u0131na \u00f6z m\u00fcnasib\u0259tini bildiribl\u0259r. Bu istiqam\u0259td\u0259 i\u015fl\u0259r davam etdiril\u0259c\u0259k\u201d. Bu s\u00f6zl\u0259ri Prezident \u0130lham \u018fliyev bu g\u00fcn ke\u00e7irdiyi m\u0259tbuat konfrans\u0131nda deyib. \u201c\u018flb\u0259tt\u0259,\u00a0soyq\u0131r\u0131m\u0131 t\u00f6r\u0259dil\u0259nd\u0259 Az\u0259rbaycan dem\u0259k olar ki, informasiya blokadas\u0131nda idi. O vaxt m\u00fcasir imkanlar da yox idi. Ona g\u00f6r\u0259 bu m\u0259s\u0259l\u0259 bir \u00e7oxlar\u0131 \u00fc\u00e7\u00fcn ayd\u0131n deyildi. X\u00fcsusil\u0259 n\u0259z\u0259r\u0259&hellip;","_links":{"self":[{"href":"https:\/\/arantv.az\/index.php?rest_route=\/wp\/v2\/posts\/302136"}],"collection":[{"href":"https:\/\/arantv.az\/index.php?rest_route=\/wp\/v2\/posts"}],"about":[{"href":"https:\/\/arantv.az\/index.php?rest_route=\/wp\/v2\/types\/post"}],"author":[{"embeddable":true,"href":"https:\/\/arantv.az\/index.php?rest_route=\/wp\/v2\/users\/2"}],"replies":[{"embeddable":true,"href":"https:\/\/arantv.az\/index.php?rest_route=%2Fwp%2Fv2%2Fcomments&post=302136"}],"version-history":[{"count":0,"href":"https:\/\/arantv.az\/index.php?rest_route=\/wp\/v2\/posts\/302136\/revisions"}],"wp:featuredmedia":[{"embeddable":true,"href":"https:\/\/arantv.az\/index.php?rest_route=\/wp\/v2\/media\/302137"}],"wp:attachment":[{"href":"https:\/\/arantv.az\/index.php?rest_route=%2Fwp%2Fv2%2Fmedia&parent=302136"}],"wp:term":[{"taxonomy":"category","embeddable":true,"href":"https:\/\/arantv.az\/index.php?rest_route=%2Fwp%2Fv2%2Fcategories&post=302136"},{"taxonomy":"post_tag","embeddable":true,"href":"https:\/\/arantv.az\/index.php?rest_route=%2Fwp%2Fv2%2Ftags&post=302136"}],"curies":[{"name":"wp","href":"https:\/\/api.w.org\/{rel}","templated":true}]}}