{"id":30217,"date":"2019-01-01T14:28:10","date_gmt":"2019-01-01T11:28:10","guid":{"rendered":"http:\/\/arantv.az\/?p=30217"},"modified":"2019-01-01T14:28:10","modified_gmt":"2019-01-01T11:28:10","slug":"edam-c%c9%99zasina-etiraz-edib-masini-insanlarin-uz%c9%99rin%c9%99-surdu-9-yarali","status":"publish","type":"post","link":"https:\/\/arantv.az\/?p=30217","title":{"rendered":"Edam c\u0259zas\u0131na etiraz edib ma\u015f\u0131n\u0131 insanlar\u0131n \u00fcz\u0259rin\u0259 s\u00fcrd\u00fc: 9 yaral\u0131"},"content":{"rendered":"<p>Yaponiyan\u0131n paytaxt\u0131 Tokioda bayram ax\u015fam\u0131 terrora c\u0259hd hadis\u0259si ba\u015f verib.<\/p>\n<p><strong>ARANTV.AZ<\/strong> qafqazinfo-ya\u00a0istinad\u0259n x\u0259b\u0259r verir ki, bayram \u00fc\u00e7\u00fcn y\u0131\u011f\u0131\u015fm\u0131\u015f q\u0259l\u0259b\u0259liyin \u00fcz\u0259rin\u0259 g\u00f6zl\u0259nilm\u0259z anda avtomobil s\u00fcr\u00fcl\u00fcb. N\u0259tic\u0259d\u0259 bir n\u0259f\u0259r a\u011f\u0131r yaralan\u0131b, 8 n\u0259f\u0259rin v\u0259ziyy\u0259ti is\u0259 orta a\u011f\u0131r qiym\u0259tl\u0259ndirilir.<\/p>\n<div id=\"AdributorNativeVideo0\" class=\"AdributorNativeVideo\"><\/div>\n<p>Hadis\u0259ni t\u00f6r\u0259d\u0259n 21 ya\u015fl\u0131 Kazuhiro Kusakabe polis\u0259 ifad\u0259 ver\u0259n zaman \u0259vv\u0259lc\u0259 terror t\u00f6r\u0259tm\u0259k ist\u0259diyini etiraf ets\u0259 d\u0259, daha sonra edam c\u0259zas\u0131na etiraz olaraq bu add\u0131m\u0131 atd\u0131\u011f\u0131n\u0131 bildirib.<\/p>\n","protected":false},"excerpt":{"rendered":"<p>Yaponiyan\u0131n paytaxt\u0131 Tokioda bayram ax\u015fam\u0131 terrora c\u0259hd hadis\u0259si ba\u015f verib. ARANTV.AZ qafqazinfo-ya\u00a0istinad\u0259n x\u0259b\u0259r verir ki, bayram \u00fc\u00e7\u00fcn y\u0131\u011f\u0131\u015fm\u0131\u015f q\u0259l\u0259b\u0259liyin \u00fcz\u0259rin\u0259 g\u00f6zl\u0259nilm\u0259z anda avtomobil s\u00fcr\u00fcl\u00fcb. N\u0259tic\u0259d\u0259 bir n\u0259f\u0259r a\u011f\u0131r yaralan\u0131b, 8 n\u0259f\u0259rin v\u0259ziyy\u0259ti is\u0259 orta a\u011f\u0131r qiym\u0259tl\u0259ndirilir. Hadis\u0259ni t\u00f6r\u0259d\u0259n 21 ya\u015fl\u0131 Kazuhiro Kusakabe polis\u0259 ifad\u0259 ver\u0259n zaman \u0259vv\u0259lc\u0259 terror t\u00f6r\u0259tm\u0259k ist\u0259diyini etiraf ets\u0259 d\u0259, daha sonra edam c\u0259zas\u0131na etiraz olaraq bu add\u0131m\u0131 atd\u0131\u011f\u0131n\u0131 bildirib.<\/p>\n","protected":false},"author":2,"featured_media":30218,"comment_status":"closed","ping_status":"closed","sticky":false,"template":"","format":"standard","meta":{"om_disable_all_campaigns":false,"_monsterinsights_skip_tracking":false,"_monsterinsights_sitenote_active":false,"_monsterinsights_sitenote_note":"","_monsterinsights_sitenote_category":0},"categories":[7],"tags":[],"aioseo_notices":[],"gutentor_comment":0,"rttpg_featured_image_url":{"full":["https:\/\/arantv.az\/wp-content\/uploads\/2019\/01\/717421.jpg",637,400,false],"landscape":["https:\/\/arantv.az\/wp-content\/uploads\/2019\/01\/717421.jpg",637,400,false],"portraits":["https:\/\/arantv.az\/wp-content\/uploads\/2019\/01\/717421.jpg",637,400,false],"thumbnail":["https:\/\/arantv.az\/wp-content\/uploads\/2019\/01\/717421-150x150.jpg",150,150,true],"medium":["https:\/\/arantv.az\/wp-content\/uploads\/2019\/01\/717421-300x188.jpg",300,188,true],"large":["https:\/\/arantv.az\/wp-content\/uploads\/2019\/01\/717421.jpg",637,400,false],"1536x1536":["https:\/\/arantv.az\/wp-content\/uploads\/2019\/01\/717421.jpg",637,400,false],"2048x2048":["https:\/\/arantv.az\/wp-content\/uploads\/2019\/01\/717421.jpg",637,400,false],"post-thumbnail":["https:\/\/arantv.az\/wp-content\/uploads\/2019\/01\/717421-240x172.jpg",240,172,true],"advps-thumb-one":["https:\/\/arantv.az\/wp-content\/uploads\/2019\/01\/717421.jpg",637,400,false]},"rttpg_author":{"display_name":"V\u00fcsal Rafiqo\u011flu","author_link":"https:\/\/arantv.az\/?author=2"},"rttpg_comment":0,"rttpg_category":"<a href=\"https:\/\/arantv.az\/?cat=7\" rel=\"category\">D\u00fcnya<\/a>","rttpg_excerpt":"Yaponiyan\u0131n paytaxt\u0131 Tokioda bayram ax\u015fam\u0131 terrora c\u0259hd hadis\u0259si ba\u015f verib. ARANTV.AZ qafqazinfo-ya\u00a0istinad\u0259n x\u0259b\u0259r verir ki, bayram \u00fc\u00e7\u00fcn y\u0131\u011f\u0131\u015fm\u0131\u015f q\u0259l\u0259b\u0259liyin \u00fcz\u0259rin\u0259 g\u00f6zl\u0259nilm\u0259z anda avtomobil s\u00fcr\u00fcl\u00fcb. N\u0259tic\u0259d\u0259 bir n\u0259f\u0259r a\u011f\u0131r yaralan\u0131b, 8 n\u0259f\u0259rin v\u0259ziyy\u0259ti is\u0259 orta a\u011f\u0131r qiym\u0259tl\u0259ndirilir. Hadis\u0259ni t\u00f6r\u0259d\u0259n 21 ya\u015fl\u0131 Kazuhiro Kusakabe polis\u0259 ifad\u0259 ver\u0259n zaman \u0259vv\u0259lc\u0259 terror t\u00f6r\u0259tm\u0259k ist\u0259diyini etiraf ets\u0259 d\u0259, daha sonra&hellip;","_links":{"self":[{"href":"https:\/\/arantv.az\/index.php?rest_route=\/wp\/v2\/posts\/30217"}],"collection":[{"href":"https:\/\/arantv.az\/index.php?rest_route=\/wp\/v2\/posts"}],"about":[{"href":"https:\/\/arantv.az\/index.php?rest_route=\/wp\/v2\/types\/post"}],"author":[{"embeddable":true,"href":"https:\/\/arantv.az\/index.php?rest_route=\/wp\/v2\/users\/2"}],"replies":[{"embeddable":true,"href":"https:\/\/arantv.az\/index.php?rest_route=%2Fwp%2Fv2%2Fcomments&post=30217"}],"version-history":[{"count":0,"href":"https:\/\/arantv.az\/index.php?rest_route=\/wp\/v2\/posts\/30217\/revisions"}],"wp:featuredmedia":[{"embeddable":true,"href":"https:\/\/arantv.az\/index.php?rest_route=\/wp\/v2\/media\/30218"}],"wp:attachment":[{"href":"https:\/\/arantv.az\/index.php?rest_route=%2Fwp%2Fv2%2Fmedia&parent=30217"}],"wp:term":[{"taxonomy":"category","embeddable":true,"href":"https:\/\/arantv.az\/index.php?rest_route=%2Fwp%2Fv2%2Fcategories&post=30217"},{"taxonomy":"post_tag","embeddable":true,"href":"https:\/\/arantv.az\/index.php?rest_route=%2Fwp%2Fv2%2Ftags&post=30217"}],"curies":[{"name":"wp","href":"https:\/\/api.w.org\/{rel}","templated":true}]}}