{"id":302271,"date":"2021-02-26T13:17:13","date_gmt":"2021-02-26T10:17:13","guid":{"rendered":"http:\/\/arantv.az\/?p=302271"},"modified":"2021-02-26T13:17:13","modified_gmt":"2021-02-26T10:17:13","slug":"ilham-%c9%99liyev-ukrayna-az%c9%99rbaycan-%c9%99m%c9%99kdasligindan-danisdi","status":"publish","type":"post","link":"https:\/\/arantv.az\/?p=302271","title":{"rendered":"\u0130lham \u018fliyev Ukrayna-Az\u0259rbaycan \u0259m\u0259kda\u015fl\u0131\u011f\u0131ndan dan\u0131\u015fd\u0131"},"content":{"rendered":"<p>\u201cAz\u0259rbaycan h\u0259rbi s\u0259nayesini yaradanda Ukrayna m\u00fc\u0259ssis\u0259l\u0259ri biz\u0259 \u00e7ox k\u00f6m\u0259k etmi\u015fdi\u201d.<\/p>\n<p><strong>ARANTV.AZ<\/strong>-\u0131n m\u0259lumat\u0131na g\u00f6r\u0259, bunu Prezident \u0130lham \u018fliyev ke\u00e7irdiyi onlayn m\u0259tbuat konfrans\u0131nda deyib.<\/p>\n<div id=\"AdviadNativeVideo0\" class=\"AdviadNativeVideo\"><\/div>\n<p>D\u00f6vl\u0259t ba\u015f\u00e7\u0131s\u0131 bildirib ki, Az\u0259rbaycan\u0131n h\u0259rbi m\u0259hsullar\u0131n\u0131n istehsal\u0131 Ukrayna \u015firk\u0259tl\u0259ri il\u0259 birg\u0259 h\u0259yata ke\u00e7irilib.<\/p>\n<p>\u0130lham \u018fliyev qeyd edib ki, Ukraynan\u0131n h\u0259rbi-texniki kompleksi inki\u015faf yolunu ke\u00e7ir v\u0259 Az\u0259rbaycanda da v\u0259ziyy\u0259t bel\u0259dir.<\/p>\n<p>\u201cBu istiqam\u0259td\u0259 \u0259m\u0259kda\u015fl\u0131q \u00fc\u00e7\u00fcn imkanlar var. Amma a\u00e7\u0131q dey\u0259c\u0259y\u0259m, bu g\u00fcn\u0259 olan m\u0259lumata g\u00f6r\u0259, konkret layih\u0259l\u0259r\u0259 v\u0259 t\u0259klifl\u0259r\u0259 g\u0259ldikd\u0259, n\u0259 Ukrayna, n\u0259 d\u0259 Az\u0259rbaycan\u00a0t\u0259r\u0259find\u0259n bel\u0259 bir t\u0259\u015f\u0259bb\u00fcs olub. B\u0259lk\u0259 d\u0259 h\u0259l\u0259 bunun vaxt\u0131 \u00e7atmay\u0131b\u201d.<\/p>\n","protected":false},"excerpt":{"rendered":"<p>\u201cAz\u0259rbaycan h\u0259rbi s\u0259nayesini yaradanda Ukrayna m\u00fc\u0259ssis\u0259l\u0259ri biz\u0259 \u00e7ox k\u00f6m\u0259k etmi\u015fdi\u201d. ARANTV.AZ-\u0131n m\u0259lumat\u0131na g\u00f6r\u0259, bunu Prezident \u0130lham \u018fliyev ke\u00e7irdiyi onlayn m\u0259tbuat konfrans\u0131nda deyib. D\u00f6vl\u0259t ba\u015f\u00e7\u0131s\u0131 bildirib ki, Az\u0259rbaycan\u0131n h\u0259rbi m\u0259hsullar\u0131n\u0131n istehsal\u0131 Ukrayna \u015firk\u0259tl\u0259ri il\u0259 birg\u0259 h\u0259yata ke\u00e7irilib. \u0130lham \u018fliyev qeyd edib ki, Ukraynan\u0131n h\u0259rbi-texniki kompleksi inki\u015faf yolunu ke\u00e7ir v\u0259 Az\u0259rbaycanda da v\u0259ziyy\u0259t bel\u0259dir. \u201cBu istiqam\u0259td\u0259 \u0259m\u0259kda\u015fl\u0131q \u00fc\u00e7\u00fcn imkanlar var. Amma a\u00e7\u0131q dey\u0259c\u0259y\u0259m, bu g\u00fcn\u0259 olan m\u0259lumata g\u00f6r\u0259, konkret layih\u0259l\u0259r\u0259 v\u0259 t\u0259klifl\u0259r\u0259 g\u0259ldikd\u0259, n\u0259 Ukrayna, n\u0259 d\u0259 Az\u0259rbaycan\u00a0t\u0259r\u0259find\u0259n bel\u0259 bir t\u0259\u015f\u0259bb\u00fcs olub. B\u0259lk\u0259 d\u0259 h\u0259l\u0259 bunun vaxt\u0131 \u00e7atmay\u0131b\u201d.<\/p>\n","protected":false},"author":2,"featured_media":302272,"comment_status":"closed","ping_status":"closed","sticky":false,"template":"","format":"standard","meta":{"om_disable_all_campaigns":false,"_monsterinsights_skip_tracking":false,"_monsterinsights_sitenote_active":false,"_monsterinsights_sitenote_note":"","_monsterinsights_sitenote_category":0},"categories":[4],"tags":[],"aioseo_notices":[],"gutentor_comment":0,"rttpg_featured_image_url":{"full":["https:\/\/arantv.az\/wp-content\/uploads\/2021\/02\/1614332128421327492_1000x669.jpg",620,360,false],"landscape":["https:\/\/arantv.az\/wp-content\/uploads\/2021\/02\/1614332128421327492_1000x669.jpg",620,360,false],"portraits":["https:\/\/arantv.az\/wp-content\/uploads\/2021\/02\/1614332128421327492_1000x669.jpg",620,360,false],"thumbnail":["https:\/\/arantv.az\/wp-content\/uploads\/2021\/02\/1614332128421327492_1000x669-150x150.jpg",150,150,true],"medium":["https:\/\/arantv.az\/wp-content\/uploads\/2021\/02\/1614332128421327492_1000x669-300x174.jpg",300,174,true],"large":["https:\/\/arantv.az\/wp-content\/uploads\/2021\/02\/1614332128421327492_1000x669.jpg",620,360,false],"1536x1536":["https:\/\/arantv.az\/wp-content\/uploads\/2021\/02\/1614332128421327492_1000x669.jpg",620,360,false],"2048x2048":["https:\/\/arantv.az\/wp-content\/uploads\/2021\/02\/1614332128421327492_1000x669.jpg",620,360,false],"post-thumbnail":["https:\/\/arantv.az\/wp-content\/uploads\/2021\/02\/1614332128421327492_1000x669-240x172.jpg",240,172,true],"advps-thumb-one":["https:\/\/arantv.az\/wp-content\/uploads\/2021\/02\/1614332128421327492_1000x669.jpg",620,360,false]},"rttpg_author":{"display_name":"V\u00fcsal Rafiqo\u011flu","author_link":"https:\/\/arantv.az\/?author=2"},"rttpg_comment":0,"rttpg_category":"<a href=\"https:\/\/arantv.az\/?cat=4\" rel=\"category\">Siyas\u0259t<\/a>","rttpg_excerpt":"\u201cAz\u0259rbaycan h\u0259rbi s\u0259nayesini yaradanda Ukrayna m\u00fc\u0259ssis\u0259l\u0259ri biz\u0259 \u00e7ox k\u00f6m\u0259k etmi\u015fdi\u201d. ARANTV.AZ-\u0131n m\u0259lumat\u0131na g\u00f6r\u0259, bunu Prezident \u0130lham \u018fliyev ke\u00e7irdiyi onlayn m\u0259tbuat konfrans\u0131nda deyib. D\u00f6vl\u0259t ba\u015f\u00e7\u0131s\u0131 bildirib ki, Az\u0259rbaycan\u0131n h\u0259rbi m\u0259hsullar\u0131n\u0131n istehsal\u0131 Ukrayna \u015firk\u0259tl\u0259ri il\u0259 birg\u0259 h\u0259yata ke\u00e7irilib. \u0130lham \u018fliyev qeyd edib ki, Ukraynan\u0131n h\u0259rbi-texniki kompleksi inki\u015faf yolunu ke\u00e7ir v\u0259 Az\u0259rbaycanda da v\u0259ziyy\u0259t bel\u0259dir. \u201cBu istiqam\u0259td\u0259 \u0259m\u0259kda\u015fl\u0131q&hellip;","_links":{"self":[{"href":"https:\/\/arantv.az\/index.php?rest_route=\/wp\/v2\/posts\/302271"}],"collection":[{"href":"https:\/\/arantv.az\/index.php?rest_route=\/wp\/v2\/posts"}],"about":[{"href":"https:\/\/arantv.az\/index.php?rest_route=\/wp\/v2\/types\/post"}],"author":[{"embeddable":true,"href":"https:\/\/arantv.az\/index.php?rest_route=\/wp\/v2\/users\/2"}],"replies":[{"embeddable":true,"href":"https:\/\/arantv.az\/index.php?rest_route=%2Fwp%2Fv2%2Fcomments&post=302271"}],"version-history":[{"count":0,"href":"https:\/\/arantv.az\/index.php?rest_route=\/wp\/v2\/posts\/302271\/revisions"}],"wp:featuredmedia":[{"embeddable":true,"href":"https:\/\/arantv.az\/index.php?rest_route=\/wp\/v2\/media\/302272"}],"wp:attachment":[{"href":"https:\/\/arantv.az\/index.php?rest_route=%2Fwp%2Fv2%2Fmedia&parent=302271"}],"wp:term":[{"taxonomy":"category","embeddable":true,"href":"https:\/\/arantv.az\/index.php?rest_route=%2Fwp%2Fv2%2Fcategories&post=302271"},{"taxonomy":"post_tag","embeddable":true,"href":"https:\/\/arantv.az\/index.php?rest_route=%2Fwp%2Fv2%2Ftags&post=302271"}],"curies":[{"name":"wp","href":"https:\/\/api.w.org\/{rel}","templated":true}]}}