{"id":302279,"date":"2021-02-26T13:20:50","date_gmt":"2021-02-26T10:20:50","guid":{"rendered":"http:\/\/arantv.az\/?p=302279"},"modified":"2021-02-26T13:20:50","modified_gmt":"2021-02-26T10:20:50","slug":"ilham-%c9%99liyev-erm%c9%99nistanda-bas-ver%c9%99n-siyasi-g%c9%99rginliyi-tragikomediya-adlandirdi","status":"publish","type":"post","link":"https:\/\/arantv.az\/?p=302279","title":{"rendered":"\u0130lham \u018fliyev Erm\u0259nistanda ba\u015f ver\u0259n siyasi g\u0259rginliyi tragikomediya adland\u0131rd\u0131"},"content":{"rendered":"<p>\u201cAz\u0259rbaycan, Rusiya v\u0259 Erm\u0259nistan ba\u015f nazirl\u0259rinin m\u00fcavinl\u0259rinin i\u015ftirak\u0131 il\u0259 \u00fc\u00e7t\u0259r\u0259fli g\u00f6r\u00fc\u015fl\u0259r ke\u00e7irilir. Art\u0131q iki bel\u0259 g\u00f6r\u00fc\u015f ba\u015f tutub. Sabah \u00fc\u00e7\u00fcnc\u00fc d\u0259f\u0259 Moskva \u015f\u0259h\u0259rind\u0259 \u00fc\u00e7t\u0259r\u0259fli g\u00f6r\u00fc\u015f\u00fcn ke\u00e7irilm\u0259si planla\u015fd\u0131r\u0131l\u0131r. M\u0259n\u0259 h\u0259l\u0259 d\u0259 m\u0259ruz\u0259 edilm\u0259yib ki, bu g\u00f6r\u00fc\u015f Erm\u0259nistan t\u0259r\u0259find\u0259n t\u0259xir\u0259 sal\u0131n\u0131b, ya yox. Bu g\u00f6r\u00fc\u015f t\u0259xir\u0259 sal\u0131nsa da, anla\u015f\u0131lan olacaq. Bu, Erm\u0259nistanda ba\u015f ver\u0259c\u0259k hadis\u0259l\u0259rd\u0259n, siyasi m\u00fcbariz\u0259nin n\u0259tic\u0259l\u0259rind\u0259n as\u0131l\u0131 olacaq. Bu, bizim planlar\u0131m\u0131za t\u0259sir ed\u0259 bilm\u0259z\u201d.<\/p>\n<p>Bu s\u00f6zl\u0259ri Prezident \u0130lham \u018fliyev bu g\u00fcn ke\u00e7irdiyi m\u0259tbuat konfrans\u0131nda deyib:<\/p>\n<div id=\"AdviadNativeVideo0\" class=\"AdviadNativeVideo\"><\/div>\n<p>\u201cAt\u0259\u015fk\u0259s v\u0259 \u00fc\u00e7t\u0259r\u0259fli b\u0259yanat\u0131n icras\u0131 il\u0259 ba\u011fl\u0131 m\u0259n Rusiya Prezidenti Vladimir Putinin cavab\u0131na diqq\u0259tinizi y\u00f6n\u0259ltm\u0259k ist\u0259yir\u0259m. Ona sual verildi ki, \u201cErm\u0259nistan bu b\u0259yanat\u0131n icras\u0131ndan boyun qa\u00e7\u0131rsa, n\u0259 olacaq?\u201d O da dedi ki, \u201cbu, Erm\u0259nistan \u00fc\u00e7\u00fcn sui-q\u0259sd olacaq\u201d. M\u0259n d\u0259 Putinl\u0259 tamamil\u0259 raz\u0131yam\u201d.<\/p>\n<p>D\u00f6vl\u0259t ba\u015f\u00e7\u0131s\u0131 Erm\u0259nistanda ba\u015f ver\u0259n siyasi g\u0259rginlikl\u0259rin regiondak\u0131 s\u00fclh\u0259 t\u0259sirind\u0259n d\u0259 dan\u0131\u015f\u0131b:<\/p>\n<p>\u201cErm\u0259nistanda b\u00f6hran v\u0259 onun s\u00fclh\u0259 t\u0259siri bu b\u00f6hran\u0131n hans\u0131 istiqam\u0259td\u0259 c\u0259r\u0259yan ed\u0259c\u0259yind\u0259n as\u0131l\u0131d\u0131r. Bu hadis\u0259l\u0259rin tezlikl\u0259 sonu olmal\u0131d\u0131r. Bu tragikomediyaya son qoyulmal\u0131d\u0131r\u201d.<\/p>\n","protected":false},"excerpt":{"rendered":"<p>\u201cAz\u0259rbaycan, Rusiya v\u0259 Erm\u0259nistan ba\u015f nazirl\u0259rinin m\u00fcavinl\u0259rinin i\u015ftirak\u0131 il\u0259 \u00fc\u00e7t\u0259r\u0259fli g\u00f6r\u00fc\u015fl\u0259r ke\u00e7irilir. Art\u0131q iki bel\u0259 g\u00f6r\u00fc\u015f ba\u015f tutub. Sabah \u00fc\u00e7\u00fcnc\u00fc d\u0259f\u0259 Moskva \u015f\u0259h\u0259rind\u0259 \u00fc\u00e7t\u0259r\u0259fli g\u00f6r\u00fc\u015f\u00fcn ke\u00e7irilm\u0259si planla\u015fd\u0131r\u0131l\u0131r. M\u0259n\u0259 h\u0259l\u0259 d\u0259 m\u0259ruz\u0259 edilm\u0259yib ki, bu g\u00f6r\u00fc\u015f Erm\u0259nistan t\u0259r\u0259find\u0259n t\u0259xir\u0259 sal\u0131n\u0131b, ya yox. Bu g\u00f6r\u00fc\u015f t\u0259xir\u0259 sal\u0131nsa da, anla\u015f\u0131lan olacaq. Bu, Erm\u0259nistanda ba\u015f ver\u0259c\u0259k hadis\u0259l\u0259rd\u0259n, siyasi m\u00fcbariz\u0259nin n\u0259tic\u0259l\u0259rind\u0259n as\u0131l\u0131 olacaq. Bu, bizim planlar\u0131m\u0131za t\u0259sir ed\u0259 bilm\u0259z\u201d. Bu s\u00f6zl\u0259ri Prezident \u0130lham \u018fliyev bu g\u00fcn ke\u00e7irdiyi m\u0259tbuat konfrans\u0131nda deyib: \u201cAt\u0259\u015fk\u0259s v\u0259 \u00fc\u00e7t\u0259r\u0259fli b\u0259yanat\u0131n icras\u0131 il\u0259 ba\u011fl\u0131 m\u0259n Rusiya Prezidenti Vladimir Putinin cavab\u0131na diqq\u0259tinizi y\u00f6n\u0259ltm\u0259k&hellip;<\/p>\n","protected":false},"author":2,"featured_media":302280,"comment_status":"closed","ping_status":"closed","sticky":false,"template":"","format":"standard","meta":{"om_disable_all_campaigns":false,"_monsterinsights_skip_tracking":false,"_monsterinsights_sitenote_active":false,"_monsterinsights_sitenote_note":"","_monsterinsights_sitenote_category":0},"categories":[4],"tags":[],"aioseo_notices":[],"gutentor_comment":0,"rttpg_featured_image_url":{"full":["https:\/\/arantv.az\/wp-content\/uploads\/2021\/02\/efe8b958-3a90-4141-9f9a-8a6f10063c3e-1.jpg",620,384,false],"landscape":["https:\/\/arantv.az\/wp-content\/uploads\/2021\/02\/efe8b958-3a90-4141-9f9a-8a6f10063c3e-1.jpg",620,384,false],"portraits":["https:\/\/arantv.az\/wp-content\/uploads\/2021\/02\/efe8b958-3a90-4141-9f9a-8a6f10063c3e-1.jpg",620,384,false],"thumbnail":["https:\/\/arantv.az\/wp-content\/uploads\/2021\/02\/efe8b958-3a90-4141-9f9a-8a6f10063c3e-1-150x150.jpg",150,150,true],"medium":["https:\/\/arantv.az\/wp-content\/uploads\/2021\/02\/efe8b958-3a90-4141-9f9a-8a6f10063c3e-1-300x186.jpg",300,186,true],"large":["https:\/\/arantv.az\/wp-content\/uploads\/2021\/02\/efe8b958-3a90-4141-9f9a-8a6f10063c3e-1.jpg",620,384,false],"1536x1536":["https:\/\/arantv.az\/wp-content\/uploads\/2021\/02\/efe8b958-3a90-4141-9f9a-8a6f10063c3e-1.jpg",620,384,false],"2048x2048":["https:\/\/arantv.az\/wp-content\/uploads\/2021\/02\/efe8b958-3a90-4141-9f9a-8a6f10063c3e-1.jpg",620,384,false],"post-thumbnail":["https:\/\/arantv.az\/wp-content\/uploads\/2021\/02\/efe8b958-3a90-4141-9f9a-8a6f10063c3e-1-240x172.jpg",240,172,true],"advps-thumb-one":["https:\/\/arantv.az\/wp-content\/uploads\/2021\/02\/efe8b958-3a90-4141-9f9a-8a6f10063c3e-1.jpg",620,384,false]},"rttpg_author":{"display_name":"V\u00fcsal Rafiqo\u011flu","author_link":"https:\/\/arantv.az\/?author=2"},"rttpg_comment":0,"rttpg_category":"<a href=\"https:\/\/arantv.az\/?cat=4\" rel=\"category\">Siyas\u0259t<\/a>","rttpg_excerpt":"\u201cAz\u0259rbaycan, Rusiya v\u0259 Erm\u0259nistan ba\u015f nazirl\u0259rinin m\u00fcavinl\u0259rinin i\u015ftirak\u0131 il\u0259 \u00fc\u00e7t\u0259r\u0259fli g\u00f6r\u00fc\u015fl\u0259r ke\u00e7irilir. Art\u0131q iki bel\u0259 g\u00f6r\u00fc\u015f ba\u015f tutub. Sabah \u00fc\u00e7\u00fcnc\u00fc d\u0259f\u0259 Moskva \u015f\u0259h\u0259rind\u0259 \u00fc\u00e7t\u0259r\u0259fli g\u00f6r\u00fc\u015f\u00fcn ke\u00e7irilm\u0259si planla\u015fd\u0131r\u0131l\u0131r. M\u0259n\u0259 h\u0259l\u0259 d\u0259 m\u0259ruz\u0259 edilm\u0259yib ki, bu g\u00f6r\u00fc\u015f Erm\u0259nistan t\u0259r\u0259find\u0259n t\u0259xir\u0259 sal\u0131n\u0131b, ya yox. Bu g\u00f6r\u00fc\u015f t\u0259xir\u0259 sal\u0131nsa da, anla\u015f\u0131lan olacaq. Bu, Erm\u0259nistanda ba\u015f ver\u0259c\u0259k hadis\u0259l\u0259rd\u0259n, siyasi m\u00fcbariz\u0259nin&hellip;","_links":{"self":[{"href":"https:\/\/arantv.az\/index.php?rest_route=\/wp\/v2\/posts\/302279"}],"collection":[{"href":"https:\/\/arantv.az\/index.php?rest_route=\/wp\/v2\/posts"}],"about":[{"href":"https:\/\/arantv.az\/index.php?rest_route=\/wp\/v2\/types\/post"}],"author":[{"embeddable":true,"href":"https:\/\/arantv.az\/index.php?rest_route=\/wp\/v2\/users\/2"}],"replies":[{"embeddable":true,"href":"https:\/\/arantv.az\/index.php?rest_route=%2Fwp%2Fv2%2Fcomments&post=302279"}],"version-history":[{"count":0,"href":"https:\/\/arantv.az\/index.php?rest_route=\/wp\/v2\/posts\/302279\/revisions"}],"wp:featuredmedia":[{"embeddable":true,"href":"https:\/\/arantv.az\/index.php?rest_route=\/wp\/v2\/media\/302280"}],"wp:attachment":[{"href":"https:\/\/arantv.az\/index.php?rest_route=%2Fwp%2Fv2%2Fmedia&parent=302279"}],"wp:term":[{"taxonomy":"category","embeddable":true,"href":"https:\/\/arantv.az\/index.php?rest_route=%2Fwp%2Fv2%2Fcategories&post=302279"},{"taxonomy":"post_tag","embeddable":true,"href":"https:\/\/arantv.az\/index.php?rest_route=%2Fwp%2Fv2%2Ftags&post=302279"}],"curies":[{"name":"wp","href":"https:\/\/api.w.org\/{rel}","templated":true}]}}