{"id":302283,"date":"2021-02-26T13:21:28","date_gmt":"2021-02-26T10:21:28","guid":{"rendered":"http:\/\/arantv.az\/?p=302283"},"modified":"2021-02-26T13:21:28","modified_gmt":"2021-02-26T10:21:28","slug":"prezident-hec-vaxt-az%c9%99rbaycan-respublikasinin-%c9%99razi-butovluyu-sual-m%c9%99s%c9%99l%c9%99si-deyildi","status":"publish","type":"post","link":"https:\/\/arantv.az\/?p=302283","title":{"rendered":"Prezident: \u201cHe\u00e7 vaxt Az\u0259rbaycan Respublikas\u0131n\u0131n \u0259razi b\u00fct\u00f6vl\u00fcy\u00fc sual m\u0259s\u0259l\u0259si deyildi\u201d"},"content":{"rendered":"<p>\u201cAz\u0259rbaycan \u00f6z \u0259razil\u0259rinin b\u00f6y\u00fck hiss\u0259sini h\u0259rbi v\u0259 s\u00fclh yolu il\u0259\u00a0qaytar\u0131b. \u018fsas m\u0259qs\u0259dimiz h\u0259min \u0259razil\u0259rin b\u0259rpa edilm\u0259si, sabiq qa\u00e7q\u0131n v\u0259 m\u0259cburi k\u00f6\u00e7k\u00fcnl\u0259rin \u00f6z yurd-yuvalar\u0131na qaytar\u0131lmas\u0131, orada\u00a0normal \u015f\u0259raitin t\u0259min edilm\u0259sidir\u201d.<\/p>\n<p><strong>ARANTV.AZ<\/strong>-\u0131n m\u0259lumat\u0131na g\u00f6r\u0259, bunu m\u0259tbuat konfrans\u0131nda Az\u0259rbaycan Prezidenti \u0130lham \u018fliyev bildirib.<\/p>\n<p>Onun s\u00f6zl\u0259rin\u0259 g\u00f6r\u0259, h\u0259r \u015fey v\u0259ziyy\u0259td\u0259n, strateji planlardan as\u0131l\u0131d\u0131r:<\/p>\n<div id=\"AdviadNativeVideo0\" class=\"AdviadNativeVideo\"><\/div>\n<p>\u201cBiz ill\u0259rdir ki, torpaqlar\u0131m\u0131z\u0131n i\u015f\u011faldan azad edilm\u0259si yolu il\u0259 gedirdik. M\u0259nim i\u015ftirak etdiyim d\u00f6vrl\u0259r haqq\u0131nda dan\u0131\u015fsaq m\u00fcxt\u0259lif m\u0259rh\u0259l\u0259l\u0259r olub. El\u0259 vaxtlar olub ki, \u00fcmidl\u0259rimiz b\u00f6y\u00fck idi. El\u0259 bilirdik ki, biz art\u0131q bu prinsipl\u0259ri raz\u0131la\u015fd\u0131raca\u011f\u0131q, amma olmad\u0131. Erm\u0259nistan t\u0259r\u0259find\u0259n bu m\u0259s\u0259l\u0259 \u00e7ox t\u0259hrif olunur. He\u00e7 vaxt Az\u0259rbaycan Respublikas\u0131n\u0131n \u0259razi b\u00fct\u00f6vl\u00fcy\u00fc sual m\u0259s\u0259l\u0259si deyildi. Az\u0259rbaycan\u0131n b\u00fct\u00fcn \u0259razil\u0259rinin qaytar\u0131lmas\u0131 m\u0259nim prinsipial m\u00f6vqeyim idi.<\/p>\n<p>Dan\u0131\u015f\u0131qlar prosesi ona g\u00f6r\u0259 gedirdi ki, Erm\u0259nistan t\u0259r\u0259fi bununla raz\u0131la\u015f\u0131rd\u0131. Art\u0131q g\u00f6r\u0259nd\u0259 ki, tunelin sonunda i\u015f\u0131q g\u00f6r\u00fcn\u00fcr, o zaman t\u0259xribata \u0259l at\u0131rd\u0131lar\u201d.<\/p>\n<p>\u0130.\u018fliyev bildirib ki, Xank\u0259ndi v\u0259 dig\u0259r yerl\u0259rd\u0259 ya\u015fayan erm\u0259ni \u0259halisinin inteqrasiyas\u0131 qa\u00e7\u0131lmaz\u00a0prosesdir:<\/p>\n<p>\u201cBunun tarixi perspektivini anlamaq laz\u0131md\u0131r. O vaxt\u0131 Erm\u0259nistan r\u0259hb\u0259rliyi h\u0259rbi, iqtisadi demoqrafik g\u00fccl\u0259rin balans\u0131n\u0131 d\u00fczg\u00fcn qiym\u0259tl\u0259ndirs\u0259ydi,\u00a0do\u011fru q\u0259rar ver\u0259rdi. Bizim g\u00fcc\u00fcm\u00fcz daha da artacaq. Erm\u0259nistan T\u00fcrkiy\u0259, Az\u0259rbaycanla \u0259m\u0259kda\u015fl\u0131q etm\u0259s\u0259, yaln\u0131z z\u0259ifl\u0259y\u0259c\u0259k. Ba\u015fqa yolu yoxdur. Onlar indi Arsax d\u00f6vl\u0259ti haqq\u0131nda dan\u0131\u015f\u0131rlar. Bel\u0259 bir d\u00f6vl\u0259t olmay\u0131b v\u0259 olmayacaq. Bel\u0259 a\u011f\u0131ls\u0131z fikirl\u0259rd\u0259n uzaqla\u015fmaq laz\u0131md\u0131r\u201d.<\/p>\n","protected":false},"excerpt":{"rendered":"<p>\u201cAz\u0259rbaycan \u00f6z \u0259razil\u0259rinin b\u00f6y\u00fck hiss\u0259sini h\u0259rbi v\u0259 s\u00fclh yolu il\u0259\u00a0qaytar\u0131b. \u018fsas m\u0259qs\u0259dimiz h\u0259min \u0259razil\u0259rin b\u0259rpa edilm\u0259si, sabiq qa\u00e7q\u0131n v\u0259 m\u0259cburi k\u00f6\u00e7k\u00fcnl\u0259rin \u00f6z yurd-yuvalar\u0131na qaytar\u0131lmas\u0131, orada\u00a0normal \u015f\u0259raitin t\u0259min edilm\u0259sidir\u201d. ARANTV.AZ-\u0131n m\u0259lumat\u0131na g\u00f6r\u0259, bunu m\u0259tbuat konfrans\u0131nda Az\u0259rbaycan Prezidenti \u0130lham \u018fliyev bildirib. Onun s\u00f6zl\u0259rin\u0259 g\u00f6r\u0259, h\u0259r \u015fey v\u0259ziyy\u0259td\u0259n, strateji planlardan as\u0131l\u0131d\u0131r: \u201cBiz ill\u0259rdir ki, torpaqlar\u0131m\u0131z\u0131n i\u015f\u011faldan azad edilm\u0259si yolu il\u0259 gedirdik. M\u0259nim i\u015ftirak etdiyim d\u00f6vrl\u0259r haqq\u0131nda dan\u0131\u015fsaq m\u00fcxt\u0259lif m\u0259rh\u0259l\u0259l\u0259r olub. El\u0259 vaxtlar olub ki, \u00fcmidl\u0259rimiz b\u00f6y\u00fck idi. El\u0259 bilirdik ki, biz art\u0131q bu prinsipl\u0259ri raz\u0131la\u015fd\u0131raca\u011f\u0131q, amma olmad\u0131. Erm\u0259nistan t\u0259r\u0259find\u0259n bu m\u0259s\u0259l\u0259 \u00e7ox t\u0259hrif&hellip;<\/p>\n","protected":false},"author":2,"featured_media":302284,"comment_status":"closed","ping_status":"closed","sticky":false,"template":"","format":"standard","meta":{"om_disable_all_campaigns":false,"_monsterinsights_skip_tracking":false,"_monsterinsights_sitenote_active":false,"_monsterinsights_sitenote_note":"","_monsterinsights_sitenote_category":0},"categories":[4],"tags":[],"aioseo_notices":[],"gutentor_comment":0,"rttpg_featured_image_url":{"full":["https:\/\/arantv.az\/wp-content\/uploads\/2021\/02\/15900660044314753183_1000x669-2.jpg",620,426,false],"landscape":["https:\/\/arantv.az\/wp-content\/uploads\/2021\/02\/15900660044314753183_1000x669-2.jpg",620,426,false],"portraits":["https:\/\/arantv.az\/wp-content\/uploads\/2021\/02\/15900660044314753183_1000x669-2.jpg",620,426,false],"thumbnail":["https:\/\/arantv.az\/wp-content\/uploads\/2021\/02\/15900660044314753183_1000x669-2-150x150.jpg",150,150,true],"medium":["https:\/\/arantv.az\/wp-content\/uploads\/2021\/02\/15900660044314753183_1000x669-2-300x206.jpg",300,206,true],"large":["https:\/\/arantv.az\/wp-content\/uploads\/2021\/02\/15900660044314753183_1000x669-2.jpg",620,426,false],"1536x1536":["https:\/\/arantv.az\/wp-content\/uploads\/2021\/02\/15900660044314753183_1000x669-2.jpg",620,426,false],"2048x2048":["https:\/\/arantv.az\/wp-content\/uploads\/2021\/02\/15900660044314753183_1000x669-2.jpg",620,426,false],"post-thumbnail":["https:\/\/arantv.az\/wp-content\/uploads\/2021\/02\/15900660044314753183_1000x669-2-240x172.jpg",240,172,true],"advps-thumb-one":["https:\/\/arantv.az\/wp-content\/uploads\/2021\/02\/15900660044314753183_1000x669-2.jpg",620,426,false]},"rttpg_author":{"display_name":"V\u00fcsal Rafiqo\u011flu","author_link":"https:\/\/arantv.az\/?author=2"},"rttpg_comment":0,"rttpg_category":"<a href=\"https:\/\/arantv.az\/?cat=4\" rel=\"category\">Siyas\u0259t<\/a>","rttpg_excerpt":"\u201cAz\u0259rbaycan \u00f6z \u0259razil\u0259rinin b\u00f6y\u00fck hiss\u0259sini h\u0259rbi v\u0259 s\u00fclh yolu il\u0259\u00a0qaytar\u0131b. \u018fsas m\u0259qs\u0259dimiz h\u0259min \u0259razil\u0259rin b\u0259rpa edilm\u0259si, sabiq qa\u00e7q\u0131n v\u0259 m\u0259cburi k\u00f6\u00e7k\u00fcnl\u0259rin \u00f6z yurd-yuvalar\u0131na qaytar\u0131lmas\u0131, orada\u00a0normal \u015f\u0259raitin t\u0259min edilm\u0259sidir\u201d. ARANTV.AZ-\u0131n m\u0259lumat\u0131na g\u00f6r\u0259, bunu m\u0259tbuat konfrans\u0131nda Az\u0259rbaycan Prezidenti \u0130lham \u018fliyev bildirib. Onun s\u00f6zl\u0259rin\u0259 g\u00f6r\u0259, h\u0259r \u015fey v\u0259ziyy\u0259td\u0259n, strateji planlardan as\u0131l\u0131d\u0131r: \u201cBiz ill\u0259rdir ki, torpaqlar\u0131m\u0131z\u0131n i\u015f\u011faldan azad edilm\u0259si&hellip;","_links":{"self":[{"href":"https:\/\/arantv.az\/index.php?rest_route=\/wp\/v2\/posts\/302283"}],"collection":[{"href":"https:\/\/arantv.az\/index.php?rest_route=\/wp\/v2\/posts"}],"about":[{"href":"https:\/\/arantv.az\/index.php?rest_route=\/wp\/v2\/types\/post"}],"author":[{"embeddable":true,"href":"https:\/\/arantv.az\/index.php?rest_route=\/wp\/v2\/users\/2"}],"replies":[{"embeddable":true,"href":"https:\/\/arantv.az\/index.php?rest_route=%2Fwp%2Fv2%2Fcomments&post=302283"}],"version-history":[{"count":0,"href":"https:\/\/arantv.az\/index.php?rest_route=\/wp\/v2\/posts\/302283\/revisions"}],"wp:featuredmedia":[{"embeddable":true,"href":"https:\/\/arantv.az\/index.php?rest_route=\/wp\/v2\/media\/302284"}],"wp:attachment":[{"href":"https:\/\/arantv.az\/index.php?rest_route=%2Fwp%2Fv2%2Fmedia&parent=302283"}],"wp:term":[{"taxonomy":"category","embeddable":true,"href":"https:\/\/arantv.az\/index.php?rest_route=%2Fwp%2Fv2%2Fcategories&post=302283"},{"taxonomy":"post_tag","embeddable":true,"href":"https:\/\/arantv.az\/index.php?rest_route=%2Fwp%2Fv2%2Ftags&post=302283"}],"curies":[{"name":"wp","href":"https:\/\/api.w.org\/{rel}","templated":true}]}}