{"id":302291,"date":"2021-02-26T13:22:38","date_gmt":"2021-02-26T10:22:38","guid":{"rendered":"http:\/\/arantv.az\/?p=302291"},"modified":"2021-02-26T13:22:38","modified_gmt":"2021-02-26T10:22:38","slug":"ilham-%c9%99liyevd%c9%99n-mesaj-dig%c9%99r-bir-dilin-az%c9%99rbaycanda-r%c9%99smi-statusu-ola-bilm%c9%99z","status":"publish","type":"post","link":"https:\/\/arantv.az\/?p=302291","title":{"rendered":"\u0130lham \u018fliyevd\u0259n mesaj: \u201cDig\u0259r bir dilin Az\u0259rbaycanda r\u0259smi statusu ola bilm\u0259z\u201d"},"content":{"rendered":"<p>\u201cQaraba\u011fda r\u0259smi dil m\u0259s\u0259l\u0259si bir manipulyasiya n\u00f6v\u00fcd\u00fcr. Az\u0259rbaycan\u0131n o b\u00f6lg\u0259sind\u0259 qeyri-qanuni olaraq \u00f6zl\u0259rini r\u0259hb\u0259r adland\u0131ranlar\u0131n manipulyasiyas\u0131d\u0131r\u201d.<\/p>\n<p><strong>ARANTV.AZ<\/strong>-\u0131n m\u0259lumat\u0131na g\u00f6r\u0259, bunu Prezident \u0130lham \u018fliyev ke\u00e7irdiyi onlayn m\u0259tbuat konfrans\u0131nda Qaraba\u011fda rus dilinin r\u0259smi dil elan olunmas\u0131 iddialar\u0131 il\u0259 ba\u011fl\u0131 suala cavab ver\u0259rk\u0259n deyib.<\/p>\n<p>Prezident ironiya il\u0259 qeyd edib ki, Qaraba\u011fdak\u0131 qeyri-qanuni \u015f\u0259xsl\u0259r suahili dilini d\u0259 Qaraba\u011f\u0131n r\u0259smi dili elan ed\u0259 bil\u0259rl\u0259r.<\/p>\n<div id=\"AdviadNativeVideo0\" class=\"AdviadNativeVideo\"><\/div>\n<p>\u201cBunun he\u00e7 bir t\u0259siri v\u0259 n\u0259tic\u0259si ola bilm\u0259z. Da\u011fl\u0131q Qaraba\u011f m\u00f6vcud deyil, h\u0259r k\u0259s oran\u0131 Az\u0259rbaycan\u0131n t\u0259rkib hiss\u0259si kimi tan\u0131y\u0131r. D\u00fc\u015f\u00fcn\u00fcr\u0259m ki, bu, cinay\u0259tkar xunta rejiminin son n\u0259f\u0259sidir, c\u0259hdidir ki, guya onlar d\u00f6vl\u0259tdirl\u0259r\u201d, &#8211; dey\u0259n Prezident vur\u011fulay\u0131b ki, Az\u0259rbaycanda yegan\u0259 r\u0259smi dil Az\u0259rbaycan dilidir.<\/p>\n<p>\u0130lham \u018fliyev onu da qeyd edib ki, Az\u0259rbaycan he\u00e7 bir dil\u0259 qar\u015f\u0131 m\u0259hdudiyy\u0259t qoymur:<\/p>\n<p>\u201cBu g\u00fcn Sovet d\u00f6vr\u00fcnd\u0259n f\u0259rqli olaraq Az\u0259rbaycanda rus dilind\u0259 daha \u00e7ox q\u0259zet var. Rus dilind\u0259 internet saytlar\u0131 f\u0259aliyy\u0259t g\u00f6st\u0259rir. 340-a yax\u0131n rus b\u00f6lm\u0259li m\u0259kt\u0259bl\u0259rimiz var, Erm\u0259nistanda is\u0259 bu r\u0259q\u0259m s\u0131f\u0131rd\u0131r\u201d.<\/p>\n","protected":false},"excerpt":{"rendered":"<p>\u201cQaraba\u011fda r\u0259smi dil m\u0259s\u0259l\u0259si bir manipulyasiya n\u00f6v\u00fcd\u00fcr. Az\u0259rbaycan\u0131n o b\u00f6lg\u0259sind\u0259 qeyri-qanuni olaraq \u00f6zl\u0259rini r\u0259hb\u0259r adland\u0131ranlar\u0131n manipulyasiyas\u0131d\u0131r\u201d. ARANTV.AZ-\u0131n m\u0259lumat\u0131na g\u00f6r\u0259, bunu Prezident \u0130lham \u018fliyev ke\u00e7irdiyi onlayn m\u0259tbuat konfrans\u0131nda Qaraba\u011fda rus dilinin r\u0259smi dil elan olunmas\u0131 iddialar\u0131 il\u0259 ba\u011fl\u0131 suala cavab ver\u0259rk\u0259n deyib. Prezident ironiya il\u0259 qeyd edib ki, Qaraba\u011fdak\u0131 qeyri-qanuni \u015f\u0259xsl\u0259r suahili dilini d\u0259 Qaraba\u011f\u0131n r\u0259smi dili elan ed\u0259 bil\u0259rl\u0259r. \u201cBunun he\u00e7 bir t\u0259siri v\u0259 n\u0259tic\u0259si ola bilm\u0259z. Da\u011fl\u0131q Qaraba\u011f m\u00f6vcud deyil, h\u0259r k\u0259s oran\u0131 Az\u0259rbaycan\u0131n t\u0259rkib hiss\u0259si kimi tan\u0131y\u0131r. D\u00fc\u015f\u00fcn\u00fcr\u0259m ki, bu, cinay\u0259tkar xunta rejiminin son n\u0259f\u0259sidir, c\u0259hdidir ki, guya&hellip;<\/p>\n","protected":false},"author":2,"featured_media":302292,"comment_status":"closed","ping_status":"closed","sticky":false,"template":"","format":"standard","meta":{"om_disable_all_campaigns":false,"_monsterinsights_skip_tracking":false,"_monsterinsights_sitenote_active":false,"_monsterinsights_sitenote_note":"","_monsterinsights_sitenote_category":0},"categories":[4],"tags":[],"aioseo_notices":[],"gutentor_comment":0,"rttpg_featured_image_url":{"full":["https:\/\/arantv.az\/wp-content\/uploads\/2021\/02\/16035195873776658946_1000x669.jpg",620,436,false],"landscape":["https:\/\/arantv.az\/wp-content\/uploads\/2021\/02\/16035195873776658946_1000x669.jpg",620,436,false],"portraits":["https:\/\/arantv.az\/wp-content\/uploads\/2021\/02\/16035195873776658946_1000x669.jpg",620,436,false],"thumbnail":["https:\/\/arantv.az\/wp-content\/uploads\/2021\/02\/16035195873776658946_1000x669-150x150.jpg",150,150,true],"medium":["https:\/\/arantv.az\/wp-content\/uploads\/2021\/02\/16035195873776658946_1000x669-300x211.jpg",300,211,true],"large":["https:\/\/arantv.az\/wp-content\/uploads\/2021\/02\/16035195873776658946_1000x669.jpg",620,436,false],"1536x1536":["https:\/\/arantv.az\/wp-content\/uploads\/2021\/02\/16035195873776658946_1000x669.jpg",620,436,false],"2048x2048":["https:\/\/arantv.az\/wp-content\/uploads\/2021\/02\/16035195873776658946_1000x669.jpg",620,436,false],"post-thumbnail":["https:\/\/arantv.az\/wp-content\/uploads\/2021\/02\/16035195873776658946_1000x669-240x172.jpg",240,172,true],"advps-thumb-one":["https:\/\/arantv.az\/wp-content\/uploads\/2021\/02\/16035195873776658946_1000x669.jpg",620,436,false]},"rttpg_author":{"display_name":"V\u00fcsal Rafiqo\u011flu","author_link":"https:\/\/arantv.az\/?author=2"},"rttpg_comment":0,"rttpg_category":"<a href=\"https:\/\/arantv.az\/?cat=4\" rel=\"category\">Siyas\u0259t<\/a>","rttpg_excerpt":"\u201cQaraba\u011fda r\u0259smi dil m\u0259s\u0259l\u0259si bir manipulyasiya n\u00f6v\u00fcd\u00fcr. Az\u0259rbaycan\u0131n o b\u00f6lg\u0259sind\u0259 qeyri-qanuni olaraq \u00f6zl\u0259rini r\u0259hb\u0259r adland\u0131ranlar\u0131n manipulyasiyas\u0131d\u0131r\u201d. ARANTV.AZ-\u0131n m\u0259lumat\u0131na g\u00f6r\u0259, bunu Prezident \u0130lham \u018fliyev ke\u00e7irdiyi onlayn m\u0259tbuat konfrans\u0131nda Qaraba\u011fda rus dilinin r\u0259smi dil elan olunmas\u0131 iddialar\u0131 il\u0259 ba\u011fl\u0131 suala cavab ver\u0259rk\u0259n deyib. Prezident ironiya il\u0259 qeyd edib ki, Qaraba\u011fdak\u0131 qeyri-qanuni \u015f\u0259xsl\u0259r suahili dilini d\u0259 Qaraba\u011f\u0131n r\u0259smi&hellip;","_links":{"self":[{"href":"https:\/\/arantv.az\/index.php?rest_route=\/wp\/v2\/posts\/302291"}],"collection":[{"href":"https:\/\/arantv.az\/index.php?rest_route=\/wp\/v2\/posts"}],"about":[{"href":"https:\/\/arantv.az\/index.php?rest_route=\/wp\/v2\/types\/post"}],"author":[{"embeddable":true,"href":"https:\/\/arantv.az\/index.php?rest_route=\/wp\/v2\/users\/2"}],"replies":[{"embeddable":true,"href":"https:\/\/arantv.az\/index.php?rest_route=%2Fwp%2Fv2%2Fcomments&post=302291"}],"version-history":[{"count":0,"href":"https:\/\/arantv.az\/index.php?rest_route=\/wp\/v2\/posts\/302291\/revisions"}],"wp:featuredmedia":[{"embeddable":true,"href":"https:\/\/arantv.az\/index.php?rest_route=\/wp\/v2\/media\/302292"}],"wp:attachment":[{"href":"https:\/\/arantv.az\/index.php?rest_route=%2Fwp%2Fv2%2Fmedia&parent=302291"}],"wp:term":[{"taxonomy":"category","embeddable":true,"href":"https:\/\/arantv.az\/index.php?rest_route=%2Fwp%2Fv2%2Fcategories&post=302291"},{"taxonomy":"post_tag","embeddable":true,"href":"https:\/\/arantv.az\/index.php?rest_route=%2Fwp%2Fv2%2Ftags&post=302291"}],"curies":[{"name":"wp","href":"https:\/\/api.w.org\/{rel}","templated":true}]}}