{"id":302348,"date":"2021-02-26T13:32:32","date_gmt":"2021-02-26T10:32:32","guid":{"rendered":"http:\/\/arantv.az\/?p=302348"},"modified":"2021-02-26T13:32:32","modified_gmt":"2021-02-26T10:32:32","slug":"prezident-%c9%99razil%c9%99rin-minalardan-t%c9%99mizl%c9%99nm%c9%99si-ucun-bir-nec%c9%99-sirk%c9%99tl%c9%99-danisiqlar-apaririq","status":"publish","type":"post","link":"https:\/\/arantv.az\/?p=302348","title":{"rendered":"Prezident: \u201c\u018frazil\u0259rin minalardan t\u0259mizl\u0259nm\u0259si \u00fc\u00e7\u00fcn bir ne\u00e7\u0259 \u015firk\u0259tl\u0259 dan\u0131\u015f\u0131qlar apar\u0131r\u0131q\u201d"},"content":{"rendered":"<p>\u201cBiz minalardan t\u0259mizl\u0259m\u0259 yolunun \u0259vv\u0259lind\u0259yik. Bir ne\u00e7\u0259 min hektar \u0259raziy\u0259\u00a0baxd\u0131q.\u00a0Tap\u015f\u0131r\u0131\u011f\u0131mla istehkam avadanl\u0131qlar\u0131 t\u0259\u015fkil olundu. Eyni zamanda m\u0259nim f\u0259rman\u0131mla minalardan t\u0259mizl\u0259nm\u0259 i\u015fini g\u00fccl\u0259ndirm\u0259k \u00fc\u00e7\u00fcn Az\u0259rbaycan Minat\u0259mizl\u0259m\u0259 Agentliyi yarad\u0131ld\u0131\u201d.<\/p>\n<p><strong>ARANTV.AZ<\/strong>-\u0131n x\u0259b\u0259rin\u0259 g\u00f6r\u0259, bunu Prezident \u0130lham \u018fliyev yerli v\u0259 xarici jurnalistl\u0259r \u00fc\u00e7\u00fcn ke\u00e7irdiyi onlayn m\u0259tbuat konfrans\u0131nda deyib.<\/p>\n<p>D\u00f6vl\u0259t ba\u015f\u00e7\u0131s\u0131 qeyd edib ki, Minat\u0259mizl\u0259m\u0259 Agentliyinin f\u0259aliyy\u0259tinin s\u0259m\u0259r\u0259li t\u0259\u015fkili \u00fc\u00e7\u00fcn 100 milyon manat ayr\u0131l\u0131b.<\/p>\n<div id=\"AdviadNativeVideo0\" class=\"AdviadNativeVideo\"><\/div>\n<p>\u201cEyni zamanda m\u00fcasir avadanl\u0131qlar &#8211; robot cihazlar al\u0131n\u0131b\u201d, &#8211; dey\u0259 Prezident \u0259lav\u0259 edib.<\/p>\n<p>\u00d6lk\u0259 ba\u015f\u00e7\u0131s\u0131 qeyd edib ki, T\u00fcrkiy\u0259d\u0259n 100-d\u0259n \u00e7ox istehkam\u00e7\u0131 Az\u0259rbaycana g\u0259lib.\u00a0Bununla yana\u015f\u0131 Rusiyadan da g\u0259l\u0259nl\u0259r var.<\/p>\n<p>\u0130lham \u018fliyev onu da bildirib ki, i\u015f\u011faldan azad olunmu\u015f \u0259razil\u0259rin minalardan t\u0259mizl\u0259nm\u0259si \u00fc\u00e7\u00fcn bir ne\u00e7\u0259 \u015firk\u0259tl\u0259 dan\u0131\u015f\u0131qlar\u00a0apar\u0131l\u0131r:<\/p>\n<p>\u201cOnlar bu istiqam\u0259td\u0259 b\u00f6y\u00fck t\u0259cr\u00fcb\u0259y\u0259 malikdirl\u0259r. Dan\u0131\u015f\u0131qlar bitm\u0259yib, b\u0259zi m\u0259qamlar\u0131 raz\u0131la\u015fd\u0131r\u0131r\u0131q. Biz m\u00fcmk\u00fcn olan b\u00fct\u00fcn imkanlardan istifad\u0259 ed\u0259c\u0259yik\u201d &#8211; dey\u0259n Prezident \u0259lav\u0259 edib ki, minalardan t\u0259mizl\u0259n\u0259c\u0259k \u0259razil\u0259r \u00e7ox b\u00f6y\u00fckd\u00fcr: \u201cBuna g\u00f6r\u0259 d\u0259 ist\u0259yirik ki, yerli \u015firk\u0259tl\u0259r d\u0259 prosesd\u0259 i\u015ftirak etsinl\u0259r\u201d.<\/p>\n<p>Rusiya \u015firk\u0259tl\u0259rinin b\u0259rpa i\u015fl\u0259rind\u0259 i\u015ftirak\u0131na g\u0259linc\u0259, \u0130lham \u018fliyev deyib ki, Rusiya-Az\u0259rbaycan dost \u00f6lk\u0259l\u0259rdir.<\/p>\n<p>\u201cOna g\u00f6r\u0259 d\u0259 Rusiya \u015firk\u0259tl\u0259ri d\u0259 bu proses\u0259 c\u0259lb olunacaq v\u0259\u00a0d\u00fc\u015f\u00fcn\u00fcr\u0259m ki, Rusiya \u015firk\u0259tl\u0259ri \u00f6zl\u0259ri art\u0131q buna maraq g\u00f6st\u0259r\u0259 bil\u0259rl\u0259r\u201d.<\/p>\n","protected":false},"excerpt":{"rendered":"<p>\u201cBiz minalardan t\u0259mizl\u0259m\u0259 yolunun \u0259vv\u0259lind\u0259yik. Bir ne\u00e7\u0259 min hektar \u0259raziy\u0259\u00a0baxd\u0131q.\u00a0Tap\u015f\u0131r\u0131\u011f\u0131mla istehkam avadanl\u0131qlar\u0131 t\u0259\u015fkil olundu. Eyni zamanda m\u0259nim f\u0259rman\u0131mla minalardan t\u0259mizl\u0259nm\u0259 i\u015fini g\u00fccl\u0259ndirm\u0259k \u00fc\u00e7\u00fcn Az\u0259rbaycan Minat\u0259mizl\u0259m\u0259 Agentliyi yarad\u0131ld\u0131\u201d. ARANTV.AZ-\u0131n x\u0259b\u0259rin\u0259 g\u00f6r\u0259, bunu Prezident \u0130lham \u018fliyev yerli v\u0259 xarici jurnalistl\u0259r \u00fc\u00e7\u00fcn ke\u00e7irdiyi onlayn m\u0259tbuat konfrans\u0131nda deyib. D\u00f6vl\u0259t ba\u015f\u00e7\u0131s\u0131 qeyd edib ki, Minat\u0259mizl\u0259m\u0259 Agentliyinin f\u0259aliyy\u0259tinin s\u0259m\u0259r\u0259li t\u0259\u015fkili \u00fc\u00e7\u00fcn 100 milyon manat ayr\u0131l\u0131b. \u201cEyni zamanda m\u00fcasir avadanl\u0131qlar &#8211; robot cihazlar al\u0131n\u0131b\u201d, &#8211; dey\u0259 Prezident \u0259lav\u0259 edib. \u00d6lk\u0259 ba\u015f\u00e7\u0131s\u0131 qeyd edib ki, T\u00fcrkiy\u0259d\u0259n 100-d\u0259n \u00e7ox istehkam\u00e7\u0131 Az\u0259rbaycana g\u0259lib.\u00a0Bununla yana\u015f\u0131 Rusiyadan da g\u0259l\u0259nl\u0259r var. \u0130lham \u018fliyev&hellip;<\/p>\n","protected":false},"author":2,"featured_media":302312,"comment_status":"closed","ping_status":"closed","sticky":false,"template":"","format":"standard","meta":{"om_disable_all_campaigns":false,"_monsterinsights_skip_tracking":false,"_monsterinsights_sitenote_active":false,"_monsterinsights_sitenote_note":"","_monsterinsights_sitenote_category":0},"categories":[4],"tags":[],"aioseo_notices":[],"gutentor_comment":0,"rttpg_featured_image_url":{"full":["https:\/\/arantv.az\/wp-content\/uploads\/2021\/02\/120317860_3579231125466911_5812416290775791461_o-2.jpg",620,393,false],"landscape":["https:\/\/arantv.az\/wp-content\/uploads\/2021\/02\/120317860_3579231125466911_5812416290775791461_o-2.jpg",620,393,false],"portraits":["https:\/\/arantv.az\/wp-content\/uploads\/2021\/02\/120317860_3579231125466911_5812416290775791461_o-2.jpg",620,393,false],"thumbnail":["https:\/\/arantv.az\/wp-content\/uploads\/2021\/02\/120317860_3579231125466911_5812416290775791461_o-2-150x150.jpg",150,150,true],"medium":["https:\/\/arantv.az\/wp-content\/uploads\/2021\/02\/120317860_3579231125466911_5812416290775791461_o-2-300x190.jpg",300,190,true],"large":["https:\/\/arantv.az\/wp-content\/uploads\/2021\/02\/120317860_3579231125466911_5812416290775791461_o-2.jpg",620,393,false],"1536x1536":["https:\/\/arantv.az\/wp-content\/uploads\/2021\/02\/120317860_3579231125466911_5812416290775791461_o-2.jpg",620,393,false],"2048x2048":["https:\/\/arantv.az\/wp-content\/uploads\/2021\/02\/120317860_3579231125466911_5812416290775791461_o-2.jpg",620,393,false],"post-thumbnail":["https:\/\/arantv.az\/wp-content\/uploads\/2021\/02\/120317860_3579231125466911_5812416290775791461_o-2-240x172.jpg",240,172,true],"advps-thumb-one":["https:\/\/arantv.az\/wp-content\/uploads\/2021\/02\/120317860_3579231125466911_5812416290775791461_o-2.jpg",620,393,false]},"rttpg_author":{"display_name":"V\u00fcsal Rafiqo\u011flu","author_link":"https:\/\/arantv.az\/?author=2"},"rttpg_comment":0,"rttpg_category":"<a href=\"https:\/\/arantv.az\/?cat=4\" rel=\"category\">Siyas\u0259t<\/a>","rttpg_excerpt":"\u201cBiz minalardan t\u0259mizl\u0259m\u0259 yolunun \u0259vv\u0259lind\u0259yik. Bir ne\u00e7\u0259 min hektar \u0259raziy\u0259\u00a0baxd\u0131q.\u00a0Tap\u015f\u0131r\u0131\u011f\u0131mla istehkam avadanl\u0131qlar\u0131 t\u0259\u015fkil olundu. Eyni zamanda m\u0259nim f\u0259rman\u0131mla minalardan t\u0259mizl\u0259nm\u0259 i\u015fini g\u00fccl\u0259ndirm\u0259k \u00fc\u00e7\u00fcn Az\u0259rbaycan Minat\u0259mizl\u0259m\u0259 Agentliyi yarad\u0131ld\u0131\u201d. ARANTV.AZ-\u0131n x\u0259b\u0259rin\u0259 g\u00f6r\u0259, bunu Prezident \u0130lham \u018fliyev yerli v\u0259 xarici jurnalistl\u0259r \u00fc\u00e7\u00fcn ke\u00e7irdiyi onlayn m\u0259tbuat konfrans\u0131nda deyib. D\u00f6vl\u0259t ba\u015f\u00e7\u0131s\u0131 qeyd edib ki, Minat\u0259mizl\u0259m\u0259 Agentliyinin f\u0259aliyy\u0259tinin s\u0259m\u0259r\u0259li t\u0259\u015fkili \u00fc\u00e7\u00fcn&hellip;","_links":{"self":[{"href":"https:\/\/arantv.az\/index.php?rest_route=\/wp\/v2\/posts\/302348"}],"collection":[{"href":"https:\/\/arantv.az\/index.php?rest_route=\/wp\/v2\/posts"}],"about":[{"href":"https:\/\/arantv.az\/index.php?rest_route=\/wp\/v2\/types\/post"}],"author":[{"embeddable":true,"href":"https:\/\/arantv.az\/index.php?rest_route=\/wp\/v2\/users\/2"}],"replies":[{"embeddable":true,"href":"https:\/\/arantv.az\/index.php?rest_route=%2Fwp%2Fv2%2Fcomments&post=302348"}],"version-history":[{"count":0,"href":"https:\/\/arantv.az\/index.php?rest_route=\/wp\/v2\/posts\/302348\/revisions"}],"wp:featuredmedia":[{"embeddable":true,"href":"https:\/\/arantv.az\/index.php?rest_route=\/wp\/v2\/media\/302312"}],"wp:attachment":[{"href":"https:\/\/arantv.az\/index.php?rest_route=%2Fwp%2Fv2%2Fmedia&parent=302348"}],"wp:term":[{"taxonomy":"category","embeddable":true,"href":"https:\/\/arantv.az\/index.php?rest_route=%2Fwp%2Fv2%2Fcategories&post=302348"},{"taxonomy":"post_tag","embeddable":true,"href":"https:\/\/arantv.az\/index.php?rest_route=%2Fwp%2Fv2%2Ftags&post=302348"}],"curies":[{"name":"wp","href":"https:\/\/api.w.org\/{rel}","templated":true}]}}