{"id":302351,"date":"2021-02-26T13:33:49","date_gmt":"2021-02-26T10:33:49","guid":{"rendered":"http:\/\/arantv.az\/?p=302351"},"modified":"2021-02-26T13:33:49","modified_gmt":"2021-02-26T10:33:49","slug":"turkiy%c9%99-milli-mudafi%c9%99-nazirliyi-xocali-faci%c9%99si-il%c9%99-bagli-paylasim-edib-foto","status":"publish","type":"post","link":"https:\/\/arantv.az\/?p=302351","title":{"rendered":"T\u00fcrkiy\u0259 Milli M\u00fcdafi\u0259 Nazirliyi Xocal\u0131 faci\u0259si il\u0259 ba\u011fl\u0131 payla\u015f\u0131m edib &#8211; FOTO"},"content":{"rendered":"<p>Qundaqdak\u0131 k\u00f6rp\u0259l\u0259ri bel\u0259 q\u0259tl\u0259 yetir\u0259c\u0259k q\u0259d\u0259r cani\u015finl\u0259ri unutmad\u0131q, unutmayaca\u011f\u0131q!<\/p>\n<p><strong>ARANTV.AZ<\/strong>-\u0131n m\u0259lumat\u0131na g\u00f6r\u0259, T\u00fcrkiy\u0259 Respublikas\u0131n\u0131n Milli M\u00fcdafi\u0259 Nazirliyinin\u00a0Xocal\u0131 soyq\u0131r\u0131m\u0131 il\u0259 ba\u011fl\u0131 payla\u015f\u0131m\u0131nda bel\u0259 deyilir.<\/p>\n<div id=\"AdviadNativeVideo0\" class=\"AdviadNativeVideo\"><\/div>\n<p>Faci\u0259 qurbanlar\u0131n\u0131 r\u0259hm\u0259tl\u0259 anan h\u0259rbi qurum \u201c29 il \u0259vv\u0259l Xocal\u0131da v\u0259h\u015fic\u0259sin\u0259 q\u0259tl\u0259 yetiril\u0259n Az\u0259rbaycanl\u0131 qarda\u015flar\u0131m\u0131z\u0131n a\u011fr\u0131s\u0131n\u0131 h\u0259l\u0259 d\u0259 q\u0259lbimizin d\u0259rinliyind\u0259 hiss edirik\u201d, &#8211; dey\u0259 b\u0259yan edib.<\/p>\n<div>\n<div class=\"twitter-tweet twitter-tweet-rendered\"><iframe id=\"twitter-widget-0\" class=\"\" title=\"Twitter Tweet\" src=\"https:\/\/platform.twitter.com\/embed\/Tweet.html?creatorScreenName=oxuaz&amp;dnt=false&amp;embedId=twitter-widget-0&amp;frame=false&amp;hideCard=false&amp;hideThread=false&amp;id=1365210916325842945&amp;lang=en&amp;origin=https%3A%2F%2Foxu.az%2Fwar%2F471072&amp;siteScreenName=oxuaz&amp;theme=light&amp;widgetsVersion=889aa01%3A1612811843556&amp;width=550px\" frameborder=\"0\" scrolling=\"no\" allowfullscreen=\"allowfullscreen\" data-tweet-id=\"1365210916325842945\" data-mce-fragment=\"1\"><\/iframe><\/div>\n<\/div>\n<p>&nbsp;<\/p>\n","protected":false},"excerpt":{"rendered":"<p>Qundaqdak\u0131 k\u00f6rp\u0259l\u0259ri bel\u0259 q\u0259tl\u0259 yetir\u0259c\u0259k q\u0259d\u0259r cani\u015finl\u0259ri unutmad\u0131q, unutmayaca\u011f\u0131q! ARANTV.AZ-\u0131n m\u0259lumat\u0131na g\u00f6r\u0259, T\u00fcrkiy\u0259 Respublikas\u0131n\u0131n Milli M\u00fcdafi\u0259 Nazirliyinin\u00a0Xocal\u0131 soyq\u0131r\u0131m\u0131 il\u0259 ba\u011fl\u0131 payla\u015f\u0131m\u0131nda bel\u0259 deyilir. Faci\u0259 qurbanlar\u0131n\u0131 r\u0259hm\u0259tl\u0259 anan h\u0259rbi qurum \u201c29 il \u0259vv\u0259l Xocal\u0131da v\u0259h\u015fic\u0259sin\u0259 q\u0259tl\u0259 yetiril\u0259n Az\u0259rbaycanl\u0131 qarda\u015flar\u0131m\u0131z\u0131n a\u011fr\u0131s\u0131n\u0131 h\u0259l\u0259 d\u0259 q\u0259lbimizin d\u0259rinliyind\u0259 hiss edirik\u201d, &#8211; dey\u0259 b\u0259yan edib. &nbsp;<\/p>\n","protected":false},"author":2,"featured_media":302352,"comment_status":"closed","ping_status":"closed","sticky":false,"template":"","format":"standard","meta":{"om_disable_all_campaigns":false,"_monsterinsights_skip_tracking":false,"_monsterinsights_sitenote_active":false,"_monsterinsights_sitenote_note":"","_monsterinsights_sitenote_category":0},"categories":[10],"tags":[],"aioseo_notices":[],"gutentor_comment":0,"rttpg_featured_image_url":{"full":["https:\/\/arantv.az\/wp-content\/uploads\/2021\/02\/EvIvmm3WQAA-HaV.jpg",620,400,false],"landscape":["https:\/\/arantv.az\/wp-content\/uploads\/2021\/02\/EvIvmm3WQAA-HaV.jpg",620,400,false],"portraits":["https:\/\/arantv.az\/wp-content\/uploads\/2021\/02\/EvIvmm3WQAA-HaV.jpg",620,400,false],"thumbnail":["https:\/\/arantv.az\/wp-content\/uploads\/2021\/02\/EvIvmm3WQAA-HaV-150x150.jpg",150,150,true],"medium":["https:\/\/arantv.az\/wp-content\/uploads\/2021\/02\/EvIvmm3WQAA-HaV-300x194.jpg",300,194,true],"large":["https:\/\/arantv.az\/wp-content\/uploads\/2021\/02\/EvIvmm3WQAA-HaV.jpg",620,400,false],"1536x1536":["https:\/\/arantv.az\/wp-content\/uploads\/2021\/02\/EvIvmm3WQAA-HaV.jpg",620,400,false],"2048x2048":["https:\/\/arantv.az\/wp-content\/uploads\/2021\/02\/EvIvmm3WQAA-HaV.jpg",620,400,false],"post-thumbnail":["https:\/\/arantv.az\/wp-content\/uploads\/2021\/02\/EvIvmm3WQAA-HaV-240x172.jpg",240,172,true],"advps-thumb-one":["https:\/\/arantv.az\/wp-content\/uploads\/2021\/02\/EvIvmm3WQAA-HaV.jpg",620,400,false]},"rttpg_author":{"display_name":"V\u00fcsal Rafiqo\u011flu","author_link":"https:\/\/arantv.az\/?author=2"},"rttpg_comment":0,"rttpg_category":"<a href=\"https:\/\/arantv.az\/?cat=10\" rel=\"category\">C\u0259bh\u0259d\u0259n X\u0259b\u0259r<\/a>","rttpg_excerpt":"Qundaqdak\u0131 k\u00f6rp\u0259l\u0259ri bel\u0259 q\u0259tl\u0259 yetir\u0259c\u0259k q\u0259d\u0259r cani\u015finl\u0259ri unutmad\u0131q, unutmayaca\u011f\u0131q! ARANTV.AZ-\u0131n m\u0259lumat\u0131na g\u00f6r\u0259, T\u00fcrkiy\u0259 Respublikas\u0131n\u0131n Milli M\u00fcdafi\u0259 Nazirliyinin\u00a0Xocal\u0131 soyq\u0131r\u0131m\u0131 il\u0259 ba\u011fl\u0131 payla\u015f\u0131m\u0131nda bel\u0259 deyilir. Faci\u0259 qurbanlar\u0131n\u0131 r\u0259hm\u0259tl\u0259 anan h\u0259rbi qurum \u201c29 il \u0259vv\u0259l Xocal\u0131da v\u0259h\u015fic\u0259sin\u0259 q\u0259tl\u0259 yetiril\u0259n Az\u0259rbaycanl\u0131 qarda\u015flar\u0131m\u0131z\u0131n a\u011fr\u0131s\u0131n\u0131 h\u0259l\u0259 d\u0259 q\u0259lbimizin d\u0259rinliyind\u0259 hiss edirik\u201d, &#8211; dey\u0259 b\u0259yan edib. &nbsp;","_links":{"self":[{"href":"https:\/\/arantv.az\/index.php?rest_route=\/wp\/v2\/posts\/302351"}],"collection":[{"href":"https:\/\/arantv.az\/index.php?rest_route=\/wp\/v2\/posts"}],"about":[{"href":"https:\/\/arantv.az\/index.php?rest_route=\/wp\/v2\/types\/post"}],"author":[{"embeddable":true,"href":"https:\/\/arantv.az\/index.php?rest_route=\/wp\/v2\/users\/2"}],"replies":[{"embeddable":true,"href":"https:\/\/arantv.az\/index.php?rest_route=%2Fwp%2Fv2%2Fcomments&post=302351"}],"version-history":[{"count":0,"href":"https:\/\/arantv.az\/index.php?rest_route=\/wp\/v2\/posts\/302351\/revisions"}],"wp:featuredmedia":[{"embeddable":true,"href":"https:\/\/arantv.az\/index.php?rest_route=\/wp\/v2\/media\/302352"}],"wp:attachment":[{"href":"https:\/\/arantv.az\/index.php?rest_route=%2Fwp%2Fv2%2Fmedia&parent=302351"}],"wp:term":[{"taxonomy":"category","embeddable":true,"href":"https:\/\/arantv.az\/index.php?rest_route=%2Fwp%2Fv2%2Fcategories&post=302351"},{"taxonomy":"post_tag","embeddable":true,"href":"https:\/\/arantv.az\/index.php?rest_route=%2Fwp%2Fv2%2Ftags&post=302351"}],"curies":[{"name":"wp","href":"https:\/\/api.w.org\/{rel}","templated":true}]}}