{"id":302355,"date":"2021-02-26T13:34:16","date_gmt":"2021-02-26T10:34:16","guid":{"rendered":"http:\/\/arantv.az\/?p=302355"},"modified":"2021-02-26T13:34:16","modified_gmt":"2021-02-26T10:34:16","slug":"asan-xidm%c9%99t-%c9%99m%c9%99kdaslari-ana-harayi-abid%c9%99sind%c9%99-foto","status":"publish","type":"post","link":"https:\/\/arantv.az\/?p=302355","title":{"rendered":"ASAN xidm\u0259t \u0259m\u0259kda\u015flar\u0131 \u201cAna haray\u0131\u201d abid\u0259sind\u0259 &#8211; FOTO"},"content":{"rendered":"<p>Bu g\u00fcn Xocal\u0131 soyq\u0131r\u0131m\u0131n\u0131n 29-cu ild\u00f6n\u00fcm\u00fcd\u00fcr.<\/p>\n<p>Bununla\u00a0\u0259laq\u0259dar Az\u0259rbaycan Respublikas\u0131n\u0131n Prezidenti yan\u0131nda V\u0259t\u0259nda\u015flara Xidm\u0259t v\u0259 Sosial \u0130nnovasiyalar \u00fczr\u0259 D\u00f6vl\u0259t Agentliyinin s\u0259dri \u00dclvi Mehdiyev v\u0259 dig\u0259r \u0259m\u0259kda\u015flar soyq\u0131r\u0131m\u0131 qurbanlar\u0131n\u0131n xatir\u0259sin\u0259 ucald\u0131lm\u0131\u015f abid\u0259ni ziyar\u0259t edibl\u0259r.<\/p>\n<div id=\"AdviadNativeVideo0\" class=\"AdviadNativeVideo\"><\/div>\n<p>Soyq\u0131r\u0131m\u0131 qurbanlar\u0131n\u0131n xatir\u0259si ehtiramla yad edilib, abid\u0259nin \u00f6n\u00fcn\u0259 g\u00fcl d\u0259st\u0259l\u0259ri qoyulub.<\/p>\n<div class=\"gallery\">\n<div class=\"gallery-i\"><img src=\"https:\/\/cdn.oxu.az\/uploads\/W1siZiIsIjIwMjEvMDIvMjYvMTIvMTkvNTQvOWQwNmMwMmQtZTQ5My00YTMxLTgwMTEtMGJiNDc5NThiY2NlL3UxLmpwZyJdLFsicCIsImVuY29kZSIsImpwZyIsIi1xdWFsaXR5IDgwIl0sWyJwIiwidGh1bWIiLCI1OTB4NTkwXHUwMDNlIl1d?sha=614e0f31334706f4\" alt=\"\" \/><\/div>\n<\/div>\n","protected":false},"excerpt":{"rendered":"<p>Bu g\u00fcn Xocal\u0131 soyq\u0131r\u0131m\u0131n\u0131n 29-cu ild\u00f6n\u00fcm\u00fcd\u00fcr. Bununla\u00a0\u0259laq\u0259dar Az\u0259rbaycan Respublikas\u0131n\u0131n Prezidenti yan\u0131nda V\u0259t\u0259nda\u015flara Xidm\u0259t v\u0259 Sosial \u0130nnovasiyalar \u00fczr\u0259 D\u00f6vl\u0259t Agentliyinin s\u0259dri \u00dclvi Mehdiyev v\u0259 dig\u0259r \u0259m\u0259kda\u015flar soyq\u0131r\u0131m\u0131 qurbanlar\u0131n\u0131n xatir\u0259sin\u0259 ucald\u0131lm\u0131\u015f abid\u0259ni ziyar\u0259t edibl\u0259r. Soyq\u0131r\u0131m\u0131 qurbanlar\u0131n\u0131n xatir\u0259si ehtiramla yad edilib, abid\u0259nin \u00f6n\u00fcn\u0259 g\u00fcl d\u0259st\u0259l\u0259ri qoyulub.<\/p>\n","protected":false},"author":2,"featured_media":302356,"comment_status":"closed","ping_status":"closed","sticky":false,"template":"","format":"standard","meta":{"om_disable_all_campaigns":false,"_monsterinsights_skip_tracking":false,"_monsterinsights_sitenote_active":false,"_monsterinsights_sitenote_note":"","_monsterinsights_sitenote_category":0},"categories":[26],"tags":[],"aioseo_notices":[],"gutentor_comment":0,"rttpg_featured_image_url":{"full":["https:\/\/arantv.az\/wp-content\/uploads\/2021\/02\/u2.jpg",620,405,false],"landscape":["https:\/\/arantv.az\/wp-content\/uploads\/2021\/02\/u2.jpg",620,405,false],"portraits":["https:\/\/arantv.az\/wp-content\/uploads\/2021\/02\/u2.jpg",620,405,false],"thumbnail":["https:\/\/arantv.az\/wp-content\/uploads\/2021\/02\/u2-150x150.jpg",150,150,true],"medium":["https:\/\/arantv.az\/wp-content\/uploads\/2021\/02\/u2-300x196.jpg",300,196,true],"large":["https:\/\/arantv.az\/wp-content\/uploads\/2021\/02\/u2.jpg",620,405,false],"1536x1536":["https:\/\/arantv.az\/wp-content\/uploads\/2021\/02\/u2.jpg",620,405,false],"2048x2048":["https:\/\/arantv.az\/wp-content\/uploads\/2021\/02\/u2.jpg",620,405,false],"post-thumbnail":["https:\/\/arantv.az\/wp-content\/uploads\/2021\/02\/u2-240x172.jpg",240,172,true],"advps-thumb-one":["https:\/\/arantv.az\/wp-content\/uploads\/2021\/02\/u2.jpg",620,405,false]},"rttpg_author":{"display_name":"V\u00fcsal Rafiqo\u011flu","author_link":"https:\/\/arantv.az\/?author=2"},"rttpg_comment":0,"rttpg_category":"<a href=\"https:\/\/arantv.az\/?cat=26\" rel=\"category\">Sosial<\/a>","rttpg_excerpt":"Bu g\u00fcn Xocal\u0131 soyq\u0131r\u0131m\u0131n\u0131n 29-cu ild\u00f6n\u00fcm\u00fcd\u00fcr. Bununla\u00a0\u0259laq\u0259dar Az\u0259rbaycan Respublikas\u0131n\u0131n Prezidenti yan\u0131nda V\u0259t\u0259nda\u015flara Xidm\u0259t v\u0259 Sosial \u0130nnovasiyalar \u00fczr\u0259 D\u00f6vl\u0259t Agentliyinin s\u0259dri \u00dclvi Mehdiyev v\u0259 dig\u0259r \u0259m\u0259kda\u015flar soyq\u0131r\u0131m\u0131 qurbanlar\u0131n\u0131n xatir\u0259sin\u0259 ucald\u0131lm\u0131\u015f abid\u0259ni ziyar\u0259t edibl\u0259r. Soyq\u0131r\u0131m\u0131 qurbanlar\u0131n\u0131n xatir\u0259si ehtiramla yad edilib, abid\u0259nin \u00f6n\u00fcn\u0259 g\u00fcl d\u0259st\u0259l\u0259ri qoyulub.","_links":{"self":[{"href":"https:\/\/arantv.az\/index.php?rest_route=\/wp\/v2\/posts\/302355"}],"collection":[{"href":"https:\/\/arantv.az\/index.php?rest_route=\/wp\/v2\/posts"}],"about":[{"href":"https:\/\/arantv.az\/index.php?rest_route=\/wp\/v2\/types\/post"}],"author":[{"embeddable":true,"href":"https:\/\/arantv.az\/index.php?rest_route=\/wp\/v2\/users\/2"}],"replies":[{"embeddable":true,"href":"https:\/\/arantv.az\/index.php?rest_route=%2Fwp%2Fv2%2Fcomments&post=302355"}],"version-history":[{"count":0,"href":"https:\/\/arantv.az\/index.php?rest_route=\/wp\/v2\/posts\/302355\/revisions"}],"wp:featuredmedia":[{"embeddable":true,"href":"https:\/\/arantv.az\/index.php?rest_route=\/wp\/v2\/media\/302356"}],"wp:attachment":[{"href":"https:\/\/arantv.az\/index.php?rest_route=%2Fwp%2Fv2%2Fmedia&parent=302355"}],"wp:term":[{"taxonomy":"category","embeddable":true,"href":"https:\/\/arantv.az\/index.php?rest_route=%2Fwp%2Fv2%2Fcategories&post=302355"},{"taxonomy":"post_tag","embeddable":true,"href":"https:\/\/arantv.az\/index.php?rest_route=%2Fwp%2Fv2%2Ftags&post=302355"}],"curies":[{"name":"wp","href":"https:\/\/api.w.org\/{rel}","templated":true}]}}