{"id":302360,"date":"2021-02-26T13:35:30","date_gmt":"2021-02-26T10:35:30","guid":{"rendered":"http:\/\/arantv.az\/?p=302360"},"modified":"2021-02-26T13:35:30","modified_gmt":"2021-02-26T10:35:30","slug":"prezident-erm%c9%99nistanin-dinc-%c9%99halisi-il%c9%99-az%c9%99rbaycan-s%c9%99rh%c9%99d-qosunlari-arasinda-hec-bir-g%c9%99rginlik-yoxdur","status":"publish","type":"post","link":"https:\/\/arantv.az\/?p=302360","title":{"rendered":"Prezident: \u201cErm\u0259nistan\u0131n dinc \u0259halisi il\u0259 Az\u0259rbaycan S\u0259rh\u0259d Qo\u015funlar\u0131 aras\u0131nda he\u00e7 bir g\u0259rginlik yoxdur\u201d"},"content":{"rendered":"<p>\u201cBir m\u0259s\u0259l\u0259ni qeyd ed\u0259 bil\u0259r\u0259m ki, haz\u0131rda \u015e\u0259rqi Z\u0259ng\u0259zurda, Z\u0259ngilanda s\u0259rh\u0259dyan\u0131 \u0259razil\u0259rd\u0259 &#8211; hans\u0131 ki, i\u015f\u011faldan azad olunub, orda Az\u0259rbaycan ordusu yoxdur. S\u00f6z\u00fcged\u0259n \u0259razid\u0259 Az\u0259rbaycan\u0131n S\u0259rh\u0259d Qo\u015funlar\u0131 var\u201d.<\/p>\n<p><strong>ARANTV.AZ<\/strong>-\u0131n m\u0259lumat\u0131na g\u00f6r\u0259, bunu m\u0259tbuat konfrans\u0131nda Az\u0259rbaycan Prezidenti \u0130lham \u018fliyev bildirib.<\/p>\n<div id=\"AdviadNativeVideo0\" class=\"AdviadNativeVideo\"><\/div>\n<p>\u00d6lk\u0259 ba\u015f\u00e7\u0131s\u0131n\u0131n s\u00f6zl\u0259rin\u0259 g\u00f6r\u0259, h\u0259min \u0259razid\u0259 Erm\u0259nistan\u0131n h\u0259r hans\u0131 dinc \u0259halisi il\u0259 Az\u0259rbaycan S\u0259rh\u0259d Qo\u015funlar\u0131 aras\u0131nda he\u00e7 bir g\u0259rginlik yoxdur:<\/p>\n<p>\u201cBiz d\u00f6vl\u0259tl\u0259raras\u0131 s\u0259rh\u0259di ke\u00e7m\u0259dik. B\u0259zi k\u0259ndl\u0259r hans\u0131 ki, onlar\u0131n b\u0259zi hiss\u0259si Az\u0259rbaycan \u0259razisind\u0259 yerl\u0259\u015fir, orada he\u00e7 bir insident ya\u015fanm\u0131r. \u00c7\u00fcnki orada Erm\u0259nistan ordusu yoxdur. Biz \u00f6z s\u0259rh\u0259dimizd\u0259 dayanm\u0131\u015f\u0131q. Erm\u0259nistan\u0131n T\u00fcrkiy\u0259, \u0130ranla s\u0259rh\u0259di Rusiya S\u0259rh\u0259d Qo\u015funlar\u0131 t\u0259r\u0259find\u0259n m\u00fchafiz\u0259 olunur. Biz o \u0259razil\u0259rd\u0259 Erm\u0259nistan\u0131n dinc \u0259halisin\u0259 qar\u015f\u0131 he\u00e7 bir add\u0131m atm\u0131r\u0131q. \u018fksin\u0259,\u00a0Erm\u0259nistan \u015f\u0259h\u0259rl\u0259rini birl\u0259\u015fdir\u0259n\u00a020 kilometr uzunlu\u011fu\u00a0olan\u00a0yol\u00a0Az\u0259rbaycan \u0259razisind\u0259n ke\u00e7ir v\u0259 onlar\u00a0bu yoldan yararlana bilirl\u0259r. Biz h\u0259min yolda \u201cAz\u0259rbaycana xo\u015f g\u0259lmi\u015fsiniz\u201d yaz\u0131l\u0131 bir l\u00f6vh\u0259 asm\u0131\u015f\u0131q. M\u0259n anlam\u0131ram, n\u0259y\u0259 g\u00f6r\u0259 bu, Erm\u0259nistanda q\u0131c\u0131q yarad\u0131r? Orada n\u0259qliyyat vasit\u0259l\u0259ri il\u0259 h\u0259r\u0259k\u0259t ed\u0259nl\u0259r\u00a0g\u00f6rm\u0259lidir ki, Az\u0259rbaycana daxil olur\u201d.<\/p>\n<p>\u201cBiz\u0259 m\u0259xsus olan\u0131 \u00f6z\u00fcm\u00fcz\u0259 qaytarm\u0131\u015f\u0131q. Biz g\u00f6st\u0259ririk ki,\u00a0s\u00f6zl\u0259rimiz v\u0259 add\u0131mlar\u0131m\u0131z eynidir\u201d.<\/p>\n","protected":false},"excerpt":{"rendered":"<p>\u201cBir m\u0259s\u0259l\u0259ni qeyd ed\u0259 bil\u0259r\u0259m ki, haz\u0131rda \u015e\u0259rqi Z\u0259ng\u0259zurda, Z\u0259ngilanda s\u0259rh\u0259dyan\u0131 \u0259razil\u0259rd\u0259 &#8211; hans\u0131 ki, i\u015f\u011faldan azad olunub, orda Az\u0259rbaycan ordusu yoxdur. S\u00f6z\u00fcged\u0259n \u0259razid\u0259 Az\u0259rbaycan\u0131n S\u0259rh\u0259d Qo\u015funlar\u0131 var\u201d. ARANTV.AZ-\u0131n m\u0259lumat\u0131na g\u00f6r\u0259, bunu m\u0259tbuat konfrans\u0131nda Az\u0259rbaycan Prezidenti \u0130lham \u018fliyev bildirib. \u00d6lk\u0259 ba\u015f\u00e7\u0131s\u0131n\u0131n s\u00f6zl\u0259rin\u0259 g\u00f6r\u0259, h\u0259min \u0259razid\u0259 Erm\u0259nistan\u0131n h\u0259r hans\u0131 dinc \u0259halisi il\u0259 Az\u0259rbaycan S\u0259rh\u0259d Qo\u015funlar\u0131 aras\u0131nda he\u00e7 bir g\u0259rginlik yoxdur: \u201cBiz d\u00f6vl\u0259tl\u0259raras\u0131 s\u0259rh\u0259di ke\u00e7m\u0259dik. B\u0259zi k\u0259ndl\u0259r hans\u0131 ki, onlar\u0131n b\u0259zi hiss\u0259si Az\u0259rbaycan \u0259razisind\u0259 yerl\u0259\u015fir, orada he\u00e7 bir insident ya\u015fanm\u0131r. \u00c7\u00fcnki orada Erm\u0259nistan ordusu yoxdur. Biz \u00f6z s\u0259rh\u0259dimizd\u0259 dayanm\u0131\u015f\u0131q. Erm\u0259nistan\u0131n T\u00fcrkiy\u0259, \u0130ranla&hellip;<\/p>\n","protected":false},"author":2,"featured_media":302361,"comment_status":"closed","ping_status":"closed","sticky":false,"template":"","format":"standard","meta":{"om_disable_all_campaigns":false,"_monsterinsights_skip_tracking":false,"_monsterinsights_sitenote_active":false,"_monsterinsights_sitenote_note":"","_monsterinsights_sitenote_category":0},"categories":[4],"tags":[],"aioseo_notices":[],"gutentor_comment":0,"rttpg_featured_image_url":{"full":["https:\/\/arantv.az\/wp-content\/uploads\/2021\/02\/iLHAM-\u00c9_L\u00c4\u00b0YEV-2.jpg",620,426,false],"landscape":["https:\/\/arantv.az\/wp-content\/uploads\/2021\/02\/iLHAM-\u00c9_L\u00c4\u00b0YEV-2.jpg",620,426,false],"portraits":["https:\/\/arantv.az\/wp-content\/uploads\/2021\/02\/iLHAM-\u00c9_L\u00c4\u00b0YEV-2.jpg",620,426,false],"thumbnail":["https:\/\/arantv.az\/wp-content\/uploads\/2021\/02\/iLHAM-\u00c9_L\u00c4\u00b0YEV-2-150x150.jpg",150,150,true],"medium":["https:\/\/arantv.az\/wp-content\/uploads\/2021\/02\/iLHAM-\u00c9_L\u00c4\u00b0YEV-2-300x206.jpg",300,206,true],"large":["https:\/\/arantv.az\/wp-content\/uploads\/2021\/02\/iLHAM-\u00c9_L\u00c4\u00b0YEV-2.jpg",620,426,false],"1536x1536":["https:\/\/arantv.az\/wp-content\/uploads\/2021\/02\/iLHAM-\u00c9_L\u00c4\u00b0YEV-2.jpg",620,426,false],"2048x2048":["https:\/\/arantv.az\/wp-content\/uploads\/2021\/02\/iLHAM-\u00c9_L\u00c4\u00b0YEV-2.jpg",620,426,false],"post-thumbnail":["https:\/\/arantv.az\/wp-content\/uploads\/2021\/02\/iLHAM-\u00c9_L\u00c4\u00b0YEV-2-240x172.jpg",240,172,true],"advps-thumb-one":["https:\/\/arantv.az\/wp-content\/uploads\/2021\/02\/iLHAM-\u00c9_L\u00c4\u00b0YEV-2.jpg",620,426,false]},"rttpg_author":{"display_name":"V\u00fcsal Rafiqo\u011flu","author_link":"https:\/\/arantv.az\/?author=2"},"rttpg_comment":0,"rttpg_category":"<a href=\"https:\/\/arantv.az\/?cat=4\" rel=\"category\">Siyas\u0259t<\/a>","rttpg_excerpt":"\u201cBir m\u0259s\u0259l\u0259ni qeyd ed\u0259 bil\u0259r\u0259m ki, haz\u0131rda \u015e\u0259rqi Z\u0259ng\u0259zurda, Z\u0259ngilanda s\u0259rh\u0259dyan\u0131 \u0259razil\u0259rd\u0259 &#8211; hans\u0131 ki, i\u015f\u011faldan azad olunub, orda Az\u0259rbaycan ordusu yoxdur. S\u00f6z\u00fcged\u0259n \u0259razid\u0259 Az\u0259rbaycan\u0131n S\u0259rh\u0259d Qo\u015funlar\u0131 var\u201d. ARANTV.AZ-\u0131n m\u0259lumat\u0131na g\u00f6r\u0259, bunu m\u0259tbuat konfrans\u0131nda Az\u0259rbaycan Prezidenti \u0130lham \u018fliyev bildirib. \u00d6lk\u0259 ba\u015f\u00e7\u0131s\u0131n\u0131n s\u00f6zl\u0259rin\u0259 g\u00f6r\u0259, h\u0259min \u0259razid\u0259 Erm\u0259nistan\u0131n h\u0259r hans\u0131 dinc \u0259halisi il\u0259 Az\u0259rbaycan S\u0259rh\u0259d Qo\u015funlar\u0131 aras\u0131nda&hellip;","_links":{"self":[{"href":"https:\/\/arantv.az\/index.php?rest_route=\/wp\/v2\/posts\/302360"}],"collection":[{"href":"https:\/\/arantv.az\/index.php?rest_route=\/wp\/v2\/posts"}],"about":[{"href":"https:\/\/arantv.az\/index.php?rest_route=\/wp\/v2\/types\/post"}],"author":[{"embeddable":true,"href":"https:\/\/arantv.az\/index.php?rest_route=\/wp\/v2\/users\/2"}],"replies":[{"embeddable":true,"href":"https:\/\/arantv.az\/index.php?rest_route=%2Fwp%2Fv2%2Fcomments&post=302360"}],"version-history":[{"count":0,"href":"https:\/\/arantv.az\/index.php?rest_route=\/wp\/v2\/posts\/302360\/revisions"}],"wp:featuredmedia":[{"embeddable":true,"href":"https:\/\/arantv.az\/index.php?rest_route=\/wp\/v2\/media\/302361"}],"wp:attachment":[{"href":"https:\/\/arantv.az\/index.php?rest_route=%2Fwp%2Fv2%2Fmedia&parent=302360"}],"wp:term":[{"taxonomy":"category","embeddable":true,"href":"https:\/\/arantv.az\/index.php?rest_route=%2Fwp%2Fv2%2Fcategories&post=302360"},{"taxonomy":"post_tag","embeddable":true,"href":"https:\/\/arantv.az\/index.php?rest_route=%2Fwp%2Fv2%2Ftags&post=302360"}],"curies":[{"name":"wp","href":"https:\/\/api.w.org\/{rel}","templated":true}]}}