{"id":302364,"date":"2021-02-26T13:36:00","date_gmt":"2021-02-26T10:36:00","guid":{"rendered":"http:\/\/arantv.az\/?p=302364"},"modified":"2021-02-26T13:36:00","modified_gmt":"2021-02-26T10:36:00","slug":"abs-in-sanni-ayles-bic-s%c9%99h%c9%99rind%c9%99-26-fevral-tarixi-xocalinin-anim-gunu-elan-edilib","status":"publish","type":"post","link":"https:\/\/arantv.az\/?p=302364","title":{"rendered":"AB\u015e-\u0131n Sanni Ayles Bi\u00e7 \u015f\u0259h\u0259rind\u0259 26 fevral tarixi Xocal\u0131n\u0131n an\u0131m g\u00fcn\u00fc elan edilib"},"content":{"rendered":"<p>Florida \u015ftat\u0131n\u0131n Sanni Ayles Bi\u00e7 \u015f\u0259h\u0259rinin meri Corc Skoll Xocal\u0131n\u0131n 29-cu ild\u00f6n\u00fcm\u00fc il\u0259 \u0259laq\u0259dar 26 fevral 2021-ci il tarixinin Xocal\u0131 soyq\u0131r\u0131m\u0131 qurbanlar\u0131n\u0131n an\u0131m g\u00fcn\u00fc elan edilm\u0259sin\u0259 dair b\u0259yannam\u0259 imzalay\u0131b.<\/p>\n<p>Bu bar\u0259d\u0259 Diasporla \u0130\u015f \u00dczr\u0259 D\u00f6vl\u0259t Komit\u0259si m\u0259lumat yay\u0131b.<\/p>\n<p>Merin imzalad\u0131\u011f\u0131 b\u0259yannam\u0259d\u0259 1988-ci il Az\u0259rbaycan\u0131n Da\u011fl\u0131q Qaraba\u011f b\u00f6lg\u0259sind\u0259 m\u00fcnaqi\u015f\u0259nin ba\u015flamas\u0131, 1992-ci il fevral\u0131n 25-d\u0259n 26-na ke\u00e7\u0259n gec\u0259 erm\u0259ni silahl\u0131 birl\u0259\u015fm\u0259l\u0259rinin Xocal\u0131ya h\u00fccumu n\u0259tic\u0259sind\u0259 aralar\u0131nda qad\u0131nlar\u0131n, u\u015faqlar\u0131n, qocalar\u0131n oldu\u011fu 600-d\u0259n \u00e7ox m\u00fclki insan\u0131n q\u0259tl\u0259 yetirilm\u0259si bar\u0259d\u0259 m\u0259lumat verilib.<\/p>\n<div id=\"AdviadNativeVideo0\" class=\"AdviadNativeVideo\"><\/div>\n<p>S\u0259n\u0259dd\u0259 qeyd edilir ki, Xocal\u0131 soyq\u0131r\u0131m\u0131 m\u00fcharib\u0259 d\u00f6vr\u00fcnd\u0259 vurula bil\u0259n d\u0259h\u015f\u0259tli ziyan\u0131n a\u011fr\u0131l\u0131 xat\u0131rlatmas\u0131d\u0131r v\u0259 d\u00fcnya xalqlar\u0131 aras\u0131nda daha \u00e7ox \u00fcnsiyy\u0259t v\u0259 tolerantl\u0131\u011fa ehtiyac oldu\u011funu g\u00f6st\u0259rir.<\/p>\n<p>B\u00fct\u00fcn bunlar\u0131 n\u0259z\u0259r\u0259 alan mer Corc Skoll 26 fevral 2021-ci il tarixini Xocal\u0131 faci\u0259sinin An\u0131m G\u00fcn\u00fc elan edib. B\u0259yannam\u0259 Florida \u015ftat\u0131nda ya\u015fayan soyda\u015flar\u0131m\u0131z v\u0259 Florida-Az\u0259rbaycan \u0130cmas\u0131n\u0131n t\u0259\u015f\u0259bb\u00fcs\u00fc il\u0259 q\u0259bul edilib.<\/p>\n<p>Xat\u0131rladaq ki, Xocal\u0131 soyq\u0131r\u0131m\u0131n\u0131n 29-cu ild\u00f6n\u00fcm\u00fc \u0259r\u0259f\u0259sind\u0259 AB\u015e-\u0131n Minnesota \u015ftat\u0131n\u0131n qubernatoru, Florida \u015ftat\u0131n\u0131n Aventura v\u0259 Holondeyl Bi\u00e7 \u015f\u0259h\u0259rl\u0259rinin merl\u0259ri, Men \u015ftat\u0131n\u0131n Portl\u0259nd \u015f\u0259h\u0259rinin meri, \u0130llinoys \u015ftat\u0131n\u0131n Skoki \u015f\u0259h\u0259rinin meri v\u0259 Massa\u00e7usets \u015ftat\u0131n\u0131n Boston \u015f\u0259h\u0259r meri t\u0259r\u0259find\u0259n d\u0259 ox\u015far b\u0259yanatlar q\u0259bul edib.<\/p>\n","protected":false},"excerpt":{"rendered":"<p>Florida \u015ftat\u0131n\u0131n Sanni Ayles Bi\u00e7 \u015f\u0259h\u0259rinin meri Corc Skoll Xocal\u0131n\u0131n 29-cu ild\u00f6n\u00fcm\u00fc il\u0259 \u0259laq\u0259dar 26 fevral 2021-ci il tarixinin Xocal\u0131 soyq\u0131r\u0131m\u0131 qurbanlar\u0131n\u0131n an\u0131m g\u00fcn\u00fc elan edilm\u0259sin\u0259 dair b\u0259yannam\u0259 imzalay\u0131b. Bu bar\u0259d\u0259 Diasporla \u0130\u015f \u00dczr\u0259 D\u00f6vl\u0259t Komit\u0259si m\u0259lumat yay\u0131b. Merin imzalad\u0131\u011f\u0131 b\u0259yannam\u0259d\u0259 1988-ci il Az\u0259rbaycan\u0131n Da\u011fl\u0131q Qaraba\u011f b\u00f6lg\u0259sind\u0259 m\u00fcnaqi\u015f\u0259nin ba\u015flamas\u0131, 1992-ci il fevral\u0131n 25-d\u0259n 26-na ke\u00e7\u0259n gec\u0259 erm\u0259ni silahl\u0131 birl\u0259\u015fm\u0259l\u0259rinin Xocal\u0131ya h\u00fccumu n\u0259tic\u0259sind\u0259 aralar\u0131nda qad\u0131nlar\u0131n, u\u015faqlar\u0131n, qocalar\u0131n oldu\u011fu 600-d\u0259n \u00e7ox m\u00fclki insan\u0131n q\u0259tl\u0259 yetirilm\u0259si bar\u0259d\u0259 m\u0259lumat verilib. S\u0259n\u0259dd\u0259 qeyd edilir ki, Xocal\u0131 soyq\u0131r\u0131m\u0131 m\u00fcharib\u0259 d\u00f6vr\u00fcnd\u0259 vurula bil\u0259n d\u0259h\u015f\u0259tli ziyan\u0131n a\u011fr\u0131l\u0131 xat\u0131rlatmas\u0131d\u0131r&hellip;<\/p>\n","protected":false},"author":2,"featured_media":302365,"comment_status":"closed","ping_status":"closed","sticky":false,"template":"","format":"standard","meta":{"om_disable_all_campaigns":false,"_monsterinsights_skip_tracking":false,"_monsterinsights_sitenote_active":false,"_monsterinsights_sitenote_note":"","_monsterinsights_sitenote_category":0},"categories":[7],"tags":[],"aioseo_notices":[],"gutentor_comment":0,"rttpg_featured_image_url":{"full":["https:\/\/arantv.az\/wp-content\/uploads\/2021\/02\/FotoJet-28.jpg",620,370,false],"landscape":["https:\/\/arantv.az\/wp-content\/uploads\/2021\/02\/FotoJet-28.jpg",620,370,false],"portraits":["https:\/\/arantv.az\/wp-content\/uploads\/2021\/02\/FotoJet-28.jpg",620,370,false],"thumbnail":["https:\/\/arantv.az\/wp-content\/uploads\/2021\/02\/FotoJet-28-150x150.jpg",150,150,true],"medium":["https:\/\/arantv.az\/wp-content\/uploads\/2021\/02\/FotoJet-28-300x179.jpg",300,179,true],"large":["https:\/\/arantv.az\/wp-content\/uploads\/2021\/02\/FotoJet-28.jpg",620,370,false],"1536x1536":["https:\/\/arantv.az\/wp-content\/uploads\/2021\/02\/FotoJet-28.jpg",620,370,false],"2048x2048":["https:\/\/arantv.az\/wp-content\/uploads\/2021\/02\/FotoJet-28.jpg",620,370,false],"post-thumbnail":["https:\/\/arantv.az\/wp-content\/uploads\/2021\/02\/FotoJet-28-240x172.jpg",240,172,true],"advps-thumb-one":["https:\/\/arantv.az\/wp-content\/uploads\/2021\/02\/FotoJet-28.jpg",620,370,false]},"rttpg_author":{"display_name":"V\u00fcsal Rafiqo\u011flu","author_link":"https:\/\/arantv.az\/?author=2"},"rttpg_comment":0,"rttpg_category":"<a href=\"https:\/\/arantv.az\/?cat=7\" rel=\"category\">D\u00fcnya<\/a>","rttpg_excerpt":"Florida \u015ftat\u0131n\u0131n Sanni Ayles Bi\u00e7 \u015f\u0259h\u0259rinin meri Corc Skoll Xocal\u0131n\u0131n 29-cu ild\u00f6n\u00fcm\u00fc il\u0259 \u0259laq\u0259dar 26 fevral 2021-ci il tarixinin Xocal\u0131 soyq\u0131r\u0131m\u0131 qurbanlar\u0131n\u0131n an\u0131m g\u00fcn\u00fc elan edilm\u0259sin\u0259 dair b\u0259yannam\u0259 imzalay\u0131b. Bu bar\u0259d\u0259 Diasporla \u0130\u015f \u00dczr\u0259 D\u00f6vl\u0259t Komit\u0259si m\u0259lumat yay\u0131b. Merin imzalad\u0131\u011f\u0131 b\u0259yannam\u0259d\u0259 1988-ci il Az\u0259rbaycan\u0131n Da\u011fl\u0131q Qaraba\u011f b\u00f6lg\u0259sind\u0259 m\u00fcnaqi\u015f\u0259nin ba\u015flamas\u0131, 1992-ci il fevral\u0131n 25-d\u0259n 26-na ke\u00e7\u0259n&hellip;","_links":{"self":[{"href":"https:\/\/arantv.az\/index.php?rest_route=\/wp\/v2\/posts\/302364"}],"collection":[{"href":"https:\/\/arantv.az\/index.php?rest_route=\/wp\/v2\/posts"}],"about":[{"href":"https:\/\/arantv.az\/index.php?rest_route=\/wp\/v2\/types\/post"}],"author":[{"embeddable":true,"href":"https:\/\/arantv.az\/index.php?rest_route=\/wp\/v2\/users\/2"}],"replies":[{"embeddable":true,"href":"https:\/\/arantv.az\/index.php?rest_route=%2Fwp%2Fv2%2Fcomments&post=302364"}],"version-history":[{"count":0,"href":"https:\/\/arantv.az\/index.php?rest_route=\/wp\/v2\/posts\/302364\/revisions"}],"wp:featuredmedia":[{"embeddable":true,"href":"https:\/\/arantv.az\/index.php?rest_route=\/wp\/v2\/media\/302365"}],"wp:attachment":[{"href":"https:\/\/arantv.az\/index.php?rest_route=%2Fwp%2Fv2%2Fmedia&parent=302364"}],"wp:term":[{"taxonomy":"category","embeddable":true,"href":"https:\/\/arantv.az\/index.php?rest_route=%2Fwp%2Fv2%2Fcategories&post=302364"},{"taxonomy":"post_tag","embeddable":true,"href":"https:\/\/arantv.az\/index.php?rest_route=%2Fwp%2Fv2%2Ftags&post=302364"}],"curies":[{"name":"wp","href":"https:\/\/api.w.org\/{rel}","templated":true}]}}